{"id":44916,"date":"2025-12-30T09:35:06","date_gmt":"2025-12-30T12:35:06","guid":{"rendered":"https:\/\/www.smartfit.com.br\/news\/?p=44916"},"modified":"2025-12-08T09:41:46","modified_gmt":"2025-12-08T12:41:46","slug":"sem-treinar-quanto-tempo-ate-sentir-a-queda-no-condicionamento-fisico","status":"publish","type":"post","link":"https:\/\/www.smartfit.com.br\/news\/fitness\/sem-treinar-quanto-tempo-ate-sentir-a-queda-no-condicionamento-fisico\/","title":{"rendered":"Sem treinar: quanto tempo at\u00e9 sentir a queda no condicionamento f\u00edsico?"},"content":{"rendered":"\n<p>Manter uma rotina de treinos consistente \u00e9 essencial, mas nem sempre conseguimos seguir o plano. E \u00e9 natural se perguntar: \u201cVou perder meu condicionamento f\u00edsico se ficar parado?\u201d&nbsp;<\/p>\n\n\n\n<p>A seguir, explicamos quanto tempo leva para perder for\u00e7a, resist\u00eancia e flexibilidade quando voc\u00ea precisa se ausentar do treino.<\/p>\n\n\n\n<h2 class=\"wp-block-heading\"><strong>Quanto tempo leva para perder o condicionamento f\u00edsico?<\/strong><\/h2>\n\n\n\n<p>A perda do condicionamento f\u00edsico, chamada destreinamento, ocorre quando o corpo come\u00e7a a reverter adapta\u00e7\u00f5es adquiridas com o treino regular. O tempo para isso depende do n\u00edvel de condicionamento anterior, idade, tipo de exerc\u00edcio e per\u00edodo de inatividade.<\/p>\n\n\n\n<h3 class=\"wp-block-heading\"><strong>Perda de resist\u00eancia cardiovascular<\/strong><\/h3>\n\n\n\n<p>O sistema cardiovascular \u00e9 um dos mais afetados. Ap\u00f3s cerca de 2 semanas sem treinar, j\u00e1 \u00e9 poss\u00edvel notar redu\u00e7\u00e3o na capacidade aer\u00f3bica. Entre a 4\u00aa e a 9\u00aa semana de inatividade, a resist\u00eancia pode cair significativamente, pois o cora\u00e7\u00e3o bombeia menos sangue e os m\u00fasculos recebem menos oxig\u00eanio.<\/p>\n\n\n\n<p>&nbsp;Al\u00e9m disso, a quantidade de enzimas respons\u00e1veis pelo metabolismo energ\u00e9tico diminui, afetando o desempenho em atividades como corrida, ciclismo ou nata\u00e7\u00e3o. Quer saber mais sobre o estudo? <a href=\"https:\/\/pubmed.ncbi.nlm.nih.gov\/3944049\/\">Clique aqui!<\/a><\/p>\n\n\n\n<h3 class=\"wp-block-heading\"><strong>Perda de for\u00e7a muscular<\/strong><\/h3>\n\n\n\n<p>A for\u00e7a muscular tende a se manter est\u00e1vel nas primeiras 2 a 3 semanas de pausa. O decl\u00ednio geralmente come\u00e7a a partir da quarta semana. A perda de for\u00e7a est\u00e1 ligada n\u00e3o apenas \u00e0 redu\u00e7\u00e3o do tamanho muscular, mas tamb\u00e9m a uma conex\u00e3o menos eficiente entre o sistema nervoso e os m\u00fasculos.<\/p>\n\n\n\n<h3 class=\"wp-block-heading\"><strong>Perda de flexibilidade e mobilidade<\/strong><\/h3>\n\n\n\n<p>Sem alongamentos regulares, m\u00fasculos e tecidos conjuntivos ficam mais r\u00edgidos. Essa diminui\u00e7\u00e3o pode ocorrer em 1 a 2 semanas, especialmente para quem passa longos per\u00edodos sentado ou sem movimento.<\/p>\n\n\n\n<h2 class=\"wp-block-heading\"><strong>Fatores que influenciam a perda de condicionamento f\u00edsico:<\/strong><\/h2>\n\n\n\n<ul class=\"wp-block-list\">\n<li>N\u00edvel de condicionamento f\u00edsico anterior: pessoas mais experientes levam mais tempo para perder a forma;<\/li>\n\n\n\n<li>Idade: com o tempo, a recupera\u00e7\u00e3o e manuten\u00e7\u00e3o do condicionamento ficam mais lentas;<\/li>\n\n\n\n<li>Dura\u00e7\u00e3o e tipo de exerc\u00edcio: treinos de alta intensidade ou esportes de resist\u00eancia deixam efeitos residuais por mais tempo.<\/li>\n<\/ul>\n\n\n\n<h2 class=\"wp-block-heading\"><strong>Como minimizar a perda de condicionamento?<\/strong><\/h2>\n\n\n\n<ul class=\"wp-block-list\">\n<li>Mantenha a atividade leve: caminhadas, alongamentos ou exerc\u00edcios de baixa intensidade ajudam a conservar parte do condicionamento;<\/li>\n\n\n\n<li>Fa\u00e7a treinos curtos: 10 a 20 minutos de exerc\u00edcios de alta intensidade (HIIT) podem ser suficientes para manter a forma;<\/li>\n\n\n\n<li>Cuide da alimenta\u00e7\u00e3o: dieta balanceada ajuda a preservar massa muscular e evitar ganho de gordura;<\/li>\n\n\n\n<li>Priorize o descanso adequado: sono e h\u00e1bitos saud\u00e1veis continuam essenciais mesmo sem treinar intensamente.<\/li>\n<\/ul>\n\n\n\n<h2 class=\"wp-block-heading\"><strong>Como recuperar a forma f\u00edsica?<\/strong><\/h2>\n\n\n\n<p>A recupera\u00e7\u00e3o ap\u00f3s um per\u00edodo parado pode ser r\u00e1pida devido \u00e0 mem\u00f3ria muscular. Os m\u00fasculos lembram das adapta\u00e7\u00f5es anteriores e recuperam tamanho e for\u00e7a mais facilmente.<\/p>\n\n\n\n<p>&nbsp;Em geral, quem retoma os treinos pode recuperar grande parte do desempenho em 4 a 6 semanas. O importante \u00e9 come\u00e7ar progressivamente com treinos de recondicionamento para evitar les\u00f5es e recuperar a forma com seguran\u00e7a.<\/p>\n\n\n\n<p><\/p>\n","protected":false},"excerpt":{"rendered":"<p>Veja o tempo que leva para perder for\u00e7a, resist\u00eancia ou flexibilidade.<\/p>\n","protected":false},"author":23,"featured_media":44917,"comment_status":"open","ping_status":"open","sticky":false,"template":"","format":"standard","meta":{"footnotes":""},"categories":[1245],"tags":[],"class_list":["post-44916","post","type-post","status-publish","format-standard","has-post-thumbnail","hentry","category-fitness"],"acf":{"banner_imagem":"","banner_link":"","banner_target":"_blank","cta":{"label":"Conhe\u00e7a a Smart Fit mais pr\u00f3xima de voc\u00ea!","link":"https:\/\/www.smartfit.com.br\/academias","target":"_blank"},"image_thumb_horizontal":"","image_thumb_vertical":"","image_carrosel":""},"aioseo_notices":[],"thumbnail_url":"https:\/\/www.smartfit.com.br\/news\/wp-content\/uploads\/2025\/12\/Sem-treinar-quanto-tempo-ate-sentir-a-queda-no-condicionamento-fisico.png","_links":{"self":[{"href":"https:\/\/www.smartfit.com.br\/news\/wp-json\/wp\/v2\/posts\/44916","targetHints":{"allow":["GET"]}}],"collection":[{"href":"https:\/\/www.smartfit.com.br\/news\/wp-json\/wp\/v2\/posts"}],"about":[{"href":"https:\/\/www.smartfit.com.br\/news\/wp-json\/wp\/v2\/types\/post"}],"author":[{"embeddable":true,"href":"https:\/\/www.smartfit.com.br\/news\/wp-json\/wp\/v2\/users\/23"}],"replies":[{"embeddable":true,"href":"https:\/\/www.smartfit.com.br\/news\/wp-json\/wp\/v2\/comments?post=44916"}],"version-history":[{"count":2,"href":"https:\/\/www.smartfit.com.br\/news\/wp-json\/wp\/v2\/posts\/44916\/revisions"}],"predecessor-version":[{"id":44919,"href":"https:\/\/www.smartfit.com.br\/news\/wp-json\/wp\/v2\/posts\/44916\/revisions\/44919"}],"wp:featuredmedia":[{"embeddable":true,"href":"https:\/\/www.smartfit.com.br\/news\/wp-json\/wp\/v2\/media\/44917"}],"wp:attachment":[{"href":"https:\/\/www.smartfit.com.br\/news\/wp-json\/wp\/v2\/media?parent=44916"}],"wp:term":[{"taxonomy":"category","embeddable":true,"href":"https:\/\/www.smartfit.com.br\/news\/wp-json\/wp\/v2\/categories?post=44916"},{"taxonomy":"post_tag","embeddable":true,"href":"https:\/\/www.smartfit.com.br\/news\/wp-json\/wp\/v2\/tags?post=44916"}],"curies":[{"name":"wp","href":"https:\/\/api.w.org\/{rel}","templated":true}]}}