{"id":40147,"date":"2023-10-09T11:19:35","date_gmt":"2023-10-09T14:19:35","guid":{"rendered":"https:\/\/www.smartfit.com.br\/news\/?p=40147"},"modified":"2023-10-09T11:19:36","modified_gmt":"2023-10-09T14:19:36","slug":"hoje-eu-tenho-maturidade-para-entender-o-quanto-a-academia-e-importante","status":"publish","type":"post","link":"https:\/\/www.smartfit.com.br\/news\/academia\/hoje-eu-tenho-maturidade-para-entender-o-quanto-a-academia-e-importante\/","title":{"rendered":"\u201cHoje eu tenho maturidade para entender o quanto a academia \u00e9 importante\u201d"},"content":{"rendered":"\n<p>Traumas e medos nascidos ainda na inf\u00e2ncia podem acompanhar uma pessoa por anos, at\u00e9 a vida adulta. O caminho para super\u00e1-los \u00e9 dif\u00edcil, mas depende de cada pessoa e \u00e9 essencial para que os obst\u00e1culos deixem de atrapalhar sua jornada.<\/p>\n\n\n\n<p>O Wagner, de 26 anos, encontrou na Smart Fit sua terapia: \u201cEu falo que a academia \u00e9 terapia, para qualquer pessoa. <a href=\"https:\/\/www.smartfit.com.br\/news\/fitness\/como-o-planejamento-te-ajuda-a-se-manter-firme-em-uma-rotina-fitness\/\" title=\"Como um bom planejamento te ajuda a se manter firme em uma rotina fitness?\">T\u00e1 estressado?<\/a> Vai treinar. T\u00e1 feliz? Vai treinar que tudo melhora\u201d.<\/p>\n\n\n\n<p>Tudo come\u00e7ou quando, ainda crian\u00e7a, Wagner se incomodava muito com o pr\u00f3prio corpo: \u201cTinha vergonha de tirar a camiseta em Educa\u00e7\u00e3o F\u00edsica. Quando voc\u00ea \u00e9 pequeno, tem aquelas brincadeiras de gordinho, que n\u00e3o s\u00e3o legais. Quando crian\u00e7a, n\u00e3o levamos isso t\u00e3o ao p\u00e9 da letra, mas isso machuca qualquer um. A gente acaba levando como um trauma para vida adulta\u201d.<\/p>\n\n\n\n<p>Apesar de morar em S\u00e3o Paulo &#8211; SP, Wagner \u00e9 cai\u00e7ara nato. Na praia, quando crian\u00e7a e adolescente, era f\u00e3 de esportes facilitados pela geografia litor\u00e2nea: surfava, jogava bola na praia, entre outros. A <a href=\"https:\/\/www.smartfit.com.br\/news\/nutricao\/ganho-de-massa-magra-como-saber-se-tenho-que-mudar-a-minha-rotina-para-aumentar-a-musculatura\/\" title=\"Ganho de massa magra: como saber se tenho que mudar a minha rotina para aumentar a musculatura?\">muscula\u00e7\u00e3o<\/a>, no entanto, nunca foi seu forte. Ele at\u00e9 frequentava uma academia de bairro para acompanhar seus amigos, mas n\u00e3o levava os treinos t\u00e3o a s\u00e9rio.<\/p>\n\n\n\n<h2 class=\"wp-block-heading\">Sa\u00fade mental: criando la\u00e7os com a academia<\/h2>\n\n\n\n<p>Um dos obst\u00e1culos para Wagner manter a const\u00e2ncia dos treinos veio na adolesc\u00eancia: com as mudan\u00e7as naturais do corpo, fica mais dif\u00edcil alcan\u00e7ar os resultados desejados. Al\u00e9m disso, ele n\u00e3o sabia como <a href=\"https:\/\/www.smartfit.com.br\/news\/saude\/exercicio-e-alimentacao-a-soma-perfeita-para-viver-mais-e-melhor\/\" title=\"Exerc\u00edcio e alimenta\u00e7\u00e3o: a soma perfeita para viver mais \u2013 e melhor!\">adequar sua dieta e treinos<\/a> para sua idade.&nbsp;<\/p>\n\n\n\n<p>Quando cresceu, entendeu que seu desinteresse por muscula\u00e7\u00e3o se devia quase inteiramente ao fato de n\u00e3o entender sobre o universo fitness. A forma que ele encontrou para se acostumar e se interessar mais pelos treinos foi estudar cada vez mais sobre a \u00e1rea.<\/p>\n\n\n\n<p>Mas o momento \u201cAgora Vai\u201d de Wagner veio, de vez, quando ele levou um p\u00e9 na bunda: \u201cVoc\u00ea quer ter foco na vida? Quer melhorar o corpo? A alimenta\u00e7\u00e3o? Tome um p\u00e9 na bunda para voc\u00ea ver. Juro! Foi um momento que eu falei assim: \u2018N\u00e3o, n\u00e3o quero mais esse corpo que eu t\u00f4. Eu vou mudar por mim e vou fazer a pessoa se arrepender de ter perdido tudo isso aqui\u2019. Mudou muito minha cabe\u00e7a depois de um t\u00e9rmino. Funcionou como uma inspira\u00e7\u00e3o para melhorar algo dentro de mim e tamb\u00e9m fora. Fez total diferen\u00e7a na minha vida\u201d.<\/p>\n\n\n\n<p>A partir de ent\u00e3o, ele criou la\u00e7os com a academia. A paix\u00e3o foi t\u00e3o grande que, hoje, Wagner estuda Educa\u00e7\u00e3o F\u00edsica e pretende se tornar um professor capaz de mudar a vida das pessoas e mostrar para elas que a pr\u00e1tica de exerc\u00edcios n\u00e3o \u00e9 s\u00f3 uma quest\u00e3o de est\u00e9tica, <a href=\"https:\/\/www.smartfit.com.br\/news\/saude\/aliviar-a-ansiedade-com-atividade-fisica\/\" title=\"\u00c9 poss\u00edvel aliviar a ansiedade com atividade f\u00edsica?\">mas tamb\u00e9m mental<\/a>.<\/p>\n\n\n\n<p>Foi com a Smart Fit que ele conseguiu encaixar a muscula\u00e7\u00e3o na sua rotina: por trabalhar em hor\u00e1rios variados e em diversos lugares do mundo, ele sentia a necessidade de se matricular em uma academia com a flexibilidade de hor\u00e1rio e presente em v\u00e1rios locais. At\u00e9 mesmo nossas unidades no M\u00e9xico e na Argentina j\u00e1 receberam o futuro educador f\u00edsico, que \u00e9 adepto do nosso Plano Black \u2013 e o indica que todos que tenham a rotina corrida como ele!<\/p>\n\n\n\n<h2 class=\"wp-block-heading\">O papel dos bons h\u00e1bitos alimentares<\/h2>\n\n\n\n<p>Quem tem uma rotina de trabalho extensa entende a dificuldade que pode ser comer bem durante a correria. E o cotidiano alimentar precisa estar muito bem alinhado com os treinos. Por isso, Wagner come\u00e7ou a cozinhar suas pr\u00f3prias refei\u00e7\u00f5es: \u201cEu sou marmiteiro. O pessoal acha que voc\u00ea precisa comer coisas super caras para manter sua dieta, mas n\u00e3o. Arroz, frango e legumes funcionam. O b\u00e1sico d\u00e1 certo para todo mundo\u201d.<\/p>\n\n\n\n<p>Al\u00e9m disso, para n\u00e3o passar fome durante o dia, Wagner prepara <a href=\"https:\/\/www.smartfit.com.br\/news\/nutricao\/receitas-para-levar-na-bolsa\/\" title=\"Para levar na bolsa: confira 5 receitas pr\u00e1ticas e saud\u00e1veis\">lanchinhos fit<\/a> e ainda faz quest\u00e3o de influenciar pessoas pr\u00f3ximas a ele: \u201cAcho importante saber o que estou comendo. Eu n\u00e3o gosto muito de comer na rua, ent\u00e3o eu levo um marmita, levo uns lanchinhos, fa\u00e7o v\u00e1rias receitas fit. At\u00e9 meus pais agora comem coisa fit\u201d.&nbsp;<\/p>\n\n\n\n<p>Ele fez de suas refei\u00e7\u00f5es um momento seguro e agrad\u00e1vel para ele, nos mostrando que \u00e9 totalmente poss\u00edvel conciliar uma alimenta\u00e7\u00e3o afetiva e saud\u00e1vel com um ritmo acelerado de vida e ainda treinar na Smart Fit todos os dias.<\/p>\n\n\n\n<h2 class=\"wp-block-heading\">Se n\u00e3o postar, n\u00e3o cresce: Incentivo a outras pessoas<\/h2>\n\n\n\n<p>Por sentir uma mudan\u00e7a t\u00e3o grande com a academia, praticar atividade f\u00edsica se tornou um conselho de vida que ele d\u00e1 para todos que o conhecem: \u201cServe para deixar voc\u00ea mais forte para encarar seus medos, seus objetivos, seus sonhos e por a\u00ed vai. Al\u00e9m de mudar o f\u00edsico, porque acho que todo mundo gosta de se olhar no espelho e ver um corpo bacana. Se voc\u00ea est\u00e1 bem com os seus resultados, \u00e9 isso que importa\u201d.<\/p>\n\n\n\n<p>Al\u00e9m de indicar a Smart Fit e mostrar para seus amigos os benef\u00edcios da muscula\u00e7\u00e3o, Wagner sempre publica seus treinos nas <a href=\"https:\/\/www.smartfit.com.br\/news\/saude\/pulseiras-e-relogios-inteligentes-ajudam-a-aumentar-a-motivacao\/\" title=\"Pulseiras e rel\u00f3gios inteligentes ajudam a aumentar a motiva\u00e7\u00e3o?\">redes sociais<\/a>. Para ele, \u00e9 uma forma de ajudar as pessoas a adotarem um novo estilo de vida, com mais qualidade, e passar uma vis\u00e3o positiva da pr\u00e1tica de atividade f\u00edsica. E a recompensa sempre vem: \u201cO que mais me faz feliz \u00e9 receber mensagens no Instagram, como \u2018voc\u00ea me influencia a treinar, a correr, a me alimentar melhor\u2019\u201d.<\/p>\n","protected":false},"excerpt":{"rendered":"<p>Conhe\u00e7a a hist\u00f3ria de um aluno da Smart Fit que conseguiu superar seus traumas de inf\u00e2ncia criando la\u00e7os com a muscula\u00e7\u00e3o e alimenta\u00e7\u00e3o saud\u00e1vel<\/p>\n","protected":false},"author":1,"featured_media":40149,"comment_status":"open","ping_status":"open","sticky":false,"template":"","format":"standard","meta":{"footnotes":""},"categories":[1301],"tags":[1478],"class_list":["post-40147","post","type-post","status-publish","format-standard","has-post-thumbnail","hentry","category-academia","tag-agora-vai"],"acf":{"banner_imagem":"","banner_link":"","banner_target":"_blank","cta":{"label":"Agora Vai!","link":"https:\/\/www.smartfit.com.br\/academias","target":"_blank"},"image_thumb_horizontal":40151,"image_thumb_vertical":40150,"image_carrosel":40152},"aioseo_notices":[],"thumbnail_url":"https:\/\/www.smartfit.com.br\/news\/wp-content\/uploads\/2023\/10\/Wagner-Gabriel-4.jpg","_links":{"self":[{"href":"https:\/\/www.smartfit.com.br\/news\/wp-json\/wp\/v2\/posts\/40147","targetHints":{"allow":["GET"]}}],"collection":[{"href":"https:\/\/www.smartfit.com.br\/news\/wp-json\/wp\/v2\/posts"}],"about":[{"href":"https:\/\/www.smartfit.com.br\/news\/wp-json\/wp\/v2\/types\/post"}],"author":[{"embeddable":true,"href":"https:\/\/www.smartfit.com.br\/news\/wp-json\/wp\/v2\/users\/1"}],"replies":[{"embeddable":true,"href":"https:\/\/www.smartfit.com.br\/news\/wp-json\/wp\/v2\/comments?post=40147"}],"version-history":[{"count":5,"href":"https:\/\/www.smartfit.com.br\/news\/wp-json\/wp\/v2\/posts\/40147\/revisions"}],"predecessor-version":[{"id":40156,"href":"https:\/\/www.smartfit.com.br\/news\/wp-json\/wp\/v2\/posts\/40147\/revisions\/40156"}],"wp:featuredmedia":[{"embeddable":true,"href":"https:\/\/www.smartfit.com.br\/news\/wp-json\/wp\/v2\/media\/40149"}],"wp:attachment":[{"href":"https:\/\/www.smartfit.com.br\/news\/wp-json\/wp\/v2\/media?parent=40147"}],"wp:term":[{"taxonomy":"category","embeddable":true,"href":"https:\/\/www.smartfit.com.br\/news\/wp-json\/wp\/v2\/categories?post=40147"},{"taxonomy":"post_tag","embeddable":true,"href":"https:\/\/www.smartfit.com.br\/news\/wp-json\/wp\/v2\/tags?post=40147"}],"curies":[{"name":"wp","href":"https:\/\/api.w.org\/{rel}","templated":true}]}}