{"id":40075,"date":"2023-10-02T18:43:04","date_gmt":"2023-10-02T21:43:04","guid":{"rendered":"https:\/\/www.smartfit.com.br\/news\/?p=40075"},"modified":"2023-10-09T16:50:22","modified_gmt":"2023-10-09T19:50:22","slug":"minha-autoestima-esta-ficando-forte-como-eu","status":"publish","type":"post","link":"https:\/\/www.smartfit.com.br\/news\/academia\/minha-autoestima-esta-ficando-forte-como-eu\/","title":{"rendered":"\u201cMinha autoestima est\u00e1 ficando forte, como eu\u201d"},"content":{"rendered":"\n<p>A vida realmente \u00e9 uma escalada. Muitas vezes, para se acreditar no processo, \u00e9 preciso acolher e transformar emo\u00e7\u00f5es dolorosas. A hist\u00f3ria de Thain\u00e1, de 24 anos, se assemelha a de muitos jovens perif\u00e9ricos que vivem rotinas exaustivas para conciliar estudos, fam\u00edlia, sa\u00fade e bem-estar.&nbsp;<\/p>\n\n\n\n<p>\u201cEu estava com uma rotina muito louca em 2018, de dormir muito pouco, comer muito mal, n\u00e3o fazer nenhum exerc\u00edcio f\u00edsico e s\u00f3 ir para faculdade chorar. Sentar na frente do professor e chorar\u201d, relembra a estudante, com a voz emocionada de quem <a href=\"https:\/\/www.smartfit.com.br\/news\/academia\/com-academia-e-rede-de-apoio-ele-venceu-a-depressao\/\" title=\"superou muitos desafios\">superou muitos desafios<\/a> para chegar at\u00e9 aqui.&nbsp;<\/p>\n\n\n\n<p>Desde que passou no vestibular de engenharia mec\u00e2nica de uma universidade p\u00fablica, ela vive em S\u00e3o Carlos. Mas o in\u00edcio dessa jornada n\u00e3o foi simples: al\u00e9m de enfrentar todos os desafios do dia a dia, ainda perdeu seu grande parceiro e incentivador de vida, o av\u00f4. Essa perda aumentou ainda mais as dificuldades do dia a dia e a fez entrar em um quadro de depress\u00e3o e ansiedade.&nbsp;<\/p>\n\n\n\n<p>\u201cO perdi de uma maneira muito dif\u00edcil. Num dia ele tava ali e a\u00ed ele deu um &#8216;tchau, menina&#8217; e no outro dia eu n\u00e3o o vi mais\u201d. O processo de luto dessa perda somado aos enfrentamentos da vida universit\u00e1ria na pandemia, fez Thain\u00e1 acumular stress e se distanciar da sua autoestima.&nbsp;<\/p>\n\n\n\n<h2 class=\"wp-block-heading\">A import\u00e2ncia de uma rede de apoio<\/h2>\n\n\n\n<p>A fam\u00edlia n\u00e3o aceitava seus problemas emocionais, mas Thain\u00e1 entendia que precisava dar um primeiro passo e come\u00e7ou a fazer um tratamento psiqui\u00e1trico escondido.&nbsp;<\/p>\n\n\n\n<p>Com o incentivo da psiquiatra, apoio dos professores universit\u00e1rios e uma rede de amigos locais, Thain\u00e1 come\u00e7ou a trabalhar na sa\u00fade mental e viu <a href=\"https:\/\/www.smartfit.com.br\/news\/saude\/exercicios-fisicos-podem-ajudar-a-saude-mental\/\" title=\"a atividade f\u00edsica como o complemento \">a atividade f\u00edsica como o complemento <\/a>que faltava em seu tratamento. \u201cA minha terapeuta tamb\u00e9m \u00e9 educadora f\u00edsica. Ela sempre fala: &#8216;Thain\u00e1, tem um trip\u00e9 para sa\u00fade mental, que \u00e9 a quest\u00e3o medicamentosa, terapia e movimentar o corpo. <strong>Voc\u00ea precisa movimentar o corpo<\/strong>&#8220;.<\/p>\n\n\n\n<p>E assim o movimento aconteceu. Come\u00e7ou caminhando pela nova cidade, ap\u00f3s tempos de isolamento, e descobriu uma academia a 400 metros da sua casa. \u201cFoi quando eu fui conhecer a cidade. Eu vi alguns pontos importantes que os veteranos falam e tinha uma Smart Fit l\u00e1\u201d, diz a atual aluna, que n\u00e3o se v\u00ea mais longe da academia.&nbsp;<\/p>\n\n\n\n<p>O come\u00e7o foi dif\u00edcil, mas bastou um tempo de adapta\u00e7\u00e3o, organiza\u00e7\u00e3o da rotina, aux\u00edlio dos profissionais presentes (que se tornaram amigos) e o respeito ao seu pr\u00f3prio ritmo, que o treino virou a paix\u00e3o da futura engenheira de S\u00e3o Carlos. \u201cEntrar na Smart Fit foi muito bom. Aprendi a n\u00e3o me comparar com outras pessoas e a colocar o exerc\u00edcio na minha agenda todos os dias. Fui indo, fui fazendo, e quando eu vi estava, como dizem, a <strong><em>rata de academ<\/em><\/strong><strong>ia\u201d.<\/strong><\/p>\n\n\n\n<p>Segundo ela, a academia se tornou uma extens\u00e3o de casa. Desde o in\u00edcio dessa jornada, o desempenho nos estudos melhorou e a disposi\u00e7\u00e3o para lidar com o dia se fortaleceu. \u201cVejo que eu tive essa for\u00e7a devido \u00e0 atividade f\u00edsica\u201d. Um progresso que veio de compreender o momento certo de fazer as coisas e de aceitar que n\u00e3o \u00e9 preciso carregar um peso maior do que se aguenta. Seja no treino ou na vida.&nbsp;<\/p>\n\n\n\n<figure class=\"wp-block-embed is-type-video is-provider-youtube wp-block-embed-youtube wp-embed-aspect-16-9 wp-has-aspect-ratio\"><div class=\"wp-block-embed__wrapper\">\n<iframe title=\"SMART FIT #AgoraVai | Thain\u00e1\" width=\"500\" height=\"281\" src=\"https:\/\/www.youtube.com\/embed\/ffqNBv-kmYo?feature=oembed\" frameborder=\"0\" allow=\"accelerometer; autoplay; clipboard-write; encrypted-media; gyroscope; picture-in-picture; web-share\" referrerpolicy=\"strict-origin-when-cross-origin\" allowfullscreen><\/iframe>\n<\/div><\/figure>\n\n\n\n<h2 class=\"wp-block-heading\">O movimento que inspirou outros passos<\/h2>\n\n\n\n<p>A mudan\u00e7a na vida de Thain\u00e1 causou tanto impacto ao seu redor, que fez muitos amigos entrarem na academia, formando um grupo do treino onde todos se incentivam a continuar.&nbsp;<\/p>\n\n\n\n<p>\u201cA gente combina um hor\u00e1rio, a\u00ed um passa na casa do outro e vai e volta junto. Cada um faz o seu treino. Cada um faz o que tem que fazer na academia. E tem sido muito legal ter essa essa companhia. \u00c9 importante porque ela fortalece a nossa continuidade, a nossa const\u00e2ncia\u201d.&nbsp;<\/p>\n\n\n\n<p>Thain\u00e1 come\u00e7ou sendo ajudada por toda uma rede de apoio e, hoje, \u00e9 a fonte inspiracional para v\u00e1rias pessoas do seu ciclo social. As dores do passado n\u00e3o a definiram e s\u00e3o usadas atualmente para conectar e ajudar pessoas.<\/p>\n\n\n\n<p>Infelizmente, falar sobre sa\u00fade mental ainda \u00e9 um tabu, mas relatos como esse podem inspirar muitas pessoas a pedirem ajuda.&nbsp;<\/p>\n\n\n\n<p>A atividade f\u00edsica tornou-se t\u00e3o parte da rotina de Thain\u00e1, que hoje ela posta seus resultados em suas redes. \u201cTodo mundo pede para mostrar os meus resultados, sabe? \u00c9 uma coisa que motiva a gente tamb\u00e9m. Gostaria muito que as pessoas pudessem vivenciar o que eu t\u00f4 vivenciando agora\u201d.&nbsp;<\/p>\n\n\n\n<p><strong>E voc\u00ea, conhece uma hist\u00f3ria inspiradora como a da Thain\u00e1? Conta tudo pra gente em suahistoria@smartfit.com.br<\/strong><\/p>\n","protected":false},"excerpt":{"rendered":"<p>O impacto da atividade f\u00edsica na vida de uma aluna Smart Fit que superou desafios e reorganizou suas emo\u00e7\u00f5es<\/p>\n","protected":false},"author":1,"featured_media":40076,"comment_status":"open","ping_status":"open","sticky":false,"template":"","format":"standard","meta":{"footnotes":""},"categories":[1301],"tags":[1478],"class_list":["post-40075","post","type-post","status-publish","format-standard","has-post-thumbnail","hentry","category-academia","tag-agora-vai"],"acf":{"banner_imagem":"","banner_link":"","banner_target":"_blank","cta":{"label":"Agora vai","link":"https:\/\/www.smartfit.com.br\/academias","target":"_blank"},"image_thumb_horizontal":40077,"image_thumb_vertical":40078,"image_carrosel":40079},"aioseo_notices":[],"thumbnail_url":"https:\/\/www.smartfit.com.br\/news\/wp-content\/uploads\/2023\/10\/thaina-banner.jpg","_links":{"self":[{"href":"https:\/\/www.smartfit.com.br\/news\/wp-json\/wp\/v2\/posts\/40075","targetHints":{"allow":["GET"]}}],"collection":[{"href":"https:\/\/www.smartfit.com.br\/news\/wp-json\/wp\/v2\/posts"}],"about":[{"href":"https:\/\/www.smartfit.com.br\/news\/wp-json\/wp\/v2\/types\/post"}],"author":[{"embeddable":true,"href":"https:\/\/www.smartfit.com.br\/news\/wp-json\/wp\/v2\/users\/1"}],"replies":[{"embeddable":true,"href":"https:\/\/www.smartfit.com.br\/news\/wp-json\/wp\/v2\/comments?post=40075"}],"version-history":[{"count":7,"href":"https:\/\/www.smartfit.com.br\/news\/wp-json\/wp\/v2\/posts\/40075\/revisions"}],"predecessor-version":[{"id":40161,"href":"https:\/\/www.smartfit.com.br\/news\/wp-json\/wp\/v2\/posts\/40075\/revisions\/40161"}],"wp:featuredmedia":[{"embeddable":true,"href":"https:\/\/www.smartfit.com.br\/news\/wp-json\/wp\/v2\/media\/40076"}],"wp:attachment":[{"href":"https:\/\/www.smartfit.com.br\/news\/wp-json\/wp\/v2\/media?parent=40075"}],"wp:term":[{"taxonomy":"category","embeddable":true,"href":"https:\/\/www.smartfit.com.br\/news\/wp-json\/wp\/v2\/categories?post=40075"},{"taxonomy":"post_tag","embeddable":true,"href":"https:\/\/www.smartfit.com.br\/news\/wp-json\/wp\/v2\/tags?post=40075"}],"curies":[{"name":"wp","href":"https:\/\/api.w.org\/{rel}","templated":true}]}}