{"id":37670,"date":"2023-05-01T11:34:00","date_gmt":"2023-05-01T14:34:00","guid":{"rendered":"https:\/\/www.smartfit.com.br\/news\/?p=37670"},"modified":"2026-01-09T19:03:53","modified_gmt":"2026-01-09T22:03:53","slug":"como-a-atividade-fisica-pode-ajudar-quem-tem-tdah","status":"publish","type":"post","link":"https:\/\/www.smartfit.com.br\/news\/saude\/como-a-atividade-fisica-pode-ajudar-quem-tem-tdah\/","title":{"rendered":"Para quem tem TDAH, como a atividade f\u00edsica pode ajudar?"},"content":{"rendered":"\n<h2 class=\"wp-block-heading\">Para come\u00e7armos, voc\u00ea sabe o que \u00e9 TDAH?&nbsp;<\/h2>\n\n\n\n<p>TDAH &#8211; Transtorno de D\u00e9ficit de Aten\u00e7\u00e3o com Hiperatividade, \u00e9 um tipo de transtorno neurobiol\u00f3gico, de causas gen\u00e9ticas, que aparece na inf\u00e2ncia e, frequentemente, acompanha o indiv\u00edduo por toda sua vida, como explica a psicanalista Andr\u00e9a Ladislau.<\/p>\n\n\n\n<p>Entre os sintomas, t\u00eam destaque a desaten\u00e7\u00e3o, inquietude e impulsividade. Com isso, o adulto com TDAH costuma ter dificuldade de organizar e planejar suas atividades do dia a dia e de concluir o que come\u00e7a. <em>\u201c\u00c9 normal que este adulto deixe trabalhos pela metade, interrompa no meio o que est\u00e1 fazendo e comece outra coisa, s\u00f3 voltando ao trabalho anterior bem mais tarde do que o pretendido ou ent\u00e3o se esquecendo dele\u201d<\/em>, diz Andr\u00e9a.<\/p>\n\n\n\n<h3 class=\"wp-block-heading\">Benef\u00edcios do exerc\u00edcio f\u00edsico para quem tem TDAH<\/h3>\n\n\n\n<p>O tratamento psicol\u00f3gico \u00e9 essencial para quem tem TDAH mas praticar atividades f\u00edsicas entra como tratamento complementar, gra\u00e7as aos seus benef\u00edcios. Veja quais s\u00e3o:<\/p>\n\n\n\n<h3 class=\"wp-block-heading\">1. Promove libera\u00e7\u00e3o de dopamina<\/h3>\n\n\n\n<p>A dopamina \u00e9 um neurotransmissor respons\u00e1vel por sentimentos de prazer e recompensa. Naqueles com TDAH, os n\u00edveis de dopamina no c\u00e9rebro tendem a ser ligeiramente mais baixos do que os da popula\u00e7\u00e3o em geral \u2013 acredita-se que isso se deva \u00e0 forma como a dopamina \u00e9 processada no c\u00e9rebro daqueles com TDAH.<\/p>\n\n\n\n<p>Muitos medicamentos para pessoas com TDAH buscam aumentar os n\u00edveis de dopamina como um meio de melhorar o foco mas, outra maneira de fazer isso \u00e9 por meio de exerc\u00edcios regulares.<\/p>\n\n\n\n<p>Em alguns casos, isso pode resultar em uma diminui\u00e7\u00e3o total da depend\u00eancia de medicamentos, embora seja importante consultar seu m\u00e9dico antes de fazer qualquer altera\u00e7\u00e3o em seu regime de medica\u00e7\u00e3o.<\/p>\n\n\n\n<h3 class=\"wp-block-heading\">2. Melhora as fun\u00e7\u00f5es executivas<\/h3>\n\n\n\n<p>Elas s\u00e3o um grupo de habilidades controladas pelo lobo frontal do c\u00e9rebro e incluem tarefas como: prestar aten\u00e7\u00e3o, gerenciar o tempo, organiza\u00e7\u00e3o e planejamento, ser multitarefa e recordar detalhes.<\/p>\n\n\n\n<p>Um <a href=\"https:\/\/www.ncbi.nlm.nih.gov\/pmc\/articles\/PMC7040528\/\">estudo<\/a> encontrou uma liga\u00e7\u00e3o entre a quantidade total de exerc\u00edcios di\u00e1rios realizados por uma pessoa e seus n\u00edveis de fun\u00e7\u00e3o executiva.&nbsp;<\/p>\n\n\n\n<p>Portanto, em pessoas com TDAH, o exerc\u00edcio regular pode ser um m\u00e9todo de tratamento promissor para melhorar a fun\u00e7\u00e3o executiva, que \u00e9 um dos principais grupos de habilidades afetados pela doen\u00e7a.<\/p>\n\n\n\n<h3 class=\"wp-block-heading\">3. Altera a sinaliza\u00e7\u00e3o do fator neurotr\u00f3fico derivado do c\u00e9rebro (FNDC)<\/h3>\n\n\n\n<p>O FNDC \u00e9 uma mol\u00e9cula chave no c\u00e9rebro que afeta o aprendizado e a mem\u00f3ria. Alguns estudos sugerem que ele pode desempenhar um papel na causa do TDAH.<\/p>\n\n\n\n<p>E um m\u00e9todo para ajudar a normalizar o FNDC \u00e9 praticar exerc\u00edcios regulares. Uma <a href=\"https:\/\/www.ncbi.nlm.nih.gov\/pmc\/articles\/PMC5033477\/\">revis\u00e3o de estudos<\/a> descobriu que o exerc\u00edcio aer\u00f3bico aumenta as concentra\u00e7\u00f5es de FNDC no corpo.<\/p>\n\n\n\n<h3 class=\"wp-block-heading\">4. Ajuda a regular o comportamento em crian\u00e7as<\/h3>\n\n\n\n<p>O exerc\u00edcio \u00e9 particularmente importante para crian\u00e7as com TDAH, j\u00e1 que muitas s\u00e3o hiperativas e o exerc\u00edcio pode ser uma sa\u00edda positiva para liberar a energia reprimida, evitando comportamentos agressivos, melhorando a ansiedade e causando menos problemas no conv\u00edvio social.<\/p>\n\n\n\n<h3 class=\"wp-block-heading\">5. Promove melhor qualidade de vida<\/h3>\n\n\n\n<p><em>\u201cAl\u00e9m desses efeitos nos sintomas usuais de TDAH, o indiv\u00edduo que sofre com esse transtorno tem alguns efeitos colaterais importantes, como: ins\u00f4nia severa; gastrites intensas; nervosismo frequente; diminui\u00e7\u00e3o do apetite e cefaleias constantes e cada vez mais fortes\u201d<\/em>, diz Andr\u00e9a.&nbsp;<\/p>\n\n\n\n<p>O exerc\u00edcio f\u00edsico frequente ajuda a regular todas essas \u00e1reas, <a href=\"https:\/\/www.smartfit.com.br\/news\/saude\/para-conquistar-qualidade-de-vida-voce-precisa-se-exercitar\/\">ajudando na melhor qualidade de vida<\/a> em geral para quem tem TDAH.<\/p>\n\n\n\n<h3 class=\"wp-block-heading\">Melhores exerc\u00edcios para jovens com TDAH<\/h3>\n\n\n\n<p>Durante a juventude, o exerc\u00edcio intencional (planos de treinos) \u00e9 menos importante do que a quantidade total de <a href=\"https:\/\/www.smartfit.com.br\/news\/fitness\/atividade-fisica-como-se-motivar\/\">atividade f\u00edsica<\/a>.<\/p>\n\n\n\n<p>Crian\u00e7as com 6 anos ou mais devem fazer pelo menos 1 hora de atividade f\u00edsica por dia para promover o desenvolvimento adequado.<\/p>\n\n\n\n<p>Alguns exemplos de como uma crian\u00e7a pode fazer 60 minutos de atividade f\u00edsica por dia incluem:<\/p>\n\n\n\n<ul class=\"wp-block-list\">\n<li>passear de bicicleta;<\/li>\n\n\n\n<li>praticar esportes;<\/li>\n\n\n\n<li>pular corda ou jogar amarelinha;<\/li>\n\n\n\n<li>fazer uma caminhada com a fam\u00edlia;<\/li>\n\n\n\n<li>participar de exerc\u00edcios em grupo para crian\u00e7as.<\/li>\n<\/ul>\n\n\n\n<h3 class=\"wp-block-heading\">Melhores exerc\u00edcios para adultos com TDAH<\/h3>\n\n\n\n<p>Quando se trata de se exercitar como adulto com TDAH, a maioria dos estudos indica principalmente exerc\u00edcios aer\u00f3bicos.<\/p>\n\n\n\n<p>Dito isso, provavelmente \u00e9 mais ben\u00e9fico incluir uma combina\u00e7\u00e3o de treinamento aer\u00f3bico e de treino de for\u00e7a para maximizar os benef\u00edcios gerais \u00e0 sa\u00fade.<\/p>\n\n\n\n<h3 class=\"wp-block-heading\">Quer saber mais sobre cuidados com a sa\u00fade mental?<\/h3>\n\n\n\n<p>Leia tamb\u00e9m:<\/p>\n\n\n\n<figure class=\"wp-block-gallery has-nested-images columns-default is-cropped wp-block-gallery-1 is-layout-flex wp-block-gallery-is-layout-flex\">\n<figure class=\"wp-block-image\"><img fetchpriority=\"high\" decoding=\"async\" width=\"306\" height=\"208\" data-id=\"21286\" src=\"https:\/\/www.smartfit.com.br\/news\/wp-content\/uploads\/2022\/06\/Exerci\u0301cios-podem-ajudar-no-bem-estar-mental-1.jpg\" alt=\"Imagem mostra mulher caminhando ao ar livre\" class=\"wp-image-21286\" srcset=\"https:\/\/www.smartfit.com.br\/news\/wp-content\/uploads\/2022\/06\/Exerci\u0301cios-podem-ajudar-no-bem-estar-mental-1.jpg 306w, https:\/\/www.smartfit.com.br\/news\/wp-content\/uploads\/2022\/06\/Exerci\u0301cios-podem-ajudar-no-bem-estar-mental-1-300x204.jpg 300w, https:\/\/www.smartfit.com.br\/news\/wp-content\/uploads\/2022\/06\/Exerci\u0301cios-podem-ajudar-no-bem-estar-mental-1-260x177.jpg 260w, https:\/\/www.smartfit.com.br\/news\/wp-content\/uploads\/2022\/06\/Exerci\u0301cios-podem-ajudar-no-bem-estar-mental-1-150x102.jpg 150w\" sizes=\"(max-width: 306px) 100vw, 306px\" \/><figcaption class=\"wp-element-caption\"><strong><a href=\"https:\/\/www.smartfit.com.br\/news\/saude\/exercicios-ajudam-no-seu-bem-estar-mental\/\" title=\"\">Exerc\u00edcios ajudam no seu bem-estar mental<\/a><\/strong><\/figcaption><\/figure>\n\n\n\n<figure class=\"wp-block-image size-full\"><img decoding=\"async\" width=\"306\" height=\"208\" data-id=\"20404\" src=\"https:\/\/www.smartfit.com.br\/news\/wp-content\/uploads\/2022\/04\/O-que-nao-dizer-para-uma-pessoa-ansiosa-1.jpg\" alt=\"O que n\u00e3o dizer para uma pessoa ansiosa | Foto: Pexels\" class=\"wp-image-20404\" srcset=\"https:\/\/www.smartfit.com.br\/news\/wp-content\/uploads\/2022\/04\/O-que-nao-dizer-para-uma-pessoa-ansiosa-1.jpg 306w, https:\/\/www.smartfit.com.br\/news\/wp-content\/uploads\/2022\/04\/O-que-nao-dizer-para-uma-pessoa-ansiosa-1-300x204.jpg 300w, https:\/\/www.smartfit.com.br\/news\/wp-content\/uploads\/2022\/04\/O-que-nao-dizer-para-uma-pessoa-ansiosa-1-260x177.jpg 260w, https:\/\/www.smartfit.com.br\/news\/wp-content\/uploads\/2022\/04\/O-que-nao-dizer-para-uma-pessoa-ansiosa-1-150x102.jpg 150w\" sizes=\"(max-width: 306px) 100vw, 306px\" \/><figcaption class=\"wp-element-caption\"><strong><a href=\"https:\/\/www.smartfit.com.br\/news\/saude\/o-que-nao-dizer-para-uma-pessoa-ansiosa\/\" title=\"\">O que n\u00e3o dizer para uma pessoa ansiosa<\/a><\/strong><\/figcaption><\/figure>\n\n\n\n<figure class=\"wp-block-image\"><img decoding=\"async\" width=\"306\" height=\"208\" data-id=\"20423\" src=\"https:\/\/www.smartfit.com.br\/news\/wp-content\/uploads\/2022\/04\/Como-os-exercicios-fisicos-podem-ajudar-a-saude-mental-1.jpg\" alt=\"Mulher com as m\u00e3os atr\u00e1s da cabe\u00e7a em uma posi\u00e7\u00e3o confort\u00e1vel olha para o alto, parecendo satisfeita\" class=\"wp-image-20423\" srcset=\"https:\/\/www.smartfit.com.br\/news\/wp-content\/uploads\/2022\/04\/Como-os-exercicios-fisicos-podem-ajudar-a-saude-mental-1.jpg 306w, https:\/\/www.smartfit.com.br\/news\/wp-content\/uploads\/2022\/04\/Como-os-exercicios-fisicos-podem-ajudar-a-saude-mental-1-300x204.jpg 300w, https:\/\/www.smartfit.com.br\/news\/wp-content\/uploads\/2022\/04\/Como-os-exercicios-fisicos-podem-ajudar-a-saude-mental-1-260x177.jpg 260w, https:\/\/www.smartfit.com.br\/news\/wp-content\/uploads\/2022\/04\/Como-os-exercicios-fisicos-podem-ajudar-a-saude-mental-1-150x102.jpg 150w\" sizes=\"(max-width: 306px) 100vw, 306px\" \/><figcaption class=\"wp-element-caption\"><strong><a href=\"https:\/\/www.smartfit.com.br\/news\/saude\/exercicios-fisicos-podem-ajudar-a-saude-mental\/\" title=\"\">Como os exerc\u00edcios f\u00edsicos podem ajudar a minha sa\u00fade mental?<\/a><\/strong><\/figcaption><\/figure>\n<\/figure>\n\n\n\n<p><\/p>\n","protected":false},"excerpt":{"rendered":"<p>Saiba mais sobre o transtorno que afeta cerca de 4% dos adultos brasileiros e como utilizar o exerc\u00edcio a seu favor<\/p>\n","protected":false},"author":12,"featured_media":37711,"comment_status":"open","ping_status":"open","sticky":false,"template":"","format":"standard","meta":{"footnotes":""},"categories":[1244],"tags":[],"class_list":["post-37670","post","type-post","status-publish","format-standard","has-post-thumbnail","hentry","category-saude"],"acf":{"banner_imagem":"","banner_link":"","banner_target":"_blank","cta":{"label":"Vem treinar na Smart Fit!","link":"https:\/\/www.smartfit.com.br\/academias?utm_source=EGM&amp;utm_medium=BLOG&amp;utm_campaign=SFBR20260109_AQS_NEWS-FIT_W02","target":"_blank"},"image_thumb_horizontal":37709,"image_thumb_vertical":37710,"image_carrosel":37711},"aioseo_notices":[],"thumbnail_url":"https:\/\/www.smartfit.com.br\/news\/wp-content\/uploads\/2023\/05\/3-SmartFitNews.jpg","_links":{"self":[{"href":"https:\/\/www.smartfit.com.br\/news\/wp-json\/wp\/v2\/posts\/37670","targetHints":{"allow":["GET"]}}],"collection":[{"href":"https:\/\/www.smartfit.com.br\/news\/wp-json\/wp\/v2\/posts"}],"about":[{"href":"https:\/\/www.smartfit.com.br\/news\/wp-json\/wp\/v2\/types\/post"}],"author":[{"embeddable":true,"href":"https:\/\/www.smartfit.com.br\/news\/wp-json\/wp\/v2\/users\/12"}],"replies":[{"embeddable":true,"href":"https:\/\/www.smartfit.com.br\/news\/wp-json\/wp\/v2\/comments?post=37670"}],"version-history":[{"count":10,"href":"https:\/\/www.smartfit.com.br\/news\/wp-json\/wp\/v2\/posts\/37670\/revisions"}],"predecessor-version":[{"id":45211,"href":"https:\/\/www.smartfit.com.br\/news\/wp-json\/wp\/v2\/posts\/37670\/revisions\/45211"}],"wp:featuredmedia":[{"embeddable":true,"href":"https:\/\/www.smartfit.com.br\/news\/wp-json\/wp\/v2\/media\/37711"}],"wp:attachment":[{"href":"https:\/\/www.smartfit.com.br\/news\/wp-json\/wp\/v2\/media?parent=37670"}],"wp:term":[{"taxonomy":"category","embeddable":true,"href":"https:\/\/www.smartfit.com.br\/news\/wp-json\/wp\/v2\/categories?post=37670"},{"taxonomy":"post_tag","embeddable":true,"href":"https:\/\/www.smartfit.com.br\/news\/wp-json\/wp\/v2\/tags?post=37670"}],"curies":[{"name":"wp","href":"https:\/\/api.w.org\/{rel}","templated":true}]}}