{"id":34928,"date":"2023-01-25T07:14:11","date_gmt":"2023-01-25T10:14:11","guid":{"rendered":"https:\/\/www.smartfit.com.br\/news\/?p=34928"},"modified":"2025-07-22T15:41:26","modified_gmt":"2025-07-22T18:41:26","slug":"voce-pode-viver-mais-adicionando-esses-exercicios-a-sua-rotina","status":"publish","type":"post","link":"https:\/\/www.smartfit.com.br\/news\/saude\/voce-pode-viver-mais-adicionando-esses-exercicios-a-sua-rotina\/","title":{"rendered":"Voc\u00ea pode viver mais adicionando esses exerc\u00edcios \u00e0 sua rotina"},"content":{"rendered":"\n<p class=\"wp-block-paragraph\"><strong>Levantar peso pode reduzir significativamente o risco de morte prematura, <\/strong>especialmente quando combinado com <a href=\"https:\/\/www.youtube.com\/watch?v=_B0mMMzKvKs&amp;ab_channel=SmartFit\"><strong>exerc\u00edcios aer\u00f3bicos<\/strong><\/a>, conforme indica um estudo do <a href=\"https:\/\/www.cancer.gov\/\"><em>National Cancer Institute<\/em><\/a>, que analisou dados de mais de 116 mil adultos ao longo de quase uma d\u00e9cada.<\/p>\n\n\n\n<h2 class=\"wp-block-heading\">Por que a combina\u00e7\u00e3o <a href=\"https:\/\/www.smartfit.com.br\/news\/saude\/caminhar-pode-garantir-uma-vida-mais-longa\/\">ajuda a ter uma vida mais longa<\/a><\/h2>\n\n\n\n<p class=\"wp-block-paragraph\">M\u00fasculos mais fortes oferecem prote\u00e7\u00e3o contra diversas doen\u00e7as cr\u00f4nicas, como diabetes tipo 2 e doen\u00e7as cardiovasculares. J\u00e1 o <a href=\"https:\/\/www.smartfit.com.br\/news\/fitness\/aerobico-antes-ou-depois-da-musculacao\/\">exerc\u00edcio aer\u00f3bico<\/a>, al\u00e9m de contribuir para o controle do peso, ajuda a reduzir o estresse e melhora o humor.<\/p>\n\n\n\n<p class=\"wp-block-paragraph\">Uma pesquisa complementar da Universidade de Harvard, publicada em 2022 no <a href=\"https:\/\/www.scirp.org\/?utm_campaign=407729893_1361196553173068&amp;utm_source=judyliu&amp;utm_medium=BingAds&amp;utm_term=academic%20journals&amp;utm_content=kwd-85076053424919:loc-20_c____147073_p&amp;msclkid=b57f79fc9ede1415070611bd4ae35561\"><strong>British Journal of Sports Medicine<\/strong><\/a>, refor\u00e7a essa conclus\u00e3o: adultos que praticam muscula\u00e7\u00e3o junto com atividades aer\u00f3bicas vivem mais e com mais qualidade:<\/p>\n\n\n\n<p class=\"wp-block-paragraph\">\u201c<em>O risco de mortalidade foi at\u00e9 47% menor em pessoas que combinavam muscula\u00e7\u00e3o e exerc\u00edcios aer\u00f3bicos regularmente<\/em>\u201d, destacam os autores.<\/p>\n\n\n\n<p class=\"wp-block-paragraph\">Al\u00e9m disso, ambientes coletivos como academias estimulam a ades\u00e3o de longo prazo, com impacto positivo na sa\u00fade mental e social.<\/p>\n\n\n\n<h3 class=\"wp-block-heading\">Detalhes do estudo<\/h3>\n\n\n\n<p class=\"wp-block-paragraph\">O estudo durou quase uma d\u00e9cada e come\u00e7ou acompanhando adultos em 1993 at\u00e9 agora.<\/p>\n\n\n\n<p class=\"wp-block-paragraph\">O que se observou foi que apenas uma ou duas sess\u00f5es por semana de muscula\u00e7\u00e3o levou a um risco 14% menor de morte.&nbsp;<\/p>\n\n\n\n<p class=\"wp-block-paragraph\">J\u00e1 a atividade aer\u00f3bica moderada a vigorosa sozinha foi associada a um risco 24 a 34% menor de morte por qualquer causa.<\/p>\n\n\n\n<p class=\"wp-block-paragraph\">O menor risco de morte, no entanto, foi naqueles que fizeram ambos os tipos de atividades f\u00edsicas, caindo de 41 a 47%.<\/p>\n\n\n\n<h2 class=\"wp-block-heading\">Quantos exerc\u00edcios de cada tipo fazer<\/h2>\n\n\n\n<p class=\"wp-block-paragraph\">O Centro de Controle e Preven\u00e7\u00e3o de Doen\u00e7as dos Estados Unidos afirma que os adultos precisam, por semana, de:<\/p>\n\n\n\n<ul class=\"wp-block-list\">\n<li>150 minutos de atividade aer\u00f3bica de intensidade moderada\u00a0<\/li>\n\n\n\n<li>Ao menos 2 dias de atividade de fortalecimento muscular<\/li>\n<\/ul>\n\n\n\n<p class=\"wp-block-paragraph\">Se voc\u00ea n\u00e3o sabe por onde come\u00e7ar, vale conhecer algumas<a href=\"https:\/\/www.smartfit.com.br\/news\/fitness\/5-coisas-que-voce-nao-sabia-sobre-exercicios-e-como-comecar-a-praticar\/\"> <strong>dicas pr\u00e1ticas para iniciar uma rotina de exerc\u00edcios<\/strong><\/a>.<\/p>\n\n\n\n<h2 class=\"wp-block-heading\">Quer viver mais e melhor? Vem treinar com a Smart Fit<\/h2>\n\n\n\n<p class=\"wp-block-paragraph\">Todos os nossos professores s\u00e3o formados e desenvolvem um treino focado nos seus objetivos, que estar\u00e1 sempre na palma da sua m\u00e3o no Smart Fit App.<\/p>\n\n\n\n<h3 class=\"wp-block-heading\">Este artigo foi \u00fatil para voc\u00ea?<\/h3>\n\n\n\n<p class=\"wp-block-paragraph\">Leia mais:<\/p>\n\n\n\n<figure class=\"wp-block-gallery has-nested-images columns-default is-cropped wp-block-gallery-1 is-layout-flex wp-block-gallery-is-layout-flex\">\n<figure class=\"wp-block-image size-full\"><img fetchpriority=\"high\" decoding=\"async\" width=\"306\" height=\"208\" data-id=\"34930\" src=\"https:\/\/www.smartfit.com.br\/news\/wp-content\/uploads\/2023\/01\/1-SmartFitNewsss-6.jpg\" alt=\"\" class=\"wp-image-34930\" srcset=\"https:\/\/www.smartfit.com.br\/news\/wp-content\/uploads\/2023\/01\/1-SmartFitNewsss-6.jpg 306w, https:\/\/www.smartfit.com.br\/news\/wp-content\/uploads\/2023\/01\/1-SmartFitNewsss-6-300x204.jpg 300w, https:\/\/www.smartfit.com.br\/news\/wp-content\/uploads\/2023\/01\/1-SmartFitNewsss-6-260x177.jpg 260w, https:\/\/www.smartfit.com.br\/news\/wp-content\/uploads\/2023\/01\/1-SmartFitNewsss-6-150x102.jpg 150w\" sizes=\"(max-width: 306px) 100vw, 306px\" \/><figcaption class=\"wp-element-caption\"><strong><a href=\"https:\/\/www.smartfit.com.br\/news\/saude\/fazer-exercicios-e-mais-importante-que-emagrecer\/\" title=\"\">Fazer exerc\u00edcios \u00e9 mais importante do que a perda de peso para uma vida mais longa<\/a><\/strong><\/figcaption><\/figure>\n\n\n\n<figure class=\"wp-block-image size-large\"><img decoding=\"async\" width=\"306\" height=\"208\" data-id=\"19456\" src=\"https:\/\/www.smartfit.com.br\/news\/wp-content\/uploads\/2022\/02\/Musculacao-e-cardio-combine-os-seus-exercicios-favoritos-1.jpg\" alt=\"Mulher levantando pesos pequenos para muscula\u00e7\u00e3o em um ambiente de academia\" class=\"wp-image-19456\" srcset=\"https:\/\/www.smartfit.com.br\/news\/wp-content\/uploads\/2022\/02\/Musculacao-e-cardio-combine-os-seus-exercicios-favoritos-1.jpg 306w, https:\/\/www.smartfit.com.br\/news\/wp-content\/uploads\/2022\/02\/Musculacao-e-cardio-combine-os-seus-exercicios-favoritos-1-300x204.jpg 300w, https:\/\/www.smartfit.com.br\/news\/wp-content\/uploads\/2022\/02\/Musculacao-e-cardio-combine-os-seus-exercicios-favoritos-1-260x177.jpg 260w, https:\/\/www.smartfit.com.br\/news\/wp-content\/uploads\/2022\/02\/Musculacao-e-cardio-combine-os-seus-exercicios-favoritos-1-150x102.jpg 150w\" sizes=\"(max-width: 306px) 100vw, 306px\" \/><figcaption class=\"wp-element-caption\"><strong><a href=\"https:\/\/www.smartfit.com.br\/news\/fitness\/musculacao-e-cardio-combine-os-seus-exercicios-favoritos\/\" title=\"\">Muscula\u00e7\u00e3o e cardio: combine os seus exerc\u00edcios favoritos<\/a><\/strong><\/figcaption><\/figure>\n\n\n\n<figure class=\"wp-block-image size-full\"><img decoding=\"async\" width=\"306\" height=\"208\" data-id=\"34931\" src=\"https:\/\/www.smartfit.com.br\/news\/wp-content\/uploads\/2023\/01\/1-SmartFitNewss-9.jpg\" alt=\"\" class=\"wp-image-34931\" srcset=\"https:\/\/www.smartfit.com.br\/news\/wp-content\/uploads\/2023\/01\/1-SmartFitNewss-9.jpg 306w, https:\/\/www.smartfit.com.br\/news\/wp-content\/uploads\/2023\/01\/1-SmartFitNewss-9-300x204.jpg 300w, https:\/\/www.smartfit.com.br\/news\/wp-content\/uploads\/2023\/01\/1-SmartFitNewss-9-260x177.jpg 260w, https:\/\/www.smartfit.com.br\/news\/wp-content\/uploads\/2023\/01\/1-SmartFitNewss-9-150x102.jpg 150w\" sizes=\"(max-width: 306px) 100vw, 306px\" \/><figcaption class=\"wp-element-caption\"><strong><a href=\"https:\/\/www.smartfit.com.br\/news\/fitness\/atividade-fisica-no-trabalho-5-exercicios-para-fazer-ate-no-escritorio\/\" title=\"\">Atividade f\u00edsica no trabalho? 5 exerc\u00edcios para fazer at\u00e9 no escrit\u00f3rio<\/a><\/strong><\/figcaption><\/figure>\n<\/figure>\n\n\n\n<p class=\"wp-block-paragraph\"><\/p>\n","protected":false},"excerpt":{"rendered":"<p>A ci\u00eancia indica essa combina\u00e7\u00e3o se voc\u00ea quer uma vida mais longa e agrad\u00e1vel<\/p>\n","protected":false},"author":12,"featured_media":34934,"comment_status":"open","ping_status":"open","sticky":false,"template":"","format":"standard","meta":{"footnotes":""},"categories":[1244],"tags":[],"class_list":["post-34928","post","type-post","status-publish","format-standard","has-post-thumbnail","hentry","category-saude"],"acf":{"banner_imagem":"","banner_link":"","banner_target":"_blank","cta":{"label":"Vem treinar na Smart Fit!","link":"https:\/\/www.smartfit.com.br\/academias","target":"_blank"},"image_thumb_horizontal":34932,"image_thumb_vertical":34933,"image_carrosel":34934},"aioseo_notices":[],"aioseo_head":"\n\t\t<!-- All in One SEO 4.9.10 - aioseo.com -->\n\t<meta name=\"description\" content=\"A ci\u00eancia indica essa combina\u00e7\u00e3o se voc\u00ea quer uma vida mais longa e agrad\u00e1vel Esteja em forma e de maneira saud\u00e1vel com os exerc\u00edcios e dicas da Smart Fit News!\" \/>\n\t<meta name=\"robots\" content=\"max-snippet:-1, max-image-preview:large, max-video-preview:-1\" \/>\n\t<meta name=\"author\" content=\"Reda\u00e7\u00e3o - Brasa\"\/>\n\t<link rel=\"canonical\" href=\"https:\/\/www.smartfit.com.br\/news\/saude\/voce-pode-viver-mais-adicionando-esses-exercicios-a-sua-rotina\/\" \/>\n\t<meta name=\"generator\" content=\"All in One SEO (AIOSEO) 4.9.10\" \/>\n\t\t<meta property=\"og:locale\" content=\"pt_BR\" \/>\n\t\t<meta property=\"og:site_name\" content=\"Smart Fit News - Fitness, Sa\u00fade, Alimenta\u00e7\u00e3o Saud\u00e1vel e mais\" \/>\n\t\t<meta property=\"og:type\" content=\"article\" \/>\n\t\t<meta property=\"og:title\" content=\"Voc\u00ea pode viver mais adicionando esses exerc\u00edcios \u00e0 sua rotina - Smart Fit News\" \/>\n\t\t<meta property=\"og:description\" content=\"A ci\u00eancia indica essa combina\u00e7\u00e3o se voc\u00ea quer uma vida mais longa e agrad\u00e1vel Esteja em forma e de maneira saud\u00e1vel com os exerc\u00edcios e dicas da Smart Fit News!\" \/>\n\t\t<meta property=\"og:url\" content=\"https:\/\/www.smartfit.com.br\/news\/saude\/voce-pode-viver-mais-adicionando-esses-exercicios-a-sua-rotina\/\" \/>\n\t\t<meta property=\"og:image\" content=\"https:\/\/www.smartfit.com.br\/news\/wp-content\/uploads\/2023\/01\/3-SmartFitNews-17.jpg\" \/>\n\t\t<meta property=\"og:image:secure_url\" content=\"https:\/\/www.smartfit.com.br\/news\/wp-content\/uploads\/2023\/01\/3-SmartFitNews-17.jpg\" \/>\n\t\t<meta property=\"og:image:width\" content=\"1296\" \/>\n\t\t<meta property=\"og:image:height\" content=\"522\" \/>\n\t\t<meta property=\"article:published_time\" content=\"2023-01-25T10:14:11+00:00\" \/>\n\t\t<meta property=\"article:modified_time\" content=\"2025-07-22T18:41:26+00:00\" \/>\n\t\t<meta property=\"article:publisher\" content=\"https:\/\/www.facebook.com\/SmartFit.Oficial\/\" \/>\n\t\t<meta name=\"twitter:card\" content=\"summary\" \/>\n\t\t<meta name=\"twitter:site\" content=\"@SmartFitOficial\" \/>\n\t\t<meta name=\"twitter:title\" content=\"Voc\u00ea pode viver mais adicionando esses exerc\u00edcios \u00e0 sua rotina - Smart Fit News\" \/>\n\t\t<meta name=\"twitter:description\" content=\"A ci\u00eancia indica essa combina\u00e7\u00e3o se voc\u00ea quer uma vida mais longa e agrad\u00e1vel Esteja em forma e de maneira saud\u00e1vel com os exerc\u00edcios e dicas da Smart Fit News!\" \/>\n\t\t<meta name=\"twitter:creator\" content=\"@SmartFitOficial\" \/>\n\t\t<meta name=\"twitter:image\" content=\"https:\/\/www.smartfit.com.br\/news\/wp-content\/uploads\/2023\/01\/3-SmartFitNews-17.jpg\" \/>\n\t\t<script type=\"application\/ld+json\" class=\"aioseo-schema\">\n\t\t\t{\"@context\":\"https:\\\/\\\/schema.org\",\"@graph\":[{\"@type\":\"BlogPosting\",\"@id\":\"https:\\\/\\\/www.smartfit.com.br\\\/news\\\/saude\\\/voce-pode-viver-mais-adicionando-esses-exercicios-a-sua-rotina\\\/#blogposting\",\"name\":\"Voc\\u00ea pode viver mais adicionando esses exerc\\u00edcios \\u00e0 sua rotina - Smart Fit News\",\"description\":\"A ci\\u00eancia indica essa combina\\u00e7\\u00e3o se voc\\u00ea quer uma vida mais longa e agrad\\u00e1vel Esteja em forma e de maneira saud\\u00e1vel com os exerc\\u00edcios e dicas da Smart Fit News!\",\"inLanguage\":\"pt-BR\",\"headline\":\"Voc\\u00ea pode viver mais adicionando esses exerc\\u00edcios \\u00e0 sua rotina\",\"author\":{\"@id\":\"https:\\\/\\\/www.smartfit.com.br\\\/news\\\/author\\\/eclaudino\\\/#author\"},\"publisher\":{\"@id\":\"https:\\\/\\\/www.smartfit.com.br\\\/news\\\/#organization\"},\"datePublished\":\"2023-01-25T10:14:11-03:00\",\"dateModified\":\"2025-07-22T18:41:26-03:00\",\"articleSection\":\"Sa\\u00fade\",\"mainEntityOfPage\":{\"@id\":\"https:\\\/\\\/www.smartfit.com.br\\\/news\\\/saude\\\/voce-pode-viver-mais-adicionando-esses-exercicios-a-sua-rotina\\\/#webpage\"},\"isPartOf\":{\"@id\":\"https:\\\/\\\/www.smartfit.com.br\\\/news\\\/saude\\\/voce-pode-viver-mais-adicionando-esses-exercicios-a-sua-rotina\\\/#webpage\"},\"image\":{\"@type\":\"ImageObject\",\"url\":\"https:\\\/\\\/www.smartfit.com.br\\\/news\\\/wp-content\\\/uploads\\\/2023\\\/01\\\/3-SmartFitNews-17.jpg\",\"@id\":\"https:\\\/\\\/www.smartfit.com.br\\\/news\\\/saude\\\/voce-pode-viver-mais-adicionando-esses-exercicios-a-sua-rotina\\\/#articleImage\",\"width\":1296,\"height\":522,\"caption\":\"Voc\\u00ea pode viver mais adicionando esses exerc\\u00edcios \\u00e0 sua rotina I Imagem ilustrativa.\"}},{\"@type\":\"BreadcrumbList\",\"@id\":\"https:\\\/\\\/www.smartfit.com.br\\\/news\\\/saude\\\/voce-pode-viver-mais-adicionando-esses-exercicios-a-sua-rotina\\\/#breadcrumblist\",\"itemListElement\":[{\"@type\":\"ListItem\",\"@id\":\"https:\\\/\\\/www.smartfit.com.br\\\/news#listItem\",\"position\":1,\"name\":\"Smart Fit News\",\"item\":\"https:\\\/\\\/www.smartfit.com.br\\\/news\",\"nextItem\":{\"@type\":\"ListItem\",\"@id\":\"https:\\\/\\\/www.smartfit.com.br\\\/news\\\/saude\\\/#listItem\",\"name\":\"Sa\\u00fade\"}},{\"@type\":\"ListItem\",\"@id\":\"https:\\\/\\\/www.smartfit.com.br\\\/news\\\/saude\\\/#listItem\",\"position\":2,\"name\":\"Sa\\u00fade\",\"item\":\"https:\\\/\\\/www.smartfit.com.br\\\/news\\\/saude\\\/\",\"nextItem\":{\"@type\":\"ListItem\",\"@id\":\"https:\\\/\\\/www.smartfit.com.br\\\/news\\\/saude\\\/voce-pode-viver-mais-adicionando-esses-exercicios-a-sua-rotina\\\/#listItem\",\"name\":\"Voc\\u00ea pode viver mais adicionando esses exerc\\u00edcios \\u00e0 sua rotina\"},\"previousItem\":{\"@type\":\"ListItem\",\"@id\":\"https:\\\/\\\/www.smartfit.com.br\\\/news#listItem\",\"name\":\"Smart Fit News\"}},{\"@type\":\"ListItem\",\"@id\":\"https:\\\/\\\/www.smartfit.com.br\\\/news\\\/saude\\\/voce-pode-viver-mais-adicionando-esses-exercicios-a-sua-rotina\\\/#listItem\",\"position\":3,\"name\":\"Voc\\u00ea pode viver mais adicionando esses exerc\\u00edcios \\u00e0 sua rotina\",\"previousItem\":{\"@type\":\"ListItem\",\"@id\":\"https:\\\/\\\/www.smartfit.com.br\\\/news\\\/saude\\\/#listItem\",\"name\":\"Sa\\u00fade\"}}]},{\"@type\":\"Organization\",\"@id\":\"https:\\\/\\\/www.smartfit.com.br\\\/news\\\/#organization\",\"name\":\"Smartfit News\",\"description\":\"Fitness, Sa\\u00fade, Alimenta\\u00e7\\u00e3o Saud\\u00e1vel e mais\",\"url\":\"https:\\\/\\\/www.smartfit.com.br\\\/news\\\/\",\"logo\":{\"@type\":\"ImageObject\",\"url\":\"https:\\\/\\\/www.smartfit.com.br\\\/news\\\/wp-content\\\/uploads\\\/2020\\\/04\\\/logo-smart-fit-news-square.png\",\"@id\":\"https:\\\/\\\/www.smartfit.com.br\\\/news\\\/saude\\\/voce-pode-viver-mais-adicionando-esses-exercicios-a-sua-rotina\\\/#organizationLogo\",\"width\":200,\"height\":200},\"image\":{\"@id\":\"https:\\\/\\\/www.smartfit.com.br\\\/news\\\/saude\\\/voce-pode-viver-mais-adicionando-esses-exercicios-a-sua-rotina\\\/#organizationLogo\"},\"sameAs\":[\"https:\\\/\\\/www.facebook.com\\\/SmartFit.Oficial\\\/\",\"https:\\\/\\\/twitter.com\\\/SmartFitOficial\",\"https:\\\/\\\/www.instagram.com\\\/smartfit\\\/\",\"https:\\\/\\\/www.youtube.com\\\/user\\\/smartfitacademia\"]},{\"@type\":\"WebPage\",\"@id\":\"https:\\\/\\\/www.smartfit.com.br\\\/news\\\/saude\\\/voce-pode-viver-mais-adicionando-esses-exercicios-a-sua-rotina\\\/#webpage\",\"url\":\"https:\\\/\\\/www.smartfit.com.br\\\/news\\\/saude\\\/voce-pode-viver-mais-adicionando-esses-exercicios-a-sua-rotina\\\/\",\"name\":\"Voc\\u00ea pode viver mais adicionando esses exerc\\u00edcios \\u00e0 sua rotina - Smart Fit News\",\"description\":\"A ci\\u00eancia indica essa combina\\u00e7\\u00e3o se voc\\u00ea quer uma vida mais longa e agrad\\u00e1vel Esteja em forma e de maneira saud\\u00e1vel com os exerc\\u00edcios e dicas da Smart Fit News!\",\"inLanguage\":\"pt-BR\",\"isPartOf\":{\"@id\":\"https:\\\/\\\/www.smartfit.com.br\\\/news\\\/#website\"},\"breadcrumb\":{\"@id\":\"https:\\\/\\\/www.smartfit.com.br\\\/news\\\/saude\\\/voce-pode-viver-mais-adicionando-esses-exercicios-a-sua-rotina\\\/#breadcrumblist\"},\"author\":\"https:\\\/\\\/www.smartfit.com.br\\\/news\\\/author\\\/eclaudino\\\/#author\",\"creator\":\"https:\\\/\\\/www.smartfit.com.br\\\/news\\\/author\\\/eclaudino\\\/#author\",\"image\":{\"@type\":\"ImageObject\",\"url\":\"https:\\\/\\\/www.smartfit.com.br\\\/news\\\/wp-content\\\/uploads\\\/2023\\\/01\\\/3-SmartFitNews-17.jpg\",\"@id\":\"https:\\\/\\\/www.smartfit.com.br\\\/news\\\/saude\\\/voce-pode-viver-mais-adicionando-esses-exercicios-a-sua-rotina\\\/#mainImage\",\"width\":1296,\"height\":522,\"caption\":\"Voc\\u00ea pode viver mais adicionando esses exerc\\u00edcios \\u00e0 sua rotina I Imagem ilustrativa.\"},\"primaryImageOfPage\":{\"@id\":\"https:\\\/\\\/www.smartfit.com.br\\\/news\\\/saude\\\/voce-pode-viver-mais-adicionando-esses-exercicios-a-sua-rotina\\\/#mainImage\"},\"datePublished\":\"2023-01-25T10:14:11-03:00\",\"dateModified\":\"2025-07-22T18:41:26-03:00\"},{\"@type\":\"WebSite\",\"@id\":\"https:\\\/\\\/www.smartfit.com.br\\\/news\\\/#website\",\"url\":\"https:\\\/\\\/www.smartfit.com.br\\\/news\\\/\",\"name\":\"Smart Fit News\",\"description\":\"Fitness, Sa\\u00fade, Alimenta\\u00e7\\u00e3o Saud\\u00e1vel e mais\",\"inLanguage\":\"pt-BR\",\"publisher\":{\"@id\":\"https:\\\/\\\/www.smartfit.com.br\\\/news\\\/#organization\"}}]}\n\t\t<\/script>\n\t\t<!-- All in One SEO -->\n\n","aioseo_head_json":{"title":"Voc\u00ea pode viver mais adicionando esses exerc\u00edcios \u00e0 sua rotina - Smart Fit News","description":"A ci\u00eancia indica essa combina\u00e7\u00e3o se voc\u00ea quer uma vida mais longa e agrad\u00e1vel Esteja em forma e de maneira saud\u00e1vel com os exerc\u00edcios e dicas da Smart Fit News!","canonical_url":"https:\/\/www.smartfit.com.br\/news\/saude\/voce-pode-viver-mais-adicionando-esses-exercicios-a-sua-rotina\/","robots":"max-snippet:-1, max-image-preview:large, max-video-preview:-1","keywords":"","webmasterTools":{"miscellaneous":""},"schema":{"@context":"https:\/\/schema.org","@graph":[{"@type":"BlogPosting","@id":"https:\/\/www.smartfit.com.br\/news\/saude\/voce-pode-viver-mais-adicionando-esses-exercicios-a-sua-rotina\/#blogposting","name":"Voc\u00ea pode viver mais adicionando esses exerc\u00edcios \u00e0 sua rotina - Smart Fit News","description":"A ci\u00eancia indica essa combina\u00e7\u00e3o se voc\u00ea quer uma vida mais longa e agrad\u00e1vel Esteja em forma e de maneira saud\u00e1vel com os exerc\u00edcios e dicas da Smart Fit News!","inLanguage":"pt-BR","headline":"Voc\u00ea pode viver mais adicionando esses exerc\u00edcios \u00e0 sua rotina","author":{"@id":"https:\/\/www.smartfit.com.br\/news\/author\/eclaudino\/#author"},"publisher":{"@id":"https:\/\/www.smartfit.com.br\/news\/#organization"},"datePublished":"2023-01-25T10:14:11-03:00","dateModified":"2025-07-22T18:41:26-03:00","articleSection":"Sa\u00fade","mainEntityOfPage":{"@id":"https:\/\/www.smartfit.com.br\/news\/saude\/voce-pode-viver-mais-adicionando-esses-exercicios-a-sua-rotina\/#webpage"},"isPartOf":{"@id":"https:\/\/www.smartfit.com.br\/news\/saude\/voce-pode-viver-mais-adicionando-esses-exercicios-a-sua-rotina\/#webpage"},"image":{"@type":"ImageObject","url":"https:\/\/www.smartfit.com.br\/news\/wp-content\/uploads\/2023\/01\/3-SmartFitNews-17.jpg","@id":"https:\/\/www.smartfit.com.br\/news\/saude\/voce-pode-viver-mais-adicionando-esses-exercicios-a-sua-rotina\/#articleImage","width":1296,"height":522,"caption":"Voc\u00ea pode viver mais adicionando esses exerc\u00edcios \u00e0 sua rotina I Imagem ilustrativa."}},{"@type":"BreadcrumbList","@id":"https:\/\/www.smartfit.com.br\/news\/saude\/voce-pode-viver-mais-adicionando-esses-exercicios-a-sua-rotina\/#breadcrumblist","itemListElement":[{"@type":"ListItem","@id":"https:\/\/www.smartfit.com.br\/news#listItem","position":1,"name":"Smart Fit News","item":"https:\/\/www.smartfit.com.br\/news","nextItem":{"@type":"ListItem","@id":"https:\/\/www.smartfit.com.br\/news\/saude\/#listItem","name":"Sa\u00fade"}},{"@type":"ListItem","@id":"https:\/\/www.smartfit.com.br\/news\/saude\/#listItem","position":2,"name":"Sa\u00fade","item":"https:\/\/www.smartfit.com.br\/news\/saude\/","nextItem":{"@type":"ListItem","@id":"https:\/\/www.smartfit.com.br\/news\/saude\/voce-pode-viver-mais-adicionando-esses-exercicios-a-sua-rotina\/#listItem","name":"Voc\u00ea pode viver mais adicionando esses exerc\u00edcios \u00e0 sua rotina"},"previousItem":{"@type":"ListItem","@id":"https:\/\/www.smartfit.com.br\/news#listItem","name":"Smart Fit News"}},{"@type":"ListItem","@id":"https:\/\/www.smartfit.com.br\/news\/saude\/voce-pode-viver-mais-adicionando-esses-exercicios-a-sua-rotina\/#listItem","position":3,"name":"Voc\u00ea pode viver mais adicionando esses exerc\u00edcios \u00e0 sua rotina","previousItem":{"@type":"ListItem","@id":"https:\/\/www.smartfit.com.br\/news\/saude\/#listItem","name":"Sa\u00fade"}}]},{"@type":"Organization","@id":"https:\/\/www.smartfit.com.br\/news\/#organization","name":"Smartfit News","description":"Fitness, Sa\u00fade, Alimenta\u00e7\u00e3o Saud\u00e1vel e mais","url":"https:\/\/www.smartfit.com.br\/news\/","logo":{"@type":"ImageObject","url":"https:\/\/www.smartfit.com.br\/news\/wp-content\/uploads\/2020\/04\/logo-smart-fit-news-square.png","@id":"https:\/\/www.smartfit.com.br\/news\/saude\/voce-pode-viver-mais-adicionando-esses-exercicios-a-sua-rotina\/#organizationLogo","width":200,"height":200},"image":{"@id":"https:\/\/www.smartfit.com.br\/news\/saude\/voce-pode-viver-mais-adicionando-esses-exercicios-a-sua-rotina\/#organizationLogo"},"sameAs":["https:\/\/www.facebook.com\/SmartFit.Oficial\/","https:\/\/twitter.com\/SmartFitOficial","https:\/\/www.instagram.com\/smartfit\/","https:\/\/www.youtube.com\/user\/smartfitacademia"]},{"@type":"WebPage","@id":"https:\/\/www.smartfit.com.br\/news\/saude\/voce-pode-viver-mais-adicionando-esses-exercicios-a-sua-rotina\/#webpage","url":"https:\/\/www.smartfit.com.br\/news\/saude\/voce-pode-viver-mais-adicionando-esses-exercicios-a-sua-rotina\/","name":"Voc\u00ea pode viver mais adicionando esses exerc\u00edcios \u00e0 sua rotina - Smart Fit News","description":"A ci\u00eancia indica essa combina\u00e7\u00e3o se voc\u00ea quer uma vida mais longa e agrad\u00e1vel Esteja em forma e de maneira saud\u00e1vel com os exerc\u00edcios e dicas da Smart Fit News!","inLanguage":"pt-BR","isPartOf":{"@id":"https:\/\/www.smartfit.com.br\/news\/#website"},"breadcrumb":{"@id":"https:\/\/www.smartfit.com.br\/news\/saude\/voce-pode-viver-mais-adicionando-esses-exercicios-a-sua-rotina\/#breadcrumblist"},"author":"https:\/\/www.smartfit.com.br\/news\/author\/eclaudino\/#author","creator":"https:\/\/www.smartfit.com.br\/news\/author\/eclaudino\/#author","image":{"@type":"ImageObject","url":"https:\/\/www.smartfit.com.br\/news\/wp-content\/uploads\/2023\/01\/3-SmartFitNews-17.jpg","@id":"https:\/\/www.smartfit.com.br\/news\/saude\/voce-pode-viver-mais-adicionando-esses-exercicios-a-sua-rotina\/#mainImage","width":1296,"height":522,"caption":"Voc\u00ea pode viver mais adicionando esses exerc\u00edcios \u00e0 sua rotina I Imagem ilustrativa."},"primaryImageOfPage":{"@id":"https:\/\/www.smartfit.com.br\/news\/saude\/voce-pode-viver-mais-adicionando-esses-exercicios-a-sua-rotina\/#mainImage"},"datePublished":"2023-01-25T10:14:11-03:00","dateModified":"2025-07-22T18:41:26-03:00"},{"@type":"WebSite","@id":"https:\/\/www.smartfit.com.br\/news\/#website","url":"https:\/\/www.smartfit.com.br\/news\/","name":"Smart Fit News","description":"Fitness, Sa\u00fade, Alimenta\u00e7\u00e3o Saud\u00e1vel e mais","inLanguage":"pt-BR","publisher":{"@id":"https:\/\/www.smartfit.com.br\/news\/#organization"}}]},"og:locale":"pt_BR","og:site_name":"Smart Fit News - Fitness, Sa\u00fade, Alimenta\u00e7\u00e3o Saud\u00e1vel e mais","og:type":"article","og:title":"Voc\u00ea pode viver mais adicionando esses exerc\u00edcios \u00e0 sua rotina - Smart Fit News","og:description":"A ci\u00eancia indica essa combina\u00e7\u00e3o se voc\u00ea quer uma vida mais longa e agrad\u00e1vel Esteja em forma e de maneira saud\u00e1vel com os exerc\u00edcios e dicas da Smart Fit News!","og:url":"https:\/\/www.smartfit.com.br\/news\/saude\/voce-pode-viver-mais-adicionando-esses-exercicios-a-sua-rotina\/","og:image":"https:\/\/www.smartfit.com.br\/news\/wp-content\/uploads\/2023\/01\/3-SmartFitNews-17.jpg","og:image:secure_url":"https:\/\/www.smartfit.com.br\/news\/wp-content\/uploads\/2023\/01\/3-SmartFitNews-17.jpg","og:image:width":1296,"og:image:height":522,"article:published_time":"2023-01-25T10:14:11+00:00","article:modified_time":"2025-07-22T18:41:26+00:00","article:publisher":"https:\/\/www.facebook.com\/SmartFit.Oficial\/","twitter:card":"summary","twitter:site":"@SmartFitOficial","twitter:title":"Voc\u00ea pode viver mais adicionando esses exerc\u00edcios \u00e0 sua rotina - Smart Fit News","twitter:description":"A ci\u00eancia indica essa combina\u00e7\u00e3o se voc\u00ea quer uma vida mais longa e agrad\u00e1vel Esteja em forma e de maneira saud\u00e1vel com os exerc\u00edcios e dicas da Smart Fit News!","twitter:creator":"@SmartFitOficial","twitter:image":"https:\/\/www.smartfit.com.br\/news\/wp-content\/uploads\/2023\/01\/3-SmartFitNews-17.jpg"},"aioseo_meta_data":{"post_id":"34928","title":"#post_title #separator_sa #site_title","description":"#post_excerpt Esteja em forma e de maneira saud\u00e1vel com os exerc\u00edcios e dicas da Smart Fit News!","keywords":null,"keyphrases":{"focus":{"keyphrase":"exerc\u00edcios","score":82,"analysis":{"keyphraseInTitle":{"score":9,"maxScore":9,"error":0},"keyphraseInDescription":{"score":9,"maxScore":9,"error":0},"keyphraseLength":{"score":9,"maxScore":9,"error":0,"length":2},"keyphraseInURL":{"score":5,"maxScore":5,"error":0},"keyphraseInIntroduction":{"score":9,"maxScore":9,"error":0},"keyphraseInSubHeadings":{"score":3,"maxScore":9,"error":1},"keyphraseInImageAlt":{"score":3,"maxScore":9,"error":1},"keywordDensity":{"type":"best","score":9,"maxScore":9,"error":0}}},"additional":[]},"primary_term":null,"canonical_url":null,"og_title":null,"og_description":null,"og_object_type":"default","og_image_type":"default","og_image_url":null,"og_image_width":null,"og_image_height":null,"og_image_custom_url":null,"og_image_custom_fields":null,"og_video":"","og_custom_url":null,"og_article_section":null,"og_article_tags":null,"twitter_use_og":false,"twitter_card":"default","twitter_image_type":"default","twitter_image_url":null,"twitter_image_custom_url":null,"twitter_image_custom_fields":null,"twitter_title":null,"twitter_description":null,"schema":{"blockGraphs":[],"customGraphs":[],"default":{"data":{"Article":[],"Course":[],"Dataset":[],"FAQPage":[],"Movie":[],"Person":[],"Product":[],"ProductReview":[],"Car":[],"Recipe":[],"Service":[],"SoftwareApplication":[],"WebPage":[]},"graphName":"BlogPosting","isEnabled":true},"graphs":[]},"schema_type":"default","schema_type_options":null,"pillar_content":false,"robots_default":true,"robots_noindex":false,"robots_noarchive":false,"robots_nosnippet":false,"robots_nofollow":false,"robots_noimageindex":false,"robots_noodp":false,"robots_notranslate":false,"robots_max_snippet":"-1","robots_max_videopreview":"-1","robots_max_imagepreview":"large","priority":null,"frequency":"default","local_seo":null,"breadcrumb_settings":null,"limit_modified_date":false,"ai":{"faqs":[],"keyPoints":[],"titles":[],"descriptions":[],"socialPosts":{"email":[],"linkedin":[],"twitter":[],"facebook":[],"instagram":[]}},"created":"2023-01-27 10:30:36","updated":"2025-07-22 18:55:18","seo_analyzer_scan_date":null},"aioseo_breadcrumb":"<div class=\"aioseo-breadcrumbs\"><span class=\"aioseo-breadcrumb\">\n\t\t\t<a href=\"https:\/\/www.smartfit.com.br\/news\" title=\"Smart Fit News\">Smart Fit News<\/a>\n\t\t<\/span><span class=\"aioseo-breadcrumb-separator\">\u00bb<\/span><span class=\"aioseo-breadcrumb\">\n\t\t\t<a href=\"https:\/\/www.smartfit.com.br\/news\/saude\/\" title=\"Sa\u00fade\">Sa\u00fade<\/a>\n\t\t<\/span><span class=\"aioseo-breadcrumb-separator\">\u00bb<\/span><span class=\"aioseo-breadcrumb\">\n\t\t\tVoc\u00ea pode viver mais adicionando esses exerc\u00edcios \u00e0 sua rotina\n\t\t<\/span><\/div>","aioseo_breadcrumb_json":[{"label":"Smart Fit News","link":"https:\/\/www.smartfit.com.br\/news"},{"label":"Sa\u00fade","link":"https:\/\/www.smartfit.com.br\/news\/saude\/"},{"label":"Voc\u00ea pode viver mais adicionando esses exerc\u00edcios \u00e0 sua rotina","link":"https:\/\/www.smartfit.com.br\/news\/saude\/voce-pode-viver-mais-adicionando-esses-exercicios-a-sua-rotina\/"}],"thumbnail_url":"https:\/\/www.smartfit.com.br\/news\/wp-content\/uploads\/2023\/01\/3-SmartFitNews-17.jpg","_links":{"self":[{"href":"https:\/\/www.smartfit.com.br\/news\/wp-json\/wp\/v2\/posts\/34928","targetHints":{"allow":["GET"]}}],"collection":[{"href":"https:\/\/www.smartfit.com.br\/news\/wp-json\/wp\/v2\/posts"}],"about":[{"href":"https:\/\/www.smartfit.com.br\/news\/wp-json\/wp\/v2\/types\/post"}],"author":[{"embeddable":true,"href":"https:\/\/www.smartfit.com.br\/news\/wp-json\/wp\/v2\/users\/12"}],"replies":[{"embeddable":true,"href":"https:\/\/www.smartfit.com.br\/news\/wp-json\/wp\/v2\/comments?post=34928"}],"version-history":[{"count":4,"href":"https:\/\/www.smartfit.com.br\/news\/wp-json\/wp\/v2\/posts\/34928\/revisions"}],"predecessor-version":[{"id":44117,"href":"https:\/\/www.smartfit.com.br\/news\/wp-json\/wp\/v2\/posts\/34928\/revisions\/44117"}],"wp:featuredmedia":[{"embeddable":true,"href":"https:\/\/www.smartfit.com.br\/news\/wp-json\/wp\/v2\/media\/34934"}],"wp:attachment":[{"href":"https:\/\/www.smartfit.com.br\/news\/wp-json\/wp\/v2\/media?parent=34928"}],"wp:term":[{"taxonomy":"category","embeddable":true,"href":"https:\/\/www.smartfit.com.br\/news\/wp-json\/wp\/v2\/categories?post=34928"},{"taxonomy":"post_tag","embeddable":true,"href":"https:\/\/www.smartfit.com.br\/news\/wp-json\/wp\/v2\/tags?post=34928"}],"curies":[{"name":"wp","href":"https:\/\/api.w.org\/{rel}","templated":true}]}}