{"id":34910,"date":"2023-01-23T09:48:00","date_gmt":"2023-01-23T12:48:00","guid":{"rendered":"https:\/\/www.smartfit.com.br\/news\/?p=34910"},"modified":"2023-02-08T16:41:57","modified_gmt":"2023-02-08T19:41:57","slug":"treino-x-calvicie","status":"publish","type":"post","link":"https:\/\/www.smartfit.com.br\/news\/saude\/treino-x-calvicie\/","title":{"rendered":"Treino X Calv\u00edcie"},"content":{"rendered":"\n<p>Voc\u00ea pode achar que est\u00e1 sozinho nessa, mas a realidade \u00e9 que, aos 35 anos, dois ter\u00e7os dos homens experimentam algum tipo de queda de cabelo, de acordo com a American Hair Loss Association. E algumas mulheres tamb\u00e9m sofrem do mesmo problema.<\/p>\n\n\n\n<p>Mas, enquanto exerc\u00edcio <a href=\"https:\/\/www.smartfit.com.br\/news\/saude\/como-ter-uma-boa-saude\/\">melhora a sa\u00fade do corpo<\/a> de forma geral, ser\u00e1 que a pr\u00e1tica ajuda tamb\u00e9m na queda de cabelo? Vamos descobrir:<\/p>\n\n\n\n<h2 class=\"wp-block-heading\">Circula\u00e7\u00e3o sangu\u00ednea X calv\u00edcie<\/h2>\n\n\n\n<p>Sim, o exerc\u00edcio regular pode ajudar a diminuir algumas formas de perda de cabelo (como as causadas por estresse), pois melhora a sa\u00fade geral e a circula\u00e7\u00e3o, incluindo na regi\u00e3o do couro cabeludo, levando a um ciclo capilar mais saud\u00e1vel.<\/p>\n\n\n\n<p>Al\u00e9m disso, \u00e0 parte da gen\u00e9tica, outros fatores envolvidos no desencadeamento e piora da calv\u00edcie s\u00e3o as mudan\u00e7as hormonais. <em>\u201cDesequil\u00edbrios nos n\u00edveis de cortisol em momentos de estresse, dos horm\u00f4nios andr\u00f3genos, como a testosterona, e dos horm\u00f4nios femininos em fases como a menopausa e a gesta\u00e7\u00e3o podem provocar e acentuar o afinamento dos fios\u201d<\/em>, alerta o m\u00e9dico Daniel Cassiano, dermatologista da Cl\u00ednica GRU Sa\u00fade e membro da Sociedade Brasileira de Dermatologia (SBD).<\/p>\n\n\n\n<p>A pr\u00e1tica regular de <a href=\"https:\/\/www.smartfit.com.br\/news\/saude\/exercicios-ajudam-no-seu-bem-estar-mental\/\">exerc\u00edcios<\/a> \u00e9 um dos principais pilares para manter todos esses horm\u00f4nios equilibrados.<\/p>\n\n\n\n<p>Mas tem alguns cuidados que precisam ser tomados:<\/p>\n\n\n\n<h3 class=\"wp-block-heading\">N\u00e3o exagere<\/h3>\n\n\n\n<p>H\u00e1 alguns ind\u00edcios (mas nenhuma evid\u00eancia comprovada) de que o exerc\u00edcio exagerado causa perda de cabelo a longo prazo por conta do aumento excessivo de testosterona. Os relatos mostram que essa diferen\u00e7a n\u00e3o \u00e9 percebida a curto prazo, mas em um per\u00edodo de 2 a 5 anos ap\u00f3s o come\u00e7o da pr\u00e1tica de atividades muito intensas de forma super regular.<\/p>\n\n\n\n<p>No entanto, como falamos, isso ainda n\u00e3o foi cientificamente comprovado. Mas eis o que foi:&nbsp;<\/p>\n\n\n\n<p>Quando seu corpo gasta muita energia, fica mais dif\u00edcil atender as necessidades nutricionais dele e voc\u00ea tamb\u00e9m pode ter uma perda de peso muito significativa em um curto espa\u00e7o de tempo.<\/p>\n\n\n\n<p>Essas duas coisas afetam a sa\u00fade do seu couro cabeludo, fazendo com que seus fios caiam mais.<\/p>\n\n\n\n<p>Perda de peso extrema, mudan\u00e7as n\u00e3o saud\u00e1veis \u200b\u200bna dieta e defici\u00eancia de ferro podem desencadear o Efl\u00favio Tel\u00f3geno, uma condi\u00e7\u00e3o na qual os fol\u00edculos capilares entram em fase de repouso prematuramente, fazendo com que voc\u00ea perca o cabelo, de acordo com a <a href=\"https:\/\/www.health.harvard.edu\/a_to_z\/telogen-effluvium-a-to-z\">Harvard Medical School<\/a>.&nbsp;<\/p>\n\n\n\n<p>Al\u00e9m disso, prote\u00edna insuficiente para alimentar seus treinos pode ser outra causa de perda de cabelo, de acordo com a <a href=\"https:\/\/www.aad.org\/public\/diseases\/hair-loss\/treatment\/tips#causes\">Academia Americana de Dermatologia<\/a> (AAD). A falta de prote\u00edna retarda o crescimento do cabelo e os fios podem ficar mais fracos. A prote\u00edna \u00e9 essencial porque o cabelo \u00e9 feito de prote\u00edna.<\/p>\n\n\n\n<p>Portanto, consumir uma dieta equilibrada rica em macronutrientes (ou seja, prote\u00ednas, gorduras e carboidratos) e micronutrientes (vitaminas e minerais) ap\u00f3s o treino \u00e9 fundamental.<\/p>\n\n\n\n<h3 class=\"wp-block-heading\">Cuidado ao prender os cabelos<\/h3>\n\n\n\n<p><em>\u201cPenteados muito apertados favorecem o surgimento de alopecia por tra\u00e7\u00e3o, queda capilar associada \u00e0 tra\u00e7\u00e3o excessiva, repetida e prolongada dos fios. Inicialmente, quando a situa\u00e7\u00e3o ainda \u00e9 revers\u00edvel, \u00e9 poss\u00edvel notar vermelhid\u00e3o, descama\u00e7\u00e3o e pontos de pus na regi\u00e3o. Conforme o quadro evolui, forma-se uma cicatriz no fol\u00edculo piloso, que perde a capacidade de produzir novos fios de cabelo\u201d<\/em>, diz a Dra. Jaqueline Zmijevski, dermatologista pela Sociedade Brasileira de Dermatologia (SBD).&nbsp;<\/p>\n\n\n\n<p>Para evitar o problema, o ideal \u00e9 apostar em penteados n\u00e3o muito apertados, como as tran\u00e7as. <em>\u201cFa\u00e7a uma tran\u00e7a baixa e frouxa e prenda com la\u00e7os de tecido ou meias, assim n\u00e3o h\u00e1 atrito nos fios ou tra\u00e7\u00e3o nas ra\u00edzes\u201d<\/em>, recomenda a m\u00e9dica.<\/p>\n\n\n\n<h3 class=\"wp-block-heading\">Proteja o cabelo que voc\u00ea tem<\/h3>\n\n\n\n<p>Mesmo que voc\u00ea n\u00e3o esteja se exercitando ao extremo, um estilo de vida moderadamente ativo ainda pode ser uma amea\u00e7a para cabelos se voc\u00ea n\u00e3o cuida direito deles durante os treinos:<\/p>\n\n\n\n<ul class=\"wp-block-list\">\n<li><strong>Sol<\/strong><strong> <\/strong><strong><br><\/strong>Se voc\u00ea treina ao ar livre, a exposi\u00e7\u00e3o prolongada aos raios UVA e UVB pode causar danos. Proteja seu cabelo do sol usando um chap\u00e9u ou bandana.&nbsp;<\/li>\n\n\n\n<li><strong>Cloro<\/strong><br>Os nadadores tamb\u00e9m sofrem, pois a exposi\u00e7\u00e3o excessiva a produtos qu\u00edmicos da piscina, especialmente o cloro, pode remover os \u00f3leos naturais da pele e do cabelo, e o cabelo seco \u00e9 mais propenso a quebrar e formar pontas duplas. A solu\u00e7\u00e3o \u00e9 bem simples: antes de nadar, proteja os fios com um \u00f3leo capilar, use touca e lave o cabelo depois de nadar.<\/li>\n<\/ul>\n\n\n\n<p>J\u00e1 ficou claro que manter um estilo de vida mais saud\u00e1vel \u00e9 importante at\u00e9 para os seus cabelos, n\u00e9? Visite a Smart Fit mais pr\u00f3xima e converse sobre os seus objetivos com os nossos professores!<\/p>\n\n\n\n<h3 class=\"wp-block-heading\">Este artigo foi \u00fatil para voc\u00ea?<\/h3>\n\n\n\n<p>Leia mais:<\/p>\n\n\n\n<figure class=\"wp-block-gallery has-nested-images columns-default is-cropped wp-block-gallery-1 is-layout-flex wp-block-gallery-is-layout-flex\">\n<figure class=\"wp-block-image size-large\"><img fetchpriority=\"high\" decoding=\"async\" width=\"960\" height=\"640\" data-id=\"15923\" src=\"https:\/\/www.smartfit.com.br\/news\/wp-content\/uploads\/2021\/05\/coquetel-de-exercicios.jpg\" alt=\"Quanto exerc\u00edcio preciso fazer\" class=\"wp-image-15923\" srcset=\"https:\/\/www.smartfit.com.br\/news\/wp-content\/uploads\/2021\/05\/coquetel-de-exercicios.jpg 960w, https:\/\/www.smartfit.com.br\/news\/wp-content\/uploads\/2021\/05\/coquetel-de-exercicios-300x200.jpg 300w, https:\/\/www.smartfit.com.br\/news\/wp-content\/uploads\/2021\/05\/coquetel-de-exercicios-768x512.jpg 768w, https:\/\/www.smartfit.com.br\/news\/wp-content\/uploads\/2021\/05\/coquetel-de-exercicios-800x533.jpg 800w, https:\/\/www.smartfit.com.br\/news\/wp-content\/uploads\/2021\/05\/coquetel-de-exercicios-150x100.jpg 150w\" sizes=\"(max-width: 960px) 100vw, 960px\" \/><figcaption class=\"wp-element-caption\"><strong><a href=\"https:\/\/www.smartfit.com.br\/news\/saude\/de-quanto-exercicio-voce-precisa-para-viver-mais-novo-estudo-da-pistas\/\" title=\"\">De quanto exerc\u00edcio voc\u00ea precisa para viver mais? Novo estudo d\u00e1 pistas<\/a><\/strong><\/figcaption><\/figure>\n\n\n\n<figure class=\"wp-block-image size-full\"><img decoding=\"async\" width=\"306\" height=\"208\" data-id=\"34916\" src=\"https:\/\/www.smartfit.com.br\/news\/wp-content\/uploads\/2023\/01\/1-SmartFitNews-28.jpg\" alt=\"\" class=\"wp-image-34916\" srcset=\"https:\/\/www.smartfit.com.br\/news\/wp-content\/uploads\/2023\/01\/1-SmartFitNews-28.jpg 306w, https:\/\/www.smartfit.com.br\/news\/wp-content\/uploads\/2023\/01\/1-SmartFitNews-28-300x204.jpg 300w, https:\/\/www.smartfit.com.br\/news\/wp-content\/uploads\/2023\/01\/1-SmartFitNews-28-260x177.jpg 260w, https:\/\/www.smartfit.com.br\/news\/wp-content\/uploads\/2023\/01\/1-SmartFitNews-28-150x102.jpg 150w\" sizes=\"(max-width: 306px) 100vw, 306px\" \/><figcaption class=\"wp-element-caption\"><strong><a href=\"https:\/\/www.smartfit.com.br\/news\/nutricao\/5-motivos-para-procurar-um-nutricionista\/\" title=\"\">Por que agendar uma consulta com nutricionista? O Smart Fit Nutri te conta!<\/a><\/strong><\/figcaption><\/figure>\n\n\n\n<figure class=\"wp-block-image size-large\"><img decoding=\"async\" width=\"306\" height=\"208\" data-id=\"32741\" src=\"https:\/\/www.smartfit.com.br\/news\/wp-content\/uploads\/2022\/12\/1-SmartFitNews.jpg\" alt=\"Saiba montar um treino de academia com a Smart Fit News I\" class=\"wp-image-32741\" srcset=\"https:\/\/www.smartfit.com.br\/news\/wp-content\/uploads\/2022\/12\/1-SmartFitNews.jpg 306w, https:\/\/www.smartfit.com.br\/news\/wp-content\/uploads\/2022\/12\/1-SmartFitNews-300x204.jpg 300w, https:\/\/www.smartfit.com.br\/news\/wp-content\/uploads\/2022\/12\/1-SmartFitNews-260x177.jpg 260w, https:\/\/www.smartfit.com.br\/news\/wp-content\/uploads\/2022\/12\/1-SmartFitNews-150x102.jpg 150w\" sizes=\"(max-width: 306px) 100vw, 306px\" \/><figcaption class=\"wp-element-caption\"><strong><a href=\"https:\/\/www.smartfit.com.br\/news\/fitness\/como-montar-um-treino-de-academia\/\" title=\"\">Como montar um treino de academia?<\/a><\/strong><\/figcaption><\/figure>\n<\/figure>\n\n\n\n<p><\/p>\n","protected":false},"excerpt":{"rendered":"<p>Veja como sua rotina de treinos afeta a perda de cabelos<\/p>\n","protected":false},"author":12,"featured_media":34913,"comment_status":"open","ping_status":"open","sticky":false,"template":"","format":"standard","meta":{"footnotes":""},"categories":[1244],"tags":[],"class_list":["post-34910","post","type-post","status-publish","format-standard","has-post-thumbnail","hentry","category-saude"],"acf":{"banner_imagem":"","banner_link":"","banner_target":"_blank","cta":{"label":"Vem treinar na Smart Fit!","link":"https:\/\/www.smartfit.com.br\/academias","target":"_blank"},"image_thumb_horizontal":34911,"image_thumb_vertical":34912,"image_carrosel":34913},"aioseo_notices":[],"thumbnail_url":"https:\/\/www.smartfit.com.br\/news\/wp-content\/uploads\/2023\/01\/3-SmartFitNews-15.jpg","_links":{"self":[{"href":"https:\/\/www.smartfit.com.br\/news\/wp-json\/wp\/v2\/posts\/34910","targetHints":{"allow":["GET"]}}],"collection":[{"href":"https:\/\/www.smartfit.com.br\/news\/wp-json\/wp\/v2\/posts"}],"about":[{"href":"https:\/\/www.smartfit.com.br\/news\/wp-json\/wp\/v2\/types\/post"}],"author":[{"embeddable":true,"href":"https:\/\/www.smartfit.com.br\/news\/wp-json\/wp\/v2\/users\/12"}],"replies":[{"embeddable":true,"href":"https:\/\/www.smartfit.com.br\/news\/wp-json\/wp\/v2\/comments?post=34910"}],"version-history":[{"count":3,"href":"https:\/\/www.smartfit.com.br\/news\/wp-json\/wp\/v2\/posts\/34910\/revisions"}],"predecessor-version":[{"id":34917,"href":"https:\/\/www.smartfit.com.br\/news\/wp-json\/wp\/v2\/posts\/34910\/revisions\/34917"}],"wp:featuredmedia":[{"embeddable":true,"href":"https:\/\/www.smartfit.com.br\/news\/wp-json\/wp\/v2\/media\/34913"}],"wp:attachment":[{"href":"https:\/\/www.smartfit.com.br\/news\/wp-json\/wp\/v2\/media?parent=34910"}],"wp:term":[{"taxonomy":"category","embeddable":true,"href":"https:\/\/www.smartfit.com.br\/news\/wp-json\/wp\/v2\/categories?post=34910"},{"taxonomy":"post_tag","embeddable":true,"href":"https:\/\/www.smartfit.com.br\/news\/wp-json\/wp\/v2\/tags?post=34910"}],"curies":[{"name":"wp","href":"https:\/\/api.w.org\/{rel}","templated":true}]}}