{"id":32549,"date":"2022-11-04T09:30:13","date_gmt":"2022-11-04T12:30:13","guid":{"rendered":"https:\/\/www.smartfit.com.br\/news\/?p=32549"},"modified":"2023-01-27T09:11:27","modified_gmt":"2023-01-27T12:11:27","slug":"exercicios-na-terceira-idade","status":"publish","type":"post","link":"https:\/\/www.smartfit.com.br\/news\/saude\/exercicios-na-terceira-idade\/","title":{"rendered":"Exerc\u00edcios na terceira idade"},"content":{"rendered":"\n<p class=\"wp-block-paragraph\">Conforme vamos envelhecendo, vamos <a href=\"https:\/\/www.smartfit.com.br\/news\/saude\/envelhecimento-perda-forca-muscular\/\">perdendo<\/a> massa muscular. Esse processo se inicia por volta dos 40 anos, mas se intensifica quando chegamos aos 60. Com isso, come\u00e7amos a ter dificuldade para realizar <a href=\"https:\/\/www.smartfit.com.br\/news\/saude\/atividade-fisica-parkinson\/\">atividades<\/a> simples do cotidiano, como caminhar, subir escadas e levantar pesos, al\u00e9m de prejudicar o equil\u00edbrio, aumentando o risco de quedas. A boa not\u00edcia \u00e9 que as s\u00e9ries de <a href=\"https:\/\/www.smartfit.com.br\/news\/fitness\/exercicios-para-idosos\/\">exerc\u00edcios<\/a> com cargas ajudam a reverter esse quadro, refor\u00e7ando a musculatura, e ainda melhoram o condicionamento f\u00edsico, estimulam a perda de peso, aumentam a autonomia, o bem-estar e a autoestima e possibilitam a socializa\u00e7\u00e3o.<\/p>\n\n\n\n<p class=\"wp-block-paragraph\">Se tudo isso n\u00e3o fosse o suficiente para que todos dessa faixa et\u00e1ria come\u00e7assem a treinar, a muscula\u00e7\u00e3o ainda ajuda no combate de doen\u00e7as como as musculoesquel\u00e9ticas, tendinites e artroses, por exemplo. Assim como ajuda combatendo doen\u00e7as \u00f3sseas &#8211; como a osteoporose -, cardiovasculares, metab\u00f3licas, respirat\u00f3rias, mentais, do sistema nervoso central, entre outras. Isso tudo al\u00e9m de melhorar o sono e as dores, especialmente as nas costas.<\/p>\n\n\n\n<h2 class=\"wp-block-heading\">Como come\u00e7ar a treinar na terceira idade?<\/h2>\n\n\n\n<p class=\"wp-block-paragraph\">Mas \u00e9 claro que, como todo mundo, essa turma precisa de orienta\u00e7\u00e3o. E para encarar mais desafios, os idosos precisam de uma aten\u00e7\u00e3o especial na hora do treino. <em>\u201cAntes de mais nada, \u00e9 necess\u00e1rio que o aluno fa\u00e7a uma avalia\u00e7\u00e3o m\u00e9dica, em seguida ele deve passar ao profissional de educa\u00e7\u00e3o f\u00edsica quais s\u00e3o suas limita\u00e7\u00f5es para que o especialista possa elaborar o programa de exerc\u00edcios e acompanhar a sua execu\u00e7\u00e3o constantemente\u201d<\/em>, diz o gerente t\u00e9cnico da<a href=\"https:\/\/www.smartfit.com.br\/\"> Smart Fit<\/a> Bruno dos Santos Silva. Ele ressalta ainda que \u00e9 muito importante preparar a estrutura muscular antes de come\u00e7ar o treino com alongamentos focados na mobilidade articular e aquecimento para aumentar a frequ\u00eancia card\u00edaca.<\/p>\n\n\n\n<p class=\"wp-block-paragraph\">Na hora do treino \u00e9 importante evitar exerc\u00edcios com impacto e focar em algumas partes do corpo. <em>\u201cOs exerc\u00edcios para o core fortalecem toda a regi\u00e3o do tronco e da lombar, j\u00e1 nos membros inferiores o ideal s\u00e3o os movimentos multiarticulares, como o leg press horizontal, e s\u00e3o especialmente bem-vindos no combate \u00e0 quedas. Para os membros superiores, que tamb\u00e9m devem fazer movimentos multiarticulares, o supino m\u00e1quina ou a remada m\u00e1quina, por exemplo, ajudam a melhorar capacidades funcionais b\u00e1sicas do dia a dia, como carregar objetos\u201d<\/em>, orienta Silva.<\/p>\n\n\n\n<h2 class=\"wp-block-heading\">Como escolher um bom profissional de educa\u00e7\u00e3o f\u00edsica para praticar exerc\u00edcios?<\/h2>\n\n\n\n<p class=\"wp-block-paragraph\">Depois de conversar com um m\u00e9dico e definir as prioridades na hora de se exercitar, voc\u00ea pode marcar uma entrevista com um profissional especialista no Smart Fit Coach. \u00c9 super simples e voc\u00ea s\u00f3 vai precisar de um celular com WhatsApp instalado para tudo funcionar direitinho.<\/p>\n\n\n\n<p class=\"wp-block-paragraph\">Bora come\u00e7ar a treinar?<\/p>\n\n\n\n<h3 class=\"wp-block-heading\">Este artigo foi \u00fatil para voc\u00ea?<\/h3>\n\n\n\n<p class=\"wp-block-paragraph\">Leia tamb\u00e9m:<\/p>\n\n\n\n<figure class=\"wp-block-gallery has-nested-images columns-default is-cropped wp-block-gallery-1 is-layout-flex wp-block-gallery-is-layout-flex\">\n<figure class=\"wp-block-image size-full\"><img fetchpriority=\"high\" decoding=\"async\" width=\"306\" height=\"208\" data-id=\"35024\" src=\"https:\/\/www.smartfit.com.br\/news\/wp-content\/uploads\/2023\/01\/1-SmartFitNewsss-24.jpg\" alt=\"\" class=\"wp-image-35024\" srcset=\"https:\/\/www.smartfit.com.br\/news\/wp-content\/uploads\/2023\/01\/1-SmartFitNewsss-24.jpg 306w, https:\/\/www.smartfit.com.br\/news\/wp-content\/uploads\/2023\/01\/1-SmartFitNewsss-24-300x204.jpg 300w, https:\/\/www.smartfit.com.br\/news\/wp-content\/uploads\/2023\/01\/1-SmartFitNewsss-24-260x177.jpg 260w, https:\/\/www.smartfit.com.br\/news\/wp-content\/uploads\/2023\/01\/1-SmartFitNewsss-24-150x102.jpg 150w\" sizes=\"(max-width: 306px) 100vw, 306px\" \/><figcaption class=\"wp-element-caption\"><strong><a href=\"https:\/\/www.smartfit.com.br\/news\/saude\/exercicios-na-menopausa\/\" title=\"\">Exerc\u00edcios na menopausa: como manter o corpo ativo nesse per\u00edodo<\/a><\/strong><\/figcaption><\/figure>\n\n\n\n<figure class=\"wp-block-image size-full\"><img decoding=\"async\" width=\"306\" height=\"208\" data-id=\"35025\" src=\"https:\/\/www.smartfit.com.br\/news\/wp-content\/uploads\/2023\/01\/1-SmartFitNewss-28.jpg\" alt=\"\" class=\"wp-image-35025\" srcset=\"https:\/\/www.smartfit.com.br\/news\/wp-content\/uploads\/2023\/01\/1-SmartFitNewss-28.jpg 306w, https:\/\/www.smartfit.com.br\/news\/wp-content\/uploads\/2023\/01\/1-SmartFitNewss-28-300x204.jpg 300w, https:\/\/www.smartfit.com.br\/news\/wp-content\/uploads\/2023\/01\/1-SmartFitNewss-28-260x177.jpg 260w, https:\/\/www.smartfit.com.br\/news\/wp-content\/uploads\/2023\/01\/1-SmartFitNewss-28-150x102.jpg 150w\" sizes=\"(max-width: 306px) 100vw, 306px\" \/><figcaption class=\"wp-element-caption\"><strong><a href=\"https:\/\/www.smartfit.com.br\/news\/saude\/como-evitar-o-colesterol-alto\/\" title=\"\">Como evitar o colesterol alto<\/a><\/strong><\/figcaption><\/figure>\n\n\n\n<figure class=\"wp-block-image size-full\"><img decoding=\"async\" width=\"306\" height=\"208\" data-id=\"35026\" src=\"https:\/\/www.smartfit.com.br\/news\/wp-content\/uploads\/2023\/01\/1-SmartFitNews-50.jpg\" alt=\"\" class=\"wp-image-35026\" srcset=\"https:\/\/www.smartfit.com.br\/news\/wp-content\/uploads\/2023\/01\/1-SmartFitNews-50.jpg 306w, https:\/\/www.smartfit.com.br\/news\/wp-content\/uploads\/2023\/01\/1-SmartFitNews-50-300x204.jpg 300w, https:\/\/www.smartfit.com.br\/news\/wp-content\/uploads\/2023\/01\/1-SmartFitNews-50-260x177.jpg 260w, https:\/\/www.smartfit.com.br\/news\/wp-content\/uploads\/2023\/01\/1-SmartFitNews-50-150x102.jpg 150w\" sizes=\"(max-width: 306px) 100vw, 306px\" \/><figcaption class=\"wp-element-caption\"><a href=\"https:\/\/www.smartfit.com.br\/news\/fitness\/correr-bicho-beneficios-corrida-idosos\/\" title=\"\"><strong>Benef\u00edcios da corrida para idosos: existe idade certa para correr?<\/strong><\/a><\/figcaption><\/figure>\n<\/figure>\n","protected":false},"excerpt":{"rendered":"<p>A modalidade ajuda a melhorar a sa\u00fade do praticante como um todo e aumenta sua qualidade de vida<\/p>\n","protected":false},"author":12,"featured_media":32560,"comment_status":"open","ping_status":"open","sticky":false,"template":"","format":"standard","meta":{"footnotes":""},"categories":[1244],"tags":[1311],"class_list":["post-32549","post","type-post","status-publish","format-standard","has-post-thumbnail","hentry","category-saude","tag-slide"],"acf":{"banner_imagem":"","banner_link":"","banner_target":"_blank","cta":{"label":"Conhe\u00e7a o Smart Fit Coach","link":"https:\/\/coach.smartfit.com.br\/conheca\/","target":"_blank"},"image_thumb_horizontal":32558,"image_thumb_vertical":32559,"image_carrosel":32560},"aioseo_notices":[],"aioseo_head":"\n\t\t<!-- All in One SEO 4.9.10 - aioseo.com -->\n\t<meta name=\"description\" content=\"A modalidade ajuda a melhorar a sa\u00fade do praticante como um todo e aumenta sua qualidade de vida Tire suas d\u00favidas sobre os exerc\u00edcios com a Smart Fit News.\" \/>\n\t<meta name=\"robots\" content=\"max-snippet:-1, max-image-preview:large, max-video-preview:-1\" \/>\n\t<meta name=\"author\" content=\"Reda\u00e7\u00e3o - Brasa\"\/>\n\t<link rel=\"canonical\" href=\"https:\/\/www.smartfit.com.br\/news\/saude\/exercicios-na-terceira-idade\/\" \/>\n\t<meta name=\"generator\" content=\"All in One SEO (AIOSEO) 4.9.10\" \/>\n\t\t<meta property=\"og:locale\" content=\"pt_BR\" \/>\n\t\t<meta property=\"og:site_name\" content=\"Smart Fit News - Fitness, Sa\u00fade, Alimenta\u00e7\u00e3o Saud\u00e1vel e mais\" \/>\n\t\t<meta property=\"og:type\" content=\"article\" \/>\n\t\t<meta property=\"og:title\" content=\"Exerc\u00edcios na terceira idade - Smart Fit News\" \/>\n\t\t<meta property=\"og:description\" content=\"A modalidade ajuda a melhorar a sa\u00fade do praticante como um todo e aumenta sua qualidade de vida Tire suas d\u00favidas sobre os exerc\u00edcios com a Smart Fit News.\" \/>\n\t\t<meta property=\"og:url\" content=\"https:\/\/www.smartfit.com.br\/news\/saude\/exercicios-na-terceira-idade\/\" \/>\n\t\t<meta property=\"og:image\" content=\"https:\/\/www.smartfit.com.br\/news\/wp-content\/uploads\/2022\/12\/SmartFit-3-6.png\" \/>\n\t\t<meta property=\"og:image:secure_url\" content=\"https:\/\/www.smartfit.com.br\/news\/wp-content\/uploads\/2022\/12\/SmartFit-3-6.png\" \/>\n\t\t<meta property=\"og:image:width\" content=\"1296\" \/>\n\t\t<meta property=\"og:image:height\" content=\"522\" \/>\n\t\t<meta property=\"article:published_time\" content=\"2022-11-04T12:30:13+00:00\" \/>\n\t\t<meta property=\"article:modified_time\" content=\"2023-01-27T12:11:27+00:00\" \/>\n\t\t<meta property=\"article:publisher\" content=\"https:\/\/www.facebook.com\/SmartFit.Oficial\/\" \/>\n\t\t<meta name=\"twitter:card\" content=\"summary\" \/>\n\t\t<meta name=\"twitter:site\" content=\"@SmartFitOficial\" \/>\n\t\t<meta name=\"twitter:title\" content=\"Exerc\u00edcios na terceira idade - Smart Fit News\" \/>\n\t\t<meta name=\"twitter:description\" content=\"A modalidade ajuda a melhorar a sa\u00fade do praticante como um todo e aumenta sua qualidade de vida Tire suas d\u00favidas sobre os exerc\u00edcios com a Smart Fit News.\" \/>\n\t\t<meta name=\"twitter:creator\" content=\"@SmartFitOficial\" \/>\n\t\t<meta name=\"twitter:image\" content=\"https:\/\/www.smartfit.com.br\/news\/wp-content\/uploads\/2022\/12\/SmartFit-3-6.png\" \/>\n\t\t<script type=\"application\/ld+json\" class=\"aioseo-schema\">\n\t\t\t{\"@context\":\"https:\\\/\\\/schema.org\",\"@graph\":[{\"@type\":\"BlogPosting\",\"@id\":\"https:\\\/\\\/www.smartfit.com.br\\\/news\\\/saude\\\/exercicios-na-terceira-idade\\\/#blogposting\",\"name\":\"Exerc\\u00edcios na terceira idade - Smart Fit News\",\"description\":\"A modalidade ajuda a melhorar a sa\\u00fade do praticante como um todo e aumenta sua qualidade de vida Tire suas d\\u00favidas sobre os exerc\\u00edcios com a Smart Fit News.\",\"inLanguage\":\"pt-BR\",\"headline\":\"Exerc\\u00edcios na terceira idade\",\"author\":{\"@id\":\"https:\\\/\\\/www.smartfit.com.br\\\/news\\\/author\\\/eclaudino\\\/#author\"},\"publisher\":{\"@id\":\"https:\\\/\\\/www.smartfit.com.br\\\/news\\\/#organization\"},\"datePublished\":\"2022-11-04T12:30:13-03:00\",\"dateModified\":\"2023-01-27T12:11:27-03:00\",\"articleSection\":\"Sa\\u00fade, slide\",\"mainEntityOfPage\":{\"@id\":\"https:\\\/\\\/www.smartfit.com.br\\\/news\\\/saude\\\/exercicios-na-terceira-idade\\\/#webpage\"},\"isPartOf\":{\"@id\":\"https:\\\/\\\/www.smartfit.com.br\\\/news\\\/saude\\\/exercicios-na-terceira-idade\\\/#webpage\"},\"image\":{\"@type\":\"ImageObject\",\"url\":\"https:\\\/\\\/www.smartfit.com.br\\\/news\\\/wp-content\\\/uploads\\\/2022\\\/12\\\/SmartFit-3-6.png\",\"@id\":\"https:\\\/\\\/www.smartfit.com.br\\\/news\\\/saude\\\/exercicios-na-terceira-idade\\\/#articleImage\",\"width\":1296,\"height\":522,\"caption\":\"A import\\u00e2ncia da muscula\\u00e7\\u00e3o na terceira idade | Imagem de divulga\\u00e7\\u00e3o.\"}},{\"@type\":\"BreadcrumbList\",\"@id\":\"https:\\\/\\\/www.smartfit.com.br\\\/news\\\/saude\\\/exercicios-na-terceira-idade\\\/#breadcrumblist\",\"itemListElement\":[{\"@type\":\"ListItem\",\"@id\":\"https:\\\/\\\/www.smartfit.com.br\\\/news#listItem\",\"position\":1,\"name\":\"Smart Fit News\",\"item\":\"https:\\\/\\\/www.smartfit.com.br\\\/news\",\"nextItem\":{\"@type\":\"ListItem\",\"@id\":\"https:\\\/\\\/www.smartfit.com.br\\\/news\\\/saude\\\/#listItem\",\"name\":\"Sa\\u00fade\"}},{\"@type\":\"ListItem\",\"@id\":\"https:\\\/\\\/www.smartfit.com.br\\\/news\\\/saude\\\/#listItem\",\"position\":2,\"name\":\"Sa\\u00fade\",\"item\":\"https:\\\/\\\/www.smartfit.com.br\\\/news\\\/saude\\\/\",\"nextItem\":{\"@type\":\"ListItem\",\"@id\":\"https:\\\/\\\/www.smartfit.com.br\\\/news\\\/saude\\\/exercicios-na-terceira-idade\\\/#listItem\",\"name\":\"Exerc\\u00edcios na terceira idade\"},\"previousItem\":{\"@type\":\"ListItem\",\"@id\":\"https:\\\/\\\/www.smartfit.com.br\\\/news#listItem\",\"name\":\"Smart Fit News\"}},{\"@type\":\"ListItem\",\"@id\":\"https:\\\/\\\/www.smartfit.com.br\\\/news\\\/saude\\\/exercicios-na-terceira-idade\\\/#listItem\",\"position\":3,\"name\":\"Exerc\\u00edcios na terceira idade\",\"previousItem\":{\"@type\":\"ListItem\",\"@id\":\"https:\\\/\\\/www.smartfit.com.br\\\/news\\\/saude\\\/#listItem\",\"name\":\"Sa\\u00fade\"}}]},{\"@type\":\"Organization\",\"@id\":\"https:\\\/\\\/www.smartfit.com.br\\\/news\\\/#organization\",\"name\":\"Smartfit News\",\"description\":\"Fitness, Sa\\u00fade, Alimenta\\u00e7\\u00e3o Saud\\u00e1vel e mais\",\"url\":\"https:\\\/\\\/www.smartfit.com.br\\\/news\\\/\",\"logo\":{\"@type\":\"ImageObject\",\"url\":\"https:\\\/\\\/www.smartfit.com.br\\\/news\\\/wp-content\\\/uploads\\\/2020\\\/04\\\/logo-smart-fit-news-square.png\",\"@id\":\"https:\\\/\\\/www.smartfit.com.br\\\/news\\\/saude\\\/exercicios-na-terceira-idade\\\/#organizationLogo\",\"width\":200,\"height\":200},\"image\":{\"@id\":\"https:\\\/\\\/www.smartfit.com.br\\\/news\\\/saude\\\/exercicios-na-terceira-idade\\\/#organizationLogo\"},\"sameAs\":[\"https:\\\/\\\/www.facebook.com\\\/SmartFit.Oficial\\\/\",\"https:\\\/\\\/twitter.com\\\/SmartFitOficial\",\"https:\\\/\\\/www.instagram.com\\\/smartfit\\\/\",\"https:\\\/\\\/www.youtube.com\\\/user\\\/smartfitacademia\"]},{\"@type\":\"WebPage\",\"@id\":\"https:\\\/\\\/www.smartfit.com.br\\\/news\\\/saude\\\/exercicios-na-terceira-idade\\\/#webpage\",\"url\":\"https:\\\/\\\/www.smartfit.com.br\\\/news\\\/saude\\\/exercicios-na-terceira-idade\\\/\",\"name\":\"Exerc\\u00edcios na terceira idade - Smart Fit News\",\"description\":\"A modalidade ajuda a melhorar a sa\\u00fade do praticante como um todo e aumenta sua qualidade de vida Tire suas d\\u00favidas sobre os exerc\\u00edcios com a Smart Fit News.\",\"inLanguage\":\"pt-BR\",\"isPartOf\":{\"@id\":\"https:\\\/\\\/www.smartfit.com.br\\\/news\\\/#website\"},\"breadcrumb\":{\"@id\":\"https:\\\/\\\/www.smartfit.com.br\\\/news\\\/saude\\\/exercicios-na-terceira-idade\\\/#breadcrumblist\"},\"author\":\"https:\\\/\\\/www.smartfit.com.br\\\/news\\\/author\\\/eclaudino\\\/#author\",\"creator\":\"https:\\\/\\\/www.smartfit.com.br\\\/news\\\/author\\\/eclaudino\\\/#author\",\"image\":{\"@type\":\"ImageObject\",\"url\":\"https:\\\/\\\/www.smartfit.com.br\\\/news\\\/wp-content\\\/uploads\\\/2022\\\/12\\\/SmartFit-3-6.png\",\"@id\":\"https:\\\/\\\/www.smartfit.com.br\\\/news\\\/saude\\\/exercicios-na-terceira-idade\\\/#mainImage\",\"width\":1296,\"height\":522,\"caption\":\"A import\\u00e2ncia da muscula\\u00e7\\u00e3o na terceira idade | Imagem de divulga\\u00e7\\u00e3o.\"},\"primaryImageOfPage\":{\"@id\":\"https:\\\/\\\/www.smartfit.com.br\\\/news\\\/saude\\\/exercicios-na-terceira-idade\\\/#mainImage\"},\"datePublished\":\"2022-11-04T12:30:13-03:00\",\"dateModified\":\"2023-01-27T12:11:27-03:00\"},{\"@type\":\"WebSite\",\"@id\":\"https:\\\/\\\/www.smartfit.com.br\\\/news\\\/#website\",\"url\":\"https:\\\/\\\/www.smartfit.com.br\\\/news\\\/\",\"name\":\"Smart Fit News\",\"description\":\"Fitness, Sa\\u00fade, Alimenta\\u00e7\\u00e3o Saud\\u00e1vel e mais\",\"inLanguage\":\"pt-BR\",\"publisher\":{\"@id\":\"https:\\\/\\\/www.smartfit.com.br\\\/news\\\/#organization\"}}]}\n\t\t<\/script>\n\t\t<!-- All in One SEO -->\n\n","aioseo_head_json":{"title":"Exerc\u00edcios na terceira idade - Smart Fit News","description":"A modalidade ajuda a melhorar a sa\u00fade do praticante como um todo e aumenta sua qualidade de vida Tire suas d\u00favidas sobre os exerc\u00edcios com a Smart Fit News.","canonical_url":"https:\/\/www.smartfit.com.br\/news\/saude\/exercicios-na-terceira-idade\/","robots":"max-snippet:-1, max-image-preview:large, max-video-preview:-1","keywords":"","webmasterTools":{"miscellaneous":""},"schema":{"@context":"https:\/\/schema.org","@graph":[{"@type":"BlogPosting","@id":"https:\/\/www.smartfit.com.br\/news\/saude\/exercicios-na-terceira-idade\/#blogposting","name":"Exerc\u00edcios na terceira idade - Smart Fit News","description":"A modalidade ajuda a melhorar a sa\u00fade do praticante como um todo e aumenta sua qualidade de vida Tire suas d\u00favidas sobre os exerc\u00edcios com a Smart Fit News.","inLanguage":"pt-BR","headline":"Exerc\u00edcios na terceira idade","author":{"@id":"https:\/\/www.smartfit.com.br\/news\/author\/eclaudino\/#author"},"publisher":{"@id":"https:\/\/www.smartfit.com.br\/news\/#organization"},"datePublished":"2022-11-04T12:30:13-03:00","dateModified":"2023-01-27T12:11:27-03:00","articleSection":"Sa\u00fade, slide","mainEntityOfPage":{"@id":"https:\/\/www.smartfit.com.br\/news\/saude\/exercicios-na-terceira-idade\/#webpage"},"isPartOf":{"@id":"https:\/\/www.smartfit.com.br\/news\/saude\/exercicios-na-terceira-idade\/#webpage"},"image":{"@type":"ImageObject","url":"https:\/\/www.smartfit.com.br\/news\/wp-content\/uploads\/2022\/12\/SmartFit-3-6.png","@id":"https:\/\/www.smartfit.com.br\/news\/saude\/exercicios-na-terceira-idade\/#articleImage","width":1296,"height":522,"caption":"A import\u00e2ncia da muscula\u00e7\u00e3o na terceira idade | Imagem de divulga\u00e7\u00e3o."}},{"@type":"BreadcrumbList","@id":"https:\/\/www.smartfit.com.br\/news\/saude\/exercicios-na-terceira-idade\/#breadcrumblist","itemListElement":[{"@type":"ListItem","@id":"https:\/\/www.smartfit.com.br\/news#listItem","position":1,"name":"Smart Fit News","item":"https:\/\/www.smartfit.com.br\/news","nextItem":{"@type":"ListItem","@id":"https:\/\/www.smartfit.com.br\/news\/saude\/#listItem","name":"Sa\u00fade"}},{"@type":"ListItem","@id":"https:\/\/www.smartfit.com.br\/news\/saude\/#listItem","position":2,"name":"Sa\u00fade","item":"https:\/\/www.smartfit.com.br\/news\/saude\/","nextItem":{"@type":"ListItem","@id":"https:\/\/www.smartfit.com.br\/news\/saude\/exercicios-na-terceira-idade\/#listItem","name":"Exerc\u00edcios na terceira idade"},"previousItem":{"@type":"ListItem","@id":"https:\/\/www.smartfit.com.br\/news#listItem","name":"Smart Fit News"}},{"@type":"ListItem","@id":"https:\/\/www.smartfit.com.br\/news\/saude\/exercicios-na-terceira-idade\/#listItem","position":3,"name":"Exerc\u00edcios na terceira idade","previousItem":{"@type":"ListItem","@id":"https:\/\/www.smartfit.com.br\/news\/saude\/#listItem","name":"Sa\u00fade"}}]},{"@type":"Organization","@id":"https:\/\/www.smartfit.com.br\/news\/#organization","name":"Smartfit News","description":"Fitness, Sa\u00fade, Alimenta\u00e7\u00e3o Saud\u00e1vel e mais","url":"https:\/\/www.smartfit.com.br\/news\/","logo":{"@type":"ImageObject","url":"https:\/\/www.smartfit.com.br\/news\/wp-content\/uploads\/2020\/04\/logo-smart-fit-news-square.png","@id":"https:\/\/www.smartfit.com.br\/news\/saude\/exercicios-na-terceira-idade\/#organizationLogo","width":200,"height":200},"image":{"@id":"https:\/\/www.smartfit.com.br\/news\/saude\/exercicios-na-terceira-idade\/#organizationLogo"},"sameAs":["https:\/\/www.facebook.com\/SmartFit.Oficial\/","https:\/\/twitter.com\/SmartFitOficial","https:\/\/www.instagram.com\/smartfit\/","https:\/\/www.youtube.com\/user\/smartfitacademia"]},{"@type":"WebPage","@id":"https:\/\/www.smartfit.com.br\/news\/saude\/exercicios-na-terceira-idade\/#webpage","url":"https:\/\/www.smartfit.com.br\/news\/saude\/exercicios-na-terceira-idade\/","name":"Exerc\u00edcios na terceira idade - Smart Fit News","description":"A modalidade ajuda a melhorar a sa\u00fade do praticante como um todo e aumenta sua qualidade de vida Tire suas d\u00favidas sobre os exerc\u00edcios com a Smart Fit News.","inLanguage":"pt-BR","isPartOf":{"@id":"https:\/\/www.smartfit.com.br\/news\/#website"},"breadcrumb":{"@id":"https:\/\/www.smartfit.com.br\/news\/saude\/exercicios-na-terceira-idade\/#breadcrumblist"},"author":"https:\/\/www.smartfit.com.br\/news\/author\/eclaudino\/#author","creator":"https:\/\/www.smartfit.com.br\/news\/author\/eclaudino\/#author","image":{"@type":"ImageObject","url":"https:\/\/www.smartfit.com.br\/news\/wp-content\/uploads\/2022\/12\/SmartFit-3-6.png","@id":"https:\/\/www.smartfit.com.br\/news\/saude\/exercicios-na-terceira-idade\/#mainImage","width":1296,"height":522,"caption":"A import\u00e2ncia da muscula\u00e7\u00e3o na terceira idade | Imagem de divulga\u00e7\u00e3o."},"primaryImageOfPage":{"@id":"https:\/\/www.smartfit.com.br\/news\/saude\/exercicios-na-terceira-idade\/#mainImage"},"datePublished":"2022-11-04T12:30:13-03:00","dateModified":"2023-01-27T12:11:27-03:00"},{"@type":"WebSite","@id":"https:\/\/www.smartfit.com.br\/news\/#website","url":"https:\/\/www.smartfit.com.br\/news\/","name":"Smart Fit News","description":"Fitness, Sa\u00fade, Alimenta\u00e7\u00e3o Saud\u00e1vel e mais","inLanguage":"pt-BR","publisher":{"@id":"https:\/\/www.smartfit.com.br\/news\/#organization"}}]},"og:locale":"pt_BR","og:site_name":"Smart Fit News - Fitness, Sa\u00fade, Alimenta\u00e7\u00e3o Saud\u00e1vel e mais","og:type":"article","og:title":"Exerc\u00edcios na terceira idade - Smart Fit News","og:description":"A modalidade ajuda a melhorar a sa\u00fade do praticante como um todo e aumenta sua qualidade de vida Tire suas d\u00favidas sobre os exerc\u00edcios com a Smart Fit News.","og:url":"https:\/\/www.smartfit.com.br\/news\/saude\/exercicios-na-terceira-idade\/","og:image":"https:\/\/www.smartfit.com.br\/news\/wp-content\/uploads\/2022\/12\/SmartFit-3-6.png","og:image:secure_url":"https:\/\/www.smartfit.com.br\/news\/wp-content\/uploads\/2022\/12\/SmartFit-3-6.png","og:image:width":1296,"og:image:height":522,"article:published_time":"2022-11-04T12:30:13+00:00","article:modified_time":"2023-01-27T12:11:27+00:00","article:publisher":"https:\/\/www.facebook.com\/SmartFit.Oficial\/","twitter:card":"summary","twitter:site":"@SmartFitOficial","twitter:title":"Exerc\u00edcios na terceira idade - Smart Fit News","twitter:description":"A modalidade ajuda a melhorar a sa\u00fade do praticante como um todo e aumenta sua qualidade de vida Tire suas d\u00favidas sobre os exerc\u00edcios com a Smart Fit News.","twitter:creator":"@SmartFitOficial","twitter:image":"https:\/\/www.smartfit.com.br\/news\/wp-content\/uploads\/2022\/12\/SmartFit-3-6.png"},"aioseo_meta_data":{"post_id":"32549","title":"#post_title #separator_sa #site_title","description":"#post_excerpt Tire suas d\u00favidas sobre os exerc\u00edcios com a Smart Fit News.","keywords":[],"keyphrases":{"focus":{"keyphrase":"Exerc\u00edcios","score":90,"analysis":{"keyphraseInTitle":{"title":"Focus keyphrase in SEO title","description":"Focus keyphrase found in SEO title.","score":9,"maxScore":9,"error":0},"keyphraseInDescription":{"title":"Focus keyphrase in meta description","description":"Focus keyphrase found in meta description.","score":9,"maxScore":9,"error":0},"keyphraseLength":{"title":"Focus keyphrase length","description":"Good job!","score":9,"maxScore":9,"error":0,"length":1},"keyphraseInURL":{"title":"Focus keyphrase in URL","description":"Focus keyphrase used in the URL.","score":5,"maxScore":5,"error":0},"keyphraseInIntroduction":{"title":"Focus keyphrase in introduction","description":"Your Focus keyphrase appears in the first paragraph. Well done!","score":9,"maxScore":9,"error":0},"keyphraseInSubHeadings":{"title":"Focus keyphrase in Subheadings","description":"Your H2 and H3 subheadings reflects the topic of your copy. Good job!","score":9,"maxScore":9,"error":0},"keyphraseInImageAlt":{"title":"Focus keyphrase in image alt attributes","description":"Focus keyphrase not found in image alt attribute(s). Add an image with your Focus keyphrase as alt text.","score":3,"maxScore":9,"error":1}}},"additional":[]},"primary_term":null,"canonical_url":null,"og_title":null,"og_description":null,"og_object_type":"default","og_image_type":"default","og_image_url":null,"og_image_width":null,"og_image_height":null,"og_image_custom_url":null,"og_image_custom_fields":null,"og_video":"","og_custom_url":null,"og_article_section":null,"og_article_tags":[],"twitter_use_og":false,"twitter_card":"default","twitter_image_type":"default","twitter_image_url":null,"twitter_image_custom_url":null,"twitter_image_custom_fields":null,"twitter_title":null,"twitter_description":null,"schema":{"blockGraphs":[],"customGraphs":[],"default":{"data":{"Article":[],"Course":[],"Dataset":[],"FAQPage":[],"Movie":[],"Person":[],"Product":[],"ProductReview":[],"Car":[],"Recipe":[],"Service":[],"SoftwareApplication":[],"WebPage":[]},"graphName":"BlogPosting","isEnabled":true},"graphs":[]},"schema_type":"default","schema_type_options":null,"pillar_content":false,"robots_default":true,"robots_noindex":false,"robots_noarchive":false,"robots_nosnippet":false,"robots_nofollow":false,"robots_noimageindex":false,"robots_noodp":false,"robots_notranslate":false,"robots_max_snippet":"-1","robots_max_videopreview":"-1","robots_max_imagepreview":"large","priority":null,"frequency":"default","local_seo":null,"breadcrumb_settings":null,"limit_modified_date":false,"ai":null,"created":"2022-12-01 20:41:20","updated":"2025-06-07 03:09:22","seo_analyzer_scan_date":null},"aioseo_breadcrumb":"<div class=\"aioseo-breadcrumbs\"><span class=\"aioseo-breadcrumb\">\n\t\t\t<a href=\"https:\/\/www.smartfit.com.br\/news\" title=\"Smart Fit News\">Smart Fit News<\/a>\n\t\t<\/span><span class=\"aioseo-breadcrumb-separator\">\u00bb<\/span><span class=\"aioseo-breadcrumb\">\n\t\t\t<a href=\"https:\/\/www.smartfit.com.br\/news\/saude\/\" title=\"Sa\u00fade\">Sa\u00fade<\/a>\n\t\t<\/span><span class=\"aioseo-breadcrumb-separator\">\u00bb<\/span><span class=\"aioseo-breadcrumb\">\n\t\t\tExerc\u00edcios na terceira idade\n\t\t<\/span><\/div>","aioseo_breadcrumb_json":[{"label":"Smart Fit News","link":"https:\/\/www.smartfit.com.br\/news"},{"label":"Sa\u00fade","link":"https:\/\/www.smartfit.com.br\/news\/saude\/"},{"label":"Exerc\u00edcios na terceira idade","link":"https:\/\/www.smartfit.com.br\/news\/saude\/exercicios-na-terceira-idade\/"}],"thumbnail_url":"https:\/\/www.smartfit.com.br\/news\/wp-content\/uploads\/2022\/12\/SmartFit-3-6.png","_links":{"self":[{"href":"https:\/\/www.smartfit.com.br\/news\/wp-json\/wp\/v2\/posts\/32549","targetHints":{"allow":["GET"]}}],"collection":[{"href":"https:\/\/www.smartfit.com.br\/news\/wp-json\/wp\/v2\/posts"}],"about":[{"href":"https:\/\/www.smartfit.com.br\/news\/wp-json\/wp\/v2\/types\/post"}],"author":[{"embeddable":true,"href":"https:\/\/www.smartfit.com.br\/news\/wp-json\/wp\/v2\/users\/12"}],"replies":[{"embeddable":true,"href":"https:\/\/www.smartfit.com.br\/news\/wp-json\/wp\/v2\/comments?post=32549"}],"version-history":[{"count":18,"href":"https:\/\/www.smartfit.com.br\/news\/wp-json\/wp\/v2\/posts\/32549\/revisions"}],"predecessor-version":[{"id":35027,"href":"https:\/\/www.smartfit.com.br\/news\/wp-json\/wp\/v2\/posts\/32549\/revisions\/35027"}],"wp:featuredmedia":[{"embeddable":true,"href":"https:\/\/www.smartfit.com.br\/news\/wp-json\/wp\/v2\/media\/32560"}],"wp:attachment":[{"href":"https:\/\/www.smartfit.com.br\/news\/wp-json\/wp\/v2\/media?parent=32549"}],"wp:term":[{"taxonomy":"category","embeddable":true,"href":"https:\/\/www.smartfit.com.br\/news\/wp-json\/wp\/v2\/categories?post=32549"},{"taxonomy":"post_tag","embeddable":true,"href":"https:\/\/www.smartfit.com.br\/news\/wp-json\/wp\/v2\/tags?post=32549"}],"curies":[{"name":"wp","href":"https:\/\/api.w.org\/{rel}","templated":true}]}}