{"id":26999,"date":"2022-09-08T15:13:54","date_gmt":"2022-09-08T18:13:54","guid":{"rendered":"https:\/\/www.smartfit.com.br\/news\/?p=26999"},"modified":"2022-09-08T15:13:55","modified_gmt":"2022-09-08T18:13:55","slug":"sopa-termogenica","status":"publish","type":"post","link":"https:\/\/www.smartfit.com.br\/news\/nutricao\/sopa-termogenica\/","title":{"rendered":"Sopa termog\u00eanica para acelerar o metabolismo"},"content":{"rendered":"\n<p>Toda fam\u00edlia tem uma receita guardada a sete chaves. Aquela, que a vov\u00f3 n\u00e3o quer revelar para ningu\u00e9m \u2013 mas a gente quer descobrir de todo jeito. A fam\u00edlia Baguette, do filme Minha Fam\u00edlia Perfeita, \u00e9 uma dessas \u2013 e embora o Smart Fit News n\u00e3o tenha conseguido a receita da sopa de pimenta calabresa que marcou a vida de todas as namoradas do Fred, conseguimos uma substituta termog\u00eanica, que enche os olhos, <a href=\"https:\/\/www.smartfit.com.br\/news\/saude\/o-que-e-metabolismo\/\" title=\"Como a alimenta\u00e7\u00e3o e a atividade f\u00edsica afetam nosso metabolismo\">acelera seu metabolismo<\/a>, \u00e9 supersaborosa e, se voc\u00ea quiser, at\u00e9 d\u00e1 para acrescentar aquele toque de pimenta calabresa para finalizar.\u00a0\u00a0\u00a0<\/p>\n\n\n\n<p>N\u00e3o d\u00e1 para perder, n\u00e9?<\/p>\n\n\n\n<p><strong>Dica da nutri<\/strong>: A sopa se torna termog\u00eanica por conta do <a href=\"https:\/\/www.smartfit.com.br\/news\/nutricao\/os-beneficios-do-gengibre-para-a-sua-saude\/\" title=\"Os benef\u00edcios do gengibre para a sua sa\u00fade\">gengibre<\/a> e da canela, consequentemente, aumenta o metabolismo e \u00e9 \u00f3tima para quem deseja diminuir a porcentagem de gordura. Quando alinhada a treino e dieta, potencializa ainda mais os resultados.\u00a0<\/p>\n\n\n\n<p>Outro ponto muito positivo dessa receita, \u00e9 o fato dela conter beterraba, que \u00e9 um <a href=\"https:\/\/www.smartfit.com.br\/news\/nutricao\/beneficios-da-comida-de-verdade\/\" title=\"5 benef\u00edcios que s\u00f3 comida de verdade tem\">legume<\/a> que ajuda o m\u00fasculo a obter oxig\u00eanio mais r\u00e1pido e diminui o esfor\u00e7o que o cora\u00e7\u00e3o precisa fazer para levar o sangue e oxig\u00eanio at\u00e9 a nossa musculatura durante a pr\u00e1tica de exerc\u00edcio f\u00edsico.\u00a0<\/p>\n\n\n\n<p>Isso acontece por conta dos nitratos que a beterraba possui. O nosso corpo converte o nitrato em \u00f3xido n\u00edtrico, que faz com que a gente dilate os vasos sangu\u00edneos, diminuindo a press\u00e3o, e consequentemente, demorando mais tempo para a <a href=\"https:\/\/www.smartfit.com.br\/news\/fitness\/como-ganhar-mais-resistencia-muscular-e-aerobica\/\" title=\"Como ganhar mais resist\u00eancia muscular e aer\u00f3bica?\">fadiga muscular<\/a> acontecer.<\/p>\n\n\n\n<p>E que isso significa? Que a gente consegue treinar pesado por mais tempo e os resultados aparecem mais r\u00e1pido.&nbsp;<\/p>\n\n\n\n<p>A melhor parte \u00e9 que ela \u00e9 superf\u00e1cil de fazer. Vem com a gente seguir a receita:<\/p>\n\n\n\n<h2 class=\"wp-block-heading\">Sopa termog\u00eanica vermelha<\/h2>\n\n\n\n<h3 class=\"wp-block-heading\">Ingredientes<\/h3>\n\n\n<div class=\"wp-block-image\">\n<figure class=\"aligncenter is-resized\"><img fetchpriority=\"high\" decoding=\"async\" src=\"https:\/\/lh4.googleusercontent.com\/Z2w8TbdUFlpIN_k05B5FbU7uU7BD0x4SfxWvgWBX1jMRKS1_o_S5nd05mX3WGoF9_flO22yRrJpr597TfIXKJ1u2hBVClApPmMh5hGvX66dZ1yeIDNYgaXzYQCRoU23i2Sy7IfKQsjnRU4RT7Droq6zIFK1SfufBhvFRSh4b_1l1anZsxss02daOHg\" alt=\"\" width=\"384\" height=\"512\"\/><\/figure>\n<\/div>\n\n\n<ul class=\"wp-block-list\"><li>1 colher (sopa) de azeite extra virgem;<\/li><li>1 cebola m\u00e9dia cortada em cubos;<\/li><li>3 dentes de alho picados;<\/li><li>5 tomates m\u00e9dios com cascas e sementes cortados em peda\u00e7os pequenos;<\/li><li>1 beterraba grande com casca e cortada em peda\u00e7os pequenos;<\/li><li>1 cenoura m\u00e9dia com casca, cortada em peda\u00e7os pequenos;<\/li><li>\u00bd colher (ch\u00e1) de cominho mo\u00eddo;<\/li><li>\u00bd colher (ch\u00e1) de pimenta do reino;<\/li><li>10g de gengibre;<\/li><li>\u00bd colher (ch\u00e1) de canela em p\u00f3;<\/li><li>1 colher (ch\u00e1) de p\u00e1prica;<\/li><li>1 colher (ch\u00e1) de sal;<\/li><li>500 ml de \u00e1gua.<\/li><\/ul>\n\n\n\n<h3 class=\"wp-block-heading\">Forma de preparo:<\/h3>\n\n\n<div class=\"wp-block-image\">\n<figure class=\"aligncenter is-resized\"><img decoding=\"async\" src=\"https:\/\/lh6.googleusercontent.com\/E9Rd50tDgzQuaZHSud3B33PPtQoL44HufJBs_rXgtLHHtuL_5TpgebFzAD-rV2oDD6SkSrbi2Pkkx_EObaa0k47RWVJhxd86nXCWn1E3ryaJdFjeRW0-LHZBCPZPGnuH2b6U4rlH_cdzZRCpvlHbcAqybcZj-1SDBmv6Dc8w2kaHZK1mCYDossvsgg\" alt=\"\" width=\"384\" height=\"512\"\/><\/figure>\n<\/div>\n\n\n<ol class=\"wp-block-list\"><li>Em uma panela grande, aque\u00e7a o azeite.<\/li><li>Adicione a cebola e o alho e cozinhe em fogo moderado, mexendo sempre, at\u00e9 amolecer, por 3 minutos.<\/li><li>Adicione os tomates, as beterrabas, as cenouras, o gengibre e os temperos: cominho, pimenta, canela e a p\u00e1prica.<\/li><li>Tempere com sal e adicione \u00e1gua suficiente at\u00e9 cobrir os legumes.<\/li><li>Deixe ferver, tampe parcialmente e cozinhe em fogo baixo at\u00e9 que as hortali\u00e7as estejam bem macias, por cerca de 1 hora.<\/li><li>Retire do fogo e deixe descansar por pelo menos 30 minutos para permitir que os sabores se desenvolvam.<\/li><\/ol>\n\n\n\n<p>Dica: Pode ser consumido em v\u00e1rias texturas, em pedacinhos ou em forma de<\/p>\n\n\n\n<p>creme, \u00e9 s\u00f3 amassar com um amassador de batata para ficar na forma de pur\u00ea.<\/p>\n\n\n\n<p>Se preferir em forma de sopa creme mais l\u00edquida, bata no liquidificador\/mixer com \u00bd copo (100 ml) de \u00e1gua quente.<\/p>\n\n\n\n<p>A sopa tem 108 kcal, rende 4 por\u00e7\u00f5es e pode ser refrigerada por at\u00e9 3 dias.<\/p>\n\n\n\n<h2 class=\"wp-block-heading\">Minha Fam\u00edlia Perfeita<\/h2>\n\n\n\n<p>Conhecer a fam\u00edlia \u00e9 um passo importante para qualquer relacionamento. Por isso, Denise acha que Fred n\u00e3o est\u00e1 levando o namoro deles a s\u00e9rio. Afinal, embora ele j\u00e1 conhe\u00e7a toda a fam\u00edlia dela, sempre tem uma nova desculpa para n\u00e3o apresent\u00e1-la aos Baguette.<\/p>\n\n\n\n<p>O que Denise n\u00e3o imagina \u00e9 que a fam\u00edlia do homem que ela ama est\u00e1 muito longe de ser t\u00e3o perfeitinha quanto a dela.<\/p>\n\n\n\n<p>Sob press\u00e3o de namorada, Fred decide que chegou a hora de encarar as consequ\u00eancias. No dia programado para a apresenta\u00e7\u00e3o, por\u00e9m, um acaso do destino faz com que a mo\u00e7a confunda atores profissionais com a fam\u00edlia de Fred \u2014 e ele decide levar a farsa adiante para n\u00e3o perder a namorada. O que ningu\u00e9m esperava \u00e9 que este elenco fosse causar ainda mais confus\u00e3o que aquele formado pelos verdadeiros Baguette.<\/p>\n\n\n\n<p>Minha Fam\u00edlia Perfeita conta com Isabelle Drummond (<em>Cheias de Charme<\/em>), Rafael Infante (<em>Porta dos Fundos<\/em>), Antonio Calloni (<em>O Clone<\/em>), Zez\u00e9 Polessa (<em>Porto dos Milagres<\/em>), Bianca Byington (<em>Insensato Cora\u00e7\u00e3o<\/em>) e grande elenco. A dire\u00e7\u00e3o \u00e9 de Felipe Joffily (<em>Muita Calma Nessa Hora<\/em>).<\/p>\n\n\n\n<p>A Smart Fit faz parte dessa hist\u00f3ria dentro e fora das telas: al\u00e9m de ser cen\u00e1rio de um momento importante para a trama, tamb\u00e9m est\u00e1 entre os apoiadores do projeto.&nbsp;<\/p>\n\n\n\n<p>Assista aqui ao trailer de Minha Fam\u00edlia Perfeita:<\/p>\n\n\n\n<figure class=\"wp-block-embed is-type-video is-provider-youtube wp-block-embed-youtube wp-embed-aspect-16-9 wp-has-aspect-ratio\"><div class=\"wp-block-embed__wrapper\">\n<iframe title=\"Minha Fam\u00edlia Perfeita | Trailer\" width=\"500\" height=\"281\" src=\"https:\/\/www.youtube.com\/embed\/boBDbTct8ik?feature=oembed\" frameborder=\"0\" allow=\"accelerometer; autoplay; clipboard-write; encrypted-media; gyroscope; picture-in-picture; web-share\" referrerpolicy=\"strict-origin-when-cross-origin\" allowfullscreen><\/iframe>\n<\/div><\/figure>\n","protected":false},"excerpt":{"rendered":"<p>Uma receita diferente que d\u00e1 \u00e1gua na boca<\/p>\n","protected":false},"author":1,"featured_media":27006,"comment_status":"open","ping_status":"open","sticky":false,"template":"","format":"standard","meta":{"footnotes":""},"categories":[1246],"tags":[],"class_list":["post-26999","post","type-post","status-publish","format-standard","has-post-thumbnail","hentry","category-nutricao"],"acf":{"banner_imagem":"","banner_link":"","banner_target":"_blank","cta":{"label":"Compre seu ingresso","link":"https:\/\/www.ingresso.com\/filme\/minha-familia-perfeita","target":"_blank"},"image_thumb_horizontal":27007,"image_thumb_vertical":27008,"image_carrosel":27009},"aioseo_notices":[],"thumbnail_url":"https:\/\/www.smartfit.com.br\/news\/wp-content\/uploads\/2022\/09\/Sopa-termoge\u0302nica-vermelha-minha-fami\u0301lia-perfeita.jpg","_links":{"self":[{"href":"https:\/\/www.smartfit.com.br\/news\/wp-json\/wp\/v2\/posts\/26999","targetHints":{"allow":["GET"]}}],"collection":[{"href":"https:\/\/www.smartfit.com.br\/news\/wp-json\/wp\/v2\/posts"}],"about":[{"href":"https:\/\/www.smartfit.com.br\/news\/wp-json\/wp\/v2\/types\/post"}],"author":[{"embeddable":true,"href":"https:\/\/www.smartfit.com.br\/news\/wp-json\/wp\/v2\/users\/1"}],"replies":[{"embeddable":true,"href":"https:\/\/www.smartfit.com.br\/news\/wp-json\/wp\/v2\/comments?post=26999"}],"version-history":[{"count":5,"href":"https:\/\/www.smartfit.com.br\/news\/wp-json\/wp\/v2\/posts\/26999\/revisions"}],"predecessor-version":[{"id":27016,"href":"https:\/\/www.smartfit.com.br\/news\/wp-json\/wp\/v2\/posts\/26999\/revisions\/27016"}],"wp:featuredmedia":[{"embeddable":true,"href":"https:\/\/www.smartfit.com.br\/news\/wp-json\/wp\/v2\/media\/27006"}],"wp:attachment":[{"href":"https:\/\/www.smartfit.com.br\/news\/wp-json\/wp\/v2\/media?parent=26999"}],"wp:term":[{"taxonomy":"category","embeddable":true,"href":"https:\/\/www.smartfit.com.br\/news\/wp-json\/wp\/v2\/categories?post=26999"},{"taxonomy":"post_tag","embeddable":true,"href":"https:\/\/www.smartfit.com.br\/news\/wp-json\/wp\/v2\/tags?post=26999"}],"curies":[{"name":"wp","href":"https:\/\/api.w.org\/{rel}","templated":true}]}}