{"id":26575,"date":"2022-08-24T16:27:00","date_gmt":"2022-08-24T19:27:00","guid":{"rendered":"https:\/\/www.smartfit.com.br\/news\/?p=26575"},"modified":"2022-10-14T11:57:05","modified_gmt":"2022-10-14T14:57:05","slug":"tudo-sobre-mindfulness","status":"publish","type":"post","link":"https:\/\/www.smartfit.com.br\/news\/saude\/tudo-sobre-mindfulness\/","title":{"rendered":"Tudo que voc\u00ea precisa saber sobre Mindfulness"},"content":{"rendered":"\n<p>Se voc\u00ea gosta de pesquisar (nem que seja s\u00f3 um pouquinho) sobre o universo da sa\u00fade, j\u00e1 deve ter ouvido falar em mindfulness. Por\u00e9m, diferentemente do que muitos pensam, esse n\u00e3o \u00e9 s\u00f3 um termo da moda.<\/p>\n\n\n\n<p>Um estudo da Universidade de Harvard, nos Estados Unidos, descobriu que a pr\u00e1tica do mindfulness no dia a dia ajuda at\u00e9 mesmo no <a href=\"https:\/\/www.smartfit.com.br\/news\/saude\/mindfulness-no-tratamento-da-depressao\/\" title=\"Como o mindfulness atua no tratamento da depress\u00e3o\">tratamento da depress\u00e3o<\/a>.<\/p>\n\n\n\n<h2 class=\"wp-block-heading\">Para o que serve o mindfulness?<\/h2>\n\n\n\n<p>Conta para a gente: quando voc\u00ea realiza algumas tarefas comuns no dia a dia, como escovar os dentes, tomar banho ou arrumar a cama, sente que est\u00e1 focado somente naquilo? Ou sua mente est\u00e1 divagando para outros pensamentos e projetos?<\/p>\n\n\n\n<p>Outro exemplo \u00e9 quando voc\u00ea est\u00e1 a caminho do trabalho e fica pensando no que vai acontecer durante o dia, os compromissos, as reuni\u00f5es e de repente j\u00e1 chegou.&nbsp;<\/p>\n\n\n\n<p>Aquela <a href=\"https:\/\/www.smartfit.com.br\/news\/saude\/caminhar-pode-garantir-uma-vida-mais-longa\/\" title=\"Caminhar apenas 10 minutos por dia pode garantir uma vida mais longa, diz estudo\">caminhada<\/a> de 20 minutos parece que durou s\u00f3 5. E 5 minutos cansativos.<\/p>\n\n\n\n<p>Nesse sentido, o Mindfulness \u00e9 um conjunto de t\u00e9cnicas pr\u00e1ticas, poss\u00edveis e cientificamente comprovadas que te ajudam a focar no momento presente, sem deixar o passado ou o futuro te afetarem, tornando sua mente mais desperta e saud\u00e1vel.<\/p>\n\n\n\n<h2 class=\"wp-block-heading\">Mindfulness para iniciantes<\/h2>\n\n\n\n<p>A dica para os iniciantes \u00e9 come\u00e7ar com pr\u00e1ticas leves e breves (de 1 a 5 minutos por dia), que nos introduzem no mundo de mindfulness de maneira vi\u00e1vel e progressiva.&nbsp;<\/p>\n\n\n\n<p>Para isso voc\u00ea deve:<\/p>\n\n\n\n<ol class=\"wp-block-list\"><li>Adotar uma posi\u00e7\u00e3o confort\u00e1vel (sentado ou deitado) e se estabilizar nessa posi\u00e7\u00e3o;<\/li><li>Fazer <a href=\"https:\/\/www.smartfit.com.br\/news\/saude\/tecnica-de-respiracao-para-aliviar-a-ansiedade\/\" title=\"T\u00e9cnica de respira\u00e7\u00e3o para aliviar a ansiedade\">uma ou duas respira\u00e7\u00f5es profundas<\/a> se atentando ao seu corpo;<\/li><li>Perceber sensa\u00e7\u00f5es como temperatura da pele, desconfortos, etc;<\/li><li>Perceber os movimentos do t\u00f3rax e do abd\u00f4men na respira\u00e7\u00e3o;<\/li><li>Foque sempre no momento presente e tente ignorar as distra\u00e7\u00f5es.&nbsp;<\/li><\/ol>\n\n\n\n<p>Conforme se vai praticando, pegando experi\u00eancia e observando a utilidade e benef\u00edcios das pr\u00e1ticas, \u00e9 poss\u00edvel aumentar a dura\u00e7\u00e3o dos exerc\u00edcios (algumas pessoas chegam a praticar em torno de 45 minutos di\u00e1rios, ampliando progressivamente a pr\u00e1tica).<\/p>\n\n\n\n<h2 class=\"wp-block-heading\">Mindfulness contra ansiedade<\/h2>\n\n\n\n<p>Quando falamos de ansiedade, o objetivo da medita\u00e7\u00e3o \u00e9 diminuir os sintomas f\u00edsicos e direcionar os pensamentos ao momento presente, sem pensar no passado ou no futuro.<\/p>\n\n\n\n<p>Podemos fazer isso observando as sensa\u00e7\u00f5es do nosso corpo, as imagens ou os sons ao nosso redor. Mentalizando cada parte do corpo e relaxando uma a uma aos poucos.<\/p>\n\n\n\n<p>Durante a pr\u00e1tica, as respira\u00e7\u00f5es tamb\u00e9m devem ser bem lentas, assim voc\u00ea relaxa o corpo e vai oxigenando, cada vez mais, o c\u00e9rebro, reduzindo, dessa forma, a ativa\u00e7\u00e3o da am\u00edgdala e ativando o c\u00f3rtex pr\u00e9-frontal esquerdo, ganhando mais clareza e lucidez.<\/p>\n\n\n\n<h2 class=\"wp-block-heading\">Mindfulness no tratamento da depress\u00e3o&nbsp;<\/h2>\n\n\n\n<p>No que tange a depress\u00e3o, o objetivo do mindfulness \u00e9 sair de um ciclo de pensamentos negativos que, muitas vezes, prende a pessoa ao passado ou as lembran\u00e7as ruins.<\/p>\n\n\n\n<p>Ou seja, o foco \u00e9 trazer a pessoa de volta ao presente. Nesse sentido, a especialista em Mindfulness, <a href=\"https:\/\/zenklub.com.br\/terapeutas\/joana-carreirao\/\">Joana Carreir\u00e3o<\/a>, terapeuta do Zenklub (uma plataforma de sa\u00fade emocional e desenvolvimento pessoal), garante que os praticantes devem agir da seguinte forma:<\/p>\n\n\n\n<ul class=\"wp-block-list\"><li>Respirar fundo e observar o presente;<\/li><li>Perguntar a si mesmo \u201ccomo estou me sentindo nesse momento?\u201d;<\/li><li>Entender e olhar com carinho para os seus sentimentos;<\/li><li>Observar sua respira\u00e7\u00e3o e reparar no comportamento do seu corpo;<\/li><li>Perceber o caminho que o ar percorre at\u00e9 chegar nos seus pulm\u00f5es.<\/li><\/ul>\n\n\n\n<p>No entanto, para que esse exerc\u00edcio tenha efeito, ele precisa ser feito frequentemente. Somente dessa forma ser\u00e1 poss\u00edvel sentir os benef\u00edcios do mindfulness no tratamento da depress\u00e3o, alinhando essa ferramenta a um tratamento multidisciplinar, como a terapia.<\/p>\n\n\n\n<p>Para isso, converse com um profissional e encontre o melhor caminho para voc\u00ea.<\/p>\n\n\n\n<h2 class=\"wp-block-heading\">Comece a meditar com o Smart Fit Zen&nbsp;<\/h2>\n\n\n\n<p>Comece a meditar com os v\u00eddeos de at\u00e9 7 minutos do Smart Fit Zen!<\/p>\n\n\n\n<p>Para isso, basta baixar o <a href=\"https:\/\/www.smartfit.com.br\/news\/fitness\/smart-fit-coach-app-exclusivo-treinos\/\">Smart Fit App<\/a> (na Play Store ou no Apple Store), em seguida fazer o seu login, ent\u00e3o clique no Smart Fit Go e acesse o Smart Fit Zen.<\/p>\n\n\n\n<p>Depois, \u00e9 s\u00f3 escolher o seu v\u00eddeo favorito e come\u00e7ar a praticar.<\/p>\n\n\n\n<h2 class=\"wp-block-heading\">Leia tamb\u00e9m<\/h2>\n\n\n\n<figure class=\"wp-block-gallery has-nested-images columns-default is-cropped wp-block-gallery-1 is-layout-flex wp-block-gallery-is-layout-flex\">\n<figure class=\"wp-block-image size-large\"><img fetchpriority=\"high\" decoding=\"async\" width=\"960\" height=\"640\" data-id=\"16908\" src=\"https:\/\/www.smartfit.com.br\/news\/wp-content\/uploads\/2021\/09\/burnout-o-que-e.jpg\" alt=\"O que \u00e9 burnout\" class=\"wp-image-16908\" srcset=\"https:\/\/www.smartfit.com.br\/news\/wp-content\/uploads\/2021\/09\/burnout-o-que-e.jpg 960w, https:\/\/www.smartfit.com.br\/news\/wp-content\/uploads\/2021\/09\/burnout-o-que-e-300x200.jpg 300w, https:\/\/www.smartfit.com.br\/news\/wp-content\/uploads\/2021\/09\/burnout-o-que-e-768x512.jpg 768w, https:\/\/www.smartfit.com.br\/news\/wp-content\/uploads\/2021\/09\/burnout-o-que-e-800x533.jpg 800w, https:\/\/www.smartfit.com.br\/news\/wp-content\/uploads\/2021\/09\/burnout-o-que-e-150x100.jpg 150w\" sizes=\"(max-width: 960px) 100vw, 960px\" \/><figcaption><strong><a href=\"https:\/\/www.smartfit.com.br\/news\/saude\/o-que-e-sindrome-de-burnout\/\" title=\"O que \u00e9 S\u00edndrome de Burnout?\">O que \u00e9 Burnout?<\/a><\/strong><\/figcaption><\/figure>\n\n\n\n<figure class=\"wp-block-image size-large\"><img decoding=\"async\" width=\"1440\" height=\"790\" data-id=\"11389\" src=\"https:\/\/www.smartfit.com.br\/news\/wp-content\/uploads\/2020\/09\/Com-academia-e-rede-de-apoio-ele-venceu-a-depress\u00e3o-_-Well-Gama.jpg\" alt=\"Com academia e rede de apoio, Well Gama venceu a depress\u00e3o\" class=\"wp-image-11389\"\/><figcaption><strong><a href=\"https:\/\/www.smartfit.com.br\/news\/academia\/com-academia-e-rede-de-apoio-ele-venceu-a-depressao\/\" title=\"Com academia e rede de apoio, ele venceu a depress\u00e3o\">Com academia e rede de apoio, ele venceu a depress\u00e3o <\/a><\/strong><\/figcaption><\/figure>\n\n\n\n<figure class=\"wp-block-image size-large\"><img decoding=\"async\" width=\"960\" height=\"640\" data-id=\"20435\" src=\"https:\/\/www.smartfit.com.br\/news\/wp-content\/uploads\/2022\/04\/Beneficios-da-Yoga.jpg\" alt=\"Imagem mostra homem praticando yoga ao ar livre\" class=\"wp-image-20435\" srcset=\"https:\/\/www.smartfit.com.br\/news\/wp-content\/uploads\/2022\/04\/Beneficios-da-Yoga.jpg 960w, https:\/\/www.smartfit.com.br\/news\/wp-content\/uploads\/2022\/04\/Beneficios-da-Yoga-300x200.jpg 300w, https:\/\/www.smartfit.com.br\/news\/wp-content\/uploads\/2022\/04\/Beneficios-da-Yoga-768x512.jpg 768w, https:\/\/www.smartfit.com.br\/news\/wp-content\/uploads\/2022\/04\/Beneficios-da-Yoga-800x533.jpg 800w, https:\/\/www.smartfit.com.br\/news\/wp-content\/uploads\/2022\/04\/Beneficios-da-Yoga-150x100.jpg 150w\" sizes=\"(max-width: 960px) 100vw, 960px\" \/><figcaption><strong><a href=\"https:\/\/www.smartfit.com.br\/news\/fitness\/beneficios-da-yoga-para-seu-corpo-e-mente\/\" title=\"A Yoga \u00e9 para voc\u00ea e n\u00f3s podemos provar\">Benef\u00edcios da Yoga<\/a><\/strong><\/figcaption><\/figure>\n<\/figure>\n","protected":false},"excerpt":{"rendered":"<p>Mindfulness, ou aten\u00e7\u00e3o plena, \u00e9 a pr\u00e1tica de se estar no momento presente da maneira mais consciente poss\u00edvel<\/p>\n","protected":false},"author":1,"featured_media":27552,"comment_status":"open","ping_status":"open","sticky":false,"template":"","format":"standard","meta":{"footnotes":""},"categories":[1244],"tags":[1312],"class_list":["post-26575","post","type-post","status-publish","format-standard","has-post-thumbnail","hentry","category-saude","tag-card"],"acf":{"banner_imagem":"","banner_link":"","banner_target":"_blank","cta":{"label":"Conhe\u00e7a a Smart Fit mais perto de voc\u00ea","link":"https:\/\/www.smartfit.com.br\/academias","target":"_blank"},"image_thumb_horizontal":27553,"image_thumb_vertical":27554,"image_carrosel":27555},"aioseo_notices":[],"thumbnail_url":"https:\/\/www.smartfit.com.br\/news\/wp-content\/uploads\/2022\/08\/Mindfulness.jpg","_links":{"self":[{"href":"https:\/\/www.smartfit.com.br\/news\/wp-json\/wp\/v2\/posts\/26575","targetHints":{"allow":["GET"]}}],"collection":[{"href":"https:\/\/www.smartfit.com.br\/news\/wp-json\/wp\/v2\/posts"}],"about":[{"href":"https:\/\/www.smartfit.com.br\/news\/wp-json\/wp\/v2\/types\/post"}],"author":[{"embeddable":true,"href":"https:\/\/www.smartfit.com.br\/news\/wp-json\/wp\/v2\/users\/1"}],"replies":[{"embeddable":true,"href":"https:\/\/www.smartfit.com.br\/news\/wp-json\/wp\/v2\/comments?post=26575"}],"version-history":[{"count":7,"href":"https:\/\/www.smartfit.com.br\/news\/wp-json\/wp\/v2\/posts\/26575\/revisions"}],"predecessor-version":[{"id":28951,"href":"https:\/\/www.smartfit.com.br\/news\/wp-json\/wp\/v2\/posts\/26575\/revisions\/28951"}],"wp:featuredmedia":[{"embeddable":true,"href":"https:\/\/www.smartfit.com.br\/news\/wp-json\/wp\/v2\/media\/27552"}],"wp:attachment":[{"href":"https:\/\/www.smartfit.com.br\/news\/wp-json\/wp\/v2\/media?parent=26575"}],"wp:term":[{"taxonomy":"category","embeddable":true,"href":"https:\/\/www.smartfit.com.br\/news\/wp-json\/wp\/v2\/categories?post=26575"},{"taxonomy":"post_tag","embeddable":true,"href":"https:\/\/www.smartfit.com.br\/news\/wp-json\/wp\/v2\/tags?post=26575"}],"curies":[{"name":"wp","href":"https:\/\/api.w.org\/{rel}","templated":true}]}}