{"id":26197,"date":"2022-08-12T17:24:00","date_gmt":"2022-08-12T20:24:00","guid":{"rendered":"https:\/\/www.smartfit.com.br\/news\/?p=26197"},"modified":"2026-01-09T18:12:49","modified_gmt":"2026-01-09T21:12:49","slug":"em-quanto-tempo-vou-ver-resultados-dos-meus-treinos","status":"publish","type":"post","link":"https:\/\/www.smartfit.com.br\/news\/saude\/em-quanto-tempo-vou-ver-resultados-dos-meus-treinos\/","title":{"rendered":"Em quanto tempo vou ver resultados dos meus treinos?"},"content":{"rendered":"\n<p>A primeira coisa que muitos alunos querem saber assim que come\u00e7am a academia \u00e9: \u201cem quanto tempo vou atingir meu <a href=\"https:\/\/www.smartfit.com.br\/news\/fitness\/tempo-de-treino\/\" title=\"Por quanto tempo voc\u00ea deve treinar, de acordo com o seu objetivo fitness\">objetivo<\/a>?\u201d. Mas o problema de responder essa pergunta \u00e9 que n\u00e3o depende apenas do seu treino.<\/p>\n\n\n\n<p>\u201c<a href=\"https:\/\/www.smartfit.com.br\/news\/fitness\/consistencia-x-perfeicao\/\" title=\"Consist\u00eancia X Perfei\u00e7\u00e3o: qual o melhor para seu objetivo fitness\">Resultados demandam tempo e paci\u00eancia<\/a>, tendo como influ\u00eancia diversos fatores al\u00e9m da periodiza\u00e7\u00e3o de treinamento, tais como uma <a href=\"https:\/\/www.smartfit.com.br\/news\/saude\/o-que-e-metabolismo\/\" title=\"Como a alimenta\u00e7\u00e3o e a atividade f\u00edsica afetam nosso metabolismo\">alimenta\u00e7\u00e3o equilibrada<\/a>, boas noites de sono e descanso\u201d, esclarece a educadora f\u00edsica Amanda Galindo, do <a href=\"https:\/\/coach.smartfit.com.br\/conheca\/\">SmartFit Coach<\/a>.<\/p>\n\n\n\n<p>Mas, digamos que voc\u00ea esteja fazendo tudo certinho. Eis em quanto tempo voc\u00ea ver\u00e1 resultados, dependendo do seu objetivo:<\/p>\n\n\n\n<h2 class=\"wp-block-heading\">Em quanto tempo eu vou\u2026<\/h2>\n\n\n\n<h3 class=\"wp-block-heading\">\u2026Fortalecer o cora\u00e7\u00e3o<\/h3>\n\n\n\n<p>Em duas semanas.&nbsp;<\/p>\n\n\n\n<p>O cora\u00e7\u00e3o \u00e9 um m\u00fasculo e, \u00e0 medida que voc\u00ea fica em forma, ele se torna mais forte. Isso leva a um aumento do volume sist\u00f3lico e pode, por sua vez, diminuir sua frequ\u00eancia card\u00edaca em repouso e ser muito ben\u00e9fica para quem tem problemas de sa\u00fade.<\/p>\n\n\n\n<h3 class=\"wp-block-heading\">\u2026Diminuir a press\u00e3o arterial<\/h3>\n\n\n\n<p>Em duas semanas.<\/p>\n\n\n\n<p>Um estudo mostrou que simplesmente aumentar sua contagem de passos di\u00e1ria pode levar a uma redu\u00e7\u00e3o na press\u00e3o arterial que reduz a chance de morte por acidente vascular cerebral em 14%.<\/p>\n\n\n\n<h3 class=\"wp-block-heading\">\u2026Melhorar a resist\u00eancia<\/h3>\n\n\n\n<p>Em 1 ou 2 meses.<\/p>\n\n\n\n<p>O VO2max, que \u00e9 a maior taxa de consumo de oxig\u00eanio poss\u00edvel durante o exerc\u00edcio exaustivo, \u00e9 um \u00f3timo indicador da aptid\u00e3o f\u00edsica de algu\u00e9m, indicando que voc\u00ea vai se sentir menos cansado ao fazer exerc\u00edcios ou apenas no dia a dia.<\/p>\n\n\n\n<p>Voc\u00ea pode ver uma melhoria de at\u00e9 20% no seu VO2max em 1 a 2 meses.<\/p>\n\n\n\n<h3 class=\"wp-block-heading\">\u2026Aumentar os m\u00fasculos<\/h3>\n\n\n\n<p>Em 3 a 6 meses.<\/p>\n\n\n\n<p>Voc\u00ea vai se sentir mais forte em poucas semanas, j\u00e1 que a maioria dos ganhos iniciais de for\u00e7a \u00e9 resultado do aprendizado das conex\u00f5es neuromusculares de como produzir movimento.<\/p>\n\n\n\n<p>Mas as mudan\u00e7as no tamanho do m\u00fasculo leva mais tempo e depende altamente dos outros fatores citados, como alimenta\u00e7\u00e3o e bom sono.<\/p>\n\n\n\n<p><a href=\"https:\/\/www.smartfit.com.br\/news\/nutricao\/alimentacao-para-hipertrofia\/\">Veja aqui os mitos e verdades sobre a limenta\u00e7\u00e3o para hipertrofia<\/a>.<\/p>\n\n\n\n<h3 class=\"wp-block-heading\">\u2026Perder peso<\/h3>\n\n\n\n<p>Em 3 meses.<\/p>\n\n\n\n<p>Um estudo com 52 homens obesos relatou uma diminui\u00e7\u00e3o do peso corporal de 7,5 kg ao longo de 1 trimestre usando apenas exerc\u00edcios \u2013 sem mudar a dieta.<\/p>\n\n\n\n<p>\u00c9 claro que aqui \u00e9 muito relativo a quanto peso voc\u00ea quer perder. Se \u00e9 s\u00f3 3kg, voc\u00ea pode conseguir isso em um m\u00eas. Se \u00e9 15kg, pode levar um semestre. Mas a m\u00e9dia fica em torno de 3 meses.&nbsp;<\/p>\n\n\n\n<h3 class=\"wp-block-heading\">\u2026Melhorar minha sa\u00fade mental<\/h3>\n\n\n\n<p>Em 3 meses.<\/p>\n\n\n\n<p>Mesmo caminhadas breves e de baixa intensidade podem <a href=\"https:\/\/www.smartfit.com.br\/news\/saude\/exercicios-ajudam-no-seu-bem-estar-mental\/\" title=\"Exerc\u00edcios ajudam no seu bem-estar mental\">melhorar nosso estado mental<\/a> quase que imediatamente, devido a libera\u00e7\u00e3o de horm\u00f4nios do bem-estar. Voc\u00ea pode come\u00e7ar a notar efeitos positivos ap\u00f3s apenas 10 minutos de treinamento aer\u00f3bico.<\/p>\n\n\n\n<p>Mas \u00e9 claro que, para uma melhora efetiva (e n\u00e3o moment\u00e2nea), \u00e9 preciso fazer dos exerc\u00edcios uma parte da sua rotina regular \u2013 por pelo menos 3 meses.<\/p>\n\n\n\n<h2 class=\"wp-block-heading\">Leia tamb\u00e9m<\/h2>\n\n\n\n<figure class=\"wp-block-gallery has-nested-images columns-default is-cropped wp-block-gallery-1 is-layout-flex wp-block-gallery-is-layout-flex\">\n<figure class=\"wp-block-image size-large\"><img fetchpriority=\"high\" decoding=\"async\" width=\"960\" height=\"640\" data-id=\"20000\" src=\"https:\/\/www.smartfit.com.br\/news\/wp-content\/uploads\/2022\/03\/como-criar-habitos.jpg\" alt=\"Pessoa com uma caneca de ch\u00e1, um bowl de gr\u00e3os para uma refei\u00e7\u00e3o saud\u00e1vel, folheando um livro sobre como criar h\u00e1bitos\" class=\"wp-image-20000\" srcset=\"https:\/\/www.smartfit.com.br\/news\/wp-content\/uploads\/2022\/03\/como-criar-habitos.jpg 960w, https:\/\/www.smartfit.com.br\/news\/wp-content\/uploads\/2022\/03\/como-criar-habitos-300x200.jpg 300w, https:\/\/www.smartfit.com.br\/news\/wp-content\/uploads\/2022\/03\/como-criar-habitos-768x512.jpg 768w, https:\/\/www.smartfit.com.br\/news\/wp-content\/uploads\/2022\/03\/como-criar-habitos-800x533.jpg 800w, https:\/\/www.smartfit.com.br\/news\/wp-content\/uploads\/2022\/03\/como-criar-habitos-150x100.jpg 150w\" sizes=\"(max-width: 960px) 100vw, 960px\" \/><figcaption><strong><a href=\"https:\/\/www.smartfit.com.br\/news\/saude\/como-criar-habitos\/\" title=\"Tudo o que voc\u00ea precisa saber para criar h\u00e1bitos (e para perd\u00ea-los tamb\u00e9m!)\">Como criar h\u00e1bitos?<\/a><\/strong><\/figcaption><\/figure>\n\n\n\n<figure class=\"wp-block-image size-large\"><img decoding=\"async\" width=\"1440\" height=\"790\" data-id=\"9409\" src=\"https:\/\/www.smartfit.com.br\/news\/wp-content\/uploads\/2020\/07\/nutricionista-online.jpg\" alt=\"nutricionista-online\" class=\"wp-image-9409\" \/><figcaption><a href=\"https:\/\/www.smartfit.com.br\/news\/nutricao\/vale-a-pena-ir-ao-nutricionista\/\" title=\"Por que mesmo pessoas saud\u00e1veis devem consultar um nutricionista\"><strong>Por que agendar uma consulta com nutricionista?<\/strong><\/a><\/figcaption><\/figure>\n\n\n\n<figure class=\"wp-block-image size-large\"><img decoding=\"async\" width=\"960\" height=\"640\" data-id=\"21426\" src=\"https:\/\/www.smartfit.com.br\/news\/wp-content\/uploads\/2022\/06\/Como-aprender-a-gostar-de-se-exercitar.jpg\" alt=\"Imagem mostra mulher em ambiente de academia arrumando o t\u00eanis e pronta para treinar\" class=\"wp-image-21426\" srcset=\"https:\/\/www.smartfit.com.br\/news\/wp-content\/uploads\/2022\/06\/Como-aprender-a-gostar-de-se-exercitar.jpg 960w, https:\/\/www.smartfit.com.br\/news\/wp-content\/uploads\/2022\/06\/Como-aprender-a-gostar-de-se-exercitar-300x200.jpg 300w, https:\/\/www.smartfit.com.br\/news\/wp-content\/uploads\/2022\/06\/Como-aprender-a-gostar-de-se-exercitar-768x512.jpg 768w, https:\/\/www.smartfit.com.br\/news\/wp-content\/uploads\/2022\/06\/Como-aprender-a-gostar-de-se-exercitar-800x533.jpg 800w, https:\/\/www.smartfit.com.br\/news\/wp-content\/uploads\/2022\/06\/Como-aprender-a-gostar-de-se-exercitar-750x500.jpg 750w, https:\/\/www.smartfit.com.br\/news\/wp-content\/uploads\/2022\/06\/Como-aprender-a-gostar-de-se-exercitar-150x100.jpg 150w\" sizes=\"(max-width: 960px) 100vw, 960px\" \/><figcaption><strong><a href=\"https:\/\/www.smartfit.com.br\/news\/fitness\/como-gostar-de-se-exercitar\/\" title=\"Como aprender a gostar de se exercitar?\">Como aprender a gostar de se exercitar<\/a><\/strong><\/figcaption><\/figure>\n<\/figure>\n","protected":false},"excerpt":{"rendered":"<p>De semanas a meses, dependendo do seu objetivo<\/p>\n","protected":false},"author":1,"featured_media":26327,"comment_status":"open","ping_status":"open","sticky":false,"template":"","format":"standard","meta":{"footnotes":""},"categories":[1244],"tags":[],"class_list":["post-26197","post","type-post","status-publish","format-standard","has-post-thumbnail","hentry","category-saude"],"acf":{"banner_imagem":"","banner_link":"","banner_target":"_blank","cta":{"label":"Vem treinar na Smart Fit!","link":"https:\/\/www.smartfit.com.br\/academias?utm_source=EGM&amp;utm_medium=BLOG&amp;utm_campaign=SFBR20260109_AQS_NEWS-FIT_W02","target":"_blank"},"image_thumb_horizontal":26328,"image_thumb_vertical":26329,"image_carrosel":26330},"aioseo_notices":[],"thumbnail_url":"https:\/\/www.smartfit.com.br\/news\/wp-content\/uploads\/2022\/08\/resultados-do-treino.jpg","_links":{"self":[{"href":"https:\/\/www.smartfit.com.br\/news\/wp-json\/wp\/v2\/posts\/26197","targetHints":{"allow":["GET"]}}],"collection":[{"href":"https:\/\/www.smartfit.com.br\/news\/wp-json\/wp\/v2\/posts"}],"about":[{"href":"https:\/\/www.smartfit.com.br\/news\/wp-json\/wp\/v2\/types\/post"}],"author":[{"embeddable":true,"href":"https:\/\/www.smartfit.com.br\/news\/wp-json\/wp\/v2\/users\/1"}],"replies":[{"embeddable":true,"href":"https:\/\/www.smartfit.com.br\/news\/wp-json\/wp\/v2\/comments?post=26197"}],"version-history":[{"count":6,"href":"https:\/\/www.smartfit.com.br\/news\/wp-json\/wp\/v2\/posts\/26197\/revisions"}],"predecessor-version":[{"id":45118,"href":"https:\/\/www.smartfit.com.br\/news\/wp-json\/wp\/v2\/posts\/26197\/revisions\/45118"}],"wp:featuredmedia":[{"embeddable":true,"href":"https:\/\/www.smartfit.com.br\/news\/wp-json\/wp\/v2\/media\/26327"}],"wp:attachment":[{"href":"https:\/\/www.smartfit.com.br\/news\/wp-json\/wp\/v2\/media?parent=26197"}],"wp:term":[{"taxonomy":"category","embeddable":true,"href":"https:\/\/www.smartfit.com.br\/news\/wp-json\/wp\/v2\/categories?post=26197"},{"taxonomy":"post_tag","embeddable":true,"href":"https:\/\/www.smartfit.com.br\/news\/wp-json\/wp\/v2\/tags?post=26197"}],"curies":[{"name":"wp","href":"https:\/\/api.w.org\/{rel}","templated":true}]}}