{"id":21589,"date":"2022-07-04T15:40:33","date_gmt":"2022-07-04T18:40:33","guid":{"rendered":"https:\/\/www.smartfit.com.br\/news\/?p=21589"},"modified":"2022-07-04T17:18:31","modified_gmt":"2022-07-04T20:18:31","slug":"edital-smart-fit-2022","status":"publish","type":"post","link":"https:\/\/www.smartfit.com.br\/news\/academia\/edital-smart-fit-2022\/","title":{"rendered":"Saiba tudo sobre o Edital Smart Fit 2022 e nosso programa de incentivo"},"content":{"rendered":"\n<p>Voc\u00ea sabia que a Smart Fit est\u00e1 aceitando projetos para o Edital Smart Fit 2022?<\/p>\n\n\n\n<p>A Smart Fit nasceu com o objetivo de democratizar a atividade f\u00edsica de alto padr\u00e3o. Por isso, a companhia abriu dois editais, um para S\u00e3o Paulo e outro para Belo Horizonte, com objetivo de fomentar projetos baseados em uma cultura de movimento, exerc\u00edcios e atividades f\u00edsicas voltadas para a sa\u00fade e para o bem-estar.<\/p>\n\n\n\n<p>Com isso, poder\u00e3o se inscrever institui\u00e7\u00f5es p\u00fablicas ou ONGs sem fins lucrativos \u2013 desde que as a\u00e7\u00f5es propostas sejam compat\u00edveis com seus fins sociais e estatut\u00e1rios.<\/p>\n\n\n\n<p>&nbsp;Al\u00e9m disso, \u00e9 preciso que essas institui\u00e7\u00f5es tenham sido aprovadas para captar recursos incentivados pela Lei Municipal de Incentivo \u00e0 Cultura (LMIC) de Belo Horizonte ou pela Lei N\u00ba 15.948 do Programa Municipal de Apoio a Projetos Culturais &#8211; PROMAC, de S\u00e3o Paulo.<\/p>\n\n\n\n<p>Continue a leitura&nbsp; e conhe\u00e7a os detalhes!<\/p>\n\n\n\n<h2 class=\"wp-block-heading\">Modalidades aceitas no Edital Smart Fit 2022<\/h2>\n\n\n\n<p>Para esses editais ser\u00e3o aceitas duas modalidades:<\/p>\n\n\n\n<h3 class=\"wp-block-heading\">Projetos de Atendimento Continuado<\/h3>\n\n\n\n<p>Nessa modalidade ser\u00e3o aceitos projetos com com um cronograma de 12 meses, focado em atividades que promovam um atendimento cont\u00ednuo e o acompanhamento direto dos participantes, bem como dos resultados e das a\u00e7\u00f5es que ser\u00e3o desenvolvidas.&nbsp;<\/p>\n\n\n\n<p>Ou seja, nessa categoria se enquadram projetos sociais, esportivos e culturais que:<\/p>\n\n\n\n<ul class=\"wp-block-list\"><li>Oferecem pr\u00e1ticas regulares de atividades f\u00edsicas para os participantes;<\/li><li>Desenvolvem atividades complementares para crian\u00e7as e adolescentes, tendo o esporte como estrat\u00e9gia educativa para estimular a perman\u00eancia nas escolas;&nbsp;<\/li><li>Focam na pr\u00e1tica esportiva e no bem-estar da terceira idade;<\/li><li>Entre outros.&nbsp;<\/li><\/ul>\n\n\n\n<h3 class=\"wp-block-heading\">Projetos de Produ\u00e7\u00e3o Espec\u00edfica<\/h3>\n\n\n\n<p>J\u00e1 no que diz respeito a projetos de produ\u00e7\u00e3o espec\u00edfica, o Edital Smart Fit 2022 vai aceitar iniciativas que n\u00e3o necessitam de acompanhamento permanente dos participantes.&nbsp;<\/p>\n\n\n\n<p>Ou seja, nessa categoria enquadram-se projetos de:<\/p>\n\n\n\n<ul class=\"wp-block-list\"><li>Produ\u00e7\u00e3o cultural (filmes, publica\u00e7\u00f5es, espet\u00e1culos, etc.);&nbsp;<\/li><li>Realiza\u00e7\u00e3o de oficinas de condicionamento f\u00edsico;&nbsp;<\/li><li>Pr\u00e1tica de atividade f\u00edsica em espa\u00e7os p\u00fablicos;&nbsp;<\/li><li>Projetos que produzem equipamentos para condicionamento f\u00edsico utilizando materiais reciclados ou projetos que envolvem tecnologias.&nbsp;<\/li><\/ul>\n\n\n\n<p>Os projetos inscritos, nas duas modalidades, tamb\u00e9m dever\u00e3o contemplar a\u00e7\u00f5es que focalizem pelo menos um dos seguintes p\u00fablicos: crian\u00e7as, idosos, popula\u00e7\u00f5es vulner\u00e1veis&nbsp; sujeitas a maior grau de exclus\u00e3o e grupos sociais mais vulner\u00e1veis ao sedentarismo.<\/p>\n\n\n\n<h2 class=\"wp-block-heading\">Como fa\u00e7o a inscri\u00e7\u00e3o do meu projeto no Edital Smart Fit 2022?<\/h2>\n\n\n\n<ol class=\"wp-block-list\"><li>Acesse <a href=\"https:\/\/www.editalsmartfit.com.br\/portal\">https:\/\/www.editalsmartfit.com.br\/portal<\/a>;<\/li><li>Fa\u00e7a seu login ou cadastro;<\/li><li>Clique no bot\u00e3o &#8220;Abrir Projeto&#8221;, que aparece dentro da caixa MEU PROJETO;<\/li><li>Na sequ\u00eancia, preencha corretamente todas os campos do formul\u00e1rio REPRESENTANTE LEGAL e para avan\u00e7ar clique em &#8220;SALVAR E CONTINUAR\u201d para encerrar a 1\u00aa etapa;<\/li><li>A 2\u00aa etapa do formul\u00e1rio \u00e9 a de INSTITUI\u00c7\u00c3O RESPONS\u00c1VEL. Assim como no passo anterior, voc\u00ea precisa preencher todos os campos corretamente e clicar em &#8220;SALVAR E CONTINUAR&#8221; no final da p\u00e1gina.&nbsp;<\/li><li>Prossiga, ent\u00e3o, para a 3\u00aa etapa do formul\u00e1rio: INFORMA\u00c7\u00d5ES GERAIS DO PROJETO. Clique em &#8220;SALVAR E CONTINUAR&#8221; no final da p\u00e1gina.&nbsp;<\/li><li>Logo ap\u00f3s, voc\u00ea dever\u00e1 SELECIONAR O GUIA DE ELABORA\u00c7\u00c3O DE PROJETO. Nela voc\u00ea dever\u00e1 preencher na 4\u00aa etapa do formul\u00e1rio. Clique em &#8220;SALVAR E CONTINUAR&#8221; para avan\u00e7ar .<\/li><li>Na \u00faltima etapa \u00e9 feita a finaliza\u00e7\u00e3o e entrega da inscri\u00e7\u00e3o.<br>S\u00f3 clique em &#8220;FINALIZAR&#8221; se tiver certeza de que est\u00e1 tudo preenchido corretamente, porque ap\u00f3s finalizar n\u00e3o ser\u00e1 mais poss\u00edvel editar o projeto. Se quiser voltar para conferir as respostas, basta clicar novamente em &#8220;MEU PROJETO&#8221; e voltar ao in\u00edcio.<br>Quando acabar, clique em &#8220;FINALIZAR&#8221;, depois disso ir\u00e1 aparecer na tela a mensagem &#8220;A INSCRI\u00c7\u00c3O DO SEU PROJETO FOI FINALIZADA COM SUCESSO&#8221;.&nbsp;<\/li><\/ol>\n\n\n\n<p>Tamb\u00e9m ser\u00e1 gerado um n\u00famero de protocolo da sua inscri\u00e7\u00e3o. Anote ou fa\u00e7a um print do seu protocolo, uma vez que o sistema n\u00e3o enviar\u00e1 e-mail de confirma\u00e7\u00e3o.<\/p>\n\n\n\n<ol class=\"wp-block-list\" start=\"9\"><li>Ap\u00f3s gerado o protocolo o projeto n\u00e3o poder\u00e1 mais ser exclu\u00eddo. Se precisar excluir tudo e come\u00e7ar um novo projeto, fa\u00e7a-o antes de gerar o protocolo.&nbsp;<\/li><\/ol>\n\n\n\n<h3 class=\"wp-block-heading\">E se eu cometer um erro se s\u00f3 notar mais tarde?<\/h3>\n\n\n\n<p>Como n\u00e3o existe um n\u00famero limite de projetos, voc\u00ea pode criar um novo se lembrar de alguma informa\u00e7\u00e3o relevante, ou quiser mudar algum componente do seu projeto original depois de gerar o protocolo.<\/p>\n\n\n\n<p>Entretanto, lembre-se que no campo do OBJETIVO das INFORMA\u00c7\u00d5ES GERAIS DO PROJETO, e tamb\u00e9m no campo RESUMO que faz parte do GUIA DE ELABORA\u00c7\u00c3O DE PROJETO voc\u00ea deve indicar que o projeto enviado anteriormente deve ser substitu\u00eddo por esse. Adicione o protocolo para facilitar!<\/p>\n\n\n\n<h2 class=\"wp-block-heading\">&nbsp;Quais documentos devo apresentar para concorrer no Edital Smart Fit 2022?<\/h2>\n\n\n\n<p>Os documentos obrigat\u00f3rios s\u00e3o:&nbsp;<\/p>\n\n\n\n<ul class=\"wp-block-list\"><li>Documento que comprove a aptid\u00e3o para captar recursos pelas leis de cada cidade;<\/li><li>Documentos que comprovem os recursos declarados como j\u00e1 captados;&nbsp;<\/li><li>Curr\u00edculo resumido do coordenador do projeto.<\/li><\/ul>\n\n\n\n<p>Al\u00e9m dos documentos obrigat\u00f3rios, os projetos poder\u00e3o anexar outros documentos que considerem \u00fateis ou necess\u00e1rios, como por exemplo, planilhas or\u00e7amentares.<\/p>\n\n\n\n<h2 class=\"wp-block-heading\">Qual o prazo para inscrever meu projeto?<\/h2>\n\n\n\n<p>Para S\u00e3o Paulo, ser\u00e3o aceitos projetos encaminhados at\u00e9 o dia 30 de setembro de 2022. Para Belo Horizonte, no entanto, as inscri\u00e7\u00f5es se encerram no dia 31 de julho de 2022.<\/p>\n\n\n\n<h2 class=\"wp-block-heading\">&nbsp;Qual o valor teto do Edital Smart Fit 2022?<\/h2>\n\n\n\n<p>Cada proposta poder\u00e1 solicitar at\u00e9 R$ 500.000,00 e apresentar capta\u00e7\u00e3o m\u00ednima de 50%. Isso significa que somando o valor solicitado \u00e0 Smart Fit a outros valores eventualmente j\u00e1 captados, o resultado deve corresponder a pelo menos 50% do valor total para a capta\u00e7\u00e3o.<\/p>\n\n\n\n<p>Com esses editais, a Smart Fit pretende valorizar projetos que promovam pr\u00e1ticas inovadoras de atividade f\u00edsica e combate ao sedentarismo, bem como a inclus\u00e3o de pessoas com defici\u00eancia em pr\u00e1ticas regulares de atividade f\u00edsica.&nbsp;<a href=\"https:\/\/www.editalsmartfit.com.br\/portal\"><strong>Para saber mais leia os editais completos aqui<\/strong><\/a><strong>!<\/strong><\/p>\n\n\n\n<h2 class=\"wp-block-heading\">Leia tamb\u00e9m<\/h2>\n\n\n\n<figure class=\"wp-block-gallery has-nested-images columns-default is-cropped wp-block-gallery-1 is-layout-flex wp-block-gallery-is-layout-flex\">\n<figure class=\"wp-block-image size-large\"><img fetchpriority=\"high\" decoding=\"async\" width=\"960\" height=\"640\" data-id=\"18239\" src=\"https:\/\/www.smartfit.com.br\/news\/wp-content\/uploads\/2021\/12\/serie-documental.jpg\" alt=\"serie documental\" class=\"wp-image-18239\" srcset=\"https:\/\/www.smartfit.com.br\/news\/wp-content\/uploads\/2021\/12\/serie-documental.jpg 960w, https:\/\/www.smartfit.com.br\/news\/wp-content\/uploads\/2021\/12\/serie-documental-300x200.jpg 300w, https:\/\/www.smartfit.com.br\/news\/wp-content\/uploads\/2021\/12\/serie-documental-768x512.jpg 768w, https:\/\/www.smartfit.com.br\/news\/wp-content\/uploads\/2021\/12\/serie-documental-800x533.jpg 800w, https:\/\/www.smartfit.com.br\/news\/wp-content\/uploads\/2021\/12\/serie-documental-150x100.jpg 150w\" sizes=\"(max-width: 960px) 100vw, 960px\" \/><figcaption><a href=\"https:\/\/www.smartfit.com.br\/news\/academia\/serie-documental-patrocinada-pela-smart-fit\/\" title=\"S\u00e9rie documental patrocinada pela Smart Fit conta hist\u00f3rias sobre os candidatos a catadores de lixo no Rio de Janeiro\"><strong>S\u00e9rie documental patrocinada pela Smart Fit conta hist\u00f3rias sobre os candidatos a catadores de lixo no Rio de Janeiro<\/strong><\/a><\/figcaption><\/figure>\n\n\n\n<figure class=\"wp-block-image size-large\"><img decoding=\"async\" width=\"960\" height=\"640\" data-id=\"16803\" src=\"https:\/\/www.smartfit.com.br\/news\/wp-content\/uploads\/2021\/08\/projeto-artes-da-mare-3.jpg\" alt=\"\" class=\"wp-image-16803\" srcset=\"https:\/\/www.smartfit.com.br\/news\/wp-content\/uploads\/2021\/08\/projeto-artes-da-mare-3.jpg 960w, https:\/\/www.smartfit.com.br\/news\/wp-content\/uploads\/2021\/08\/projeto-artes-da-mare-3-300x200.jpg 300w, https:\/\/www.smartfit.com.br\/news\/wp-content\/uploads\/2021\/08\/projeto-artes-da-mare-3-768x512.jpg 768w, https:\/\/www.smartfit.com.br\/news\/wp-content\/uploads\/2021\/08\/projeto-artes-da-mare-3-800x533.jpg 800w, https:\/\/www.smartfit.com.br\/news\/wp-content\/uploads\/2021\/08\/projeto-artes-da-mare-3-150x100.jpg 150w\" sizes=\"(max-width: 960px) 100vw, 960px\" \/><figcaption><a href=\"https:\/\/www.smartfit.com.br\/news\/academia\/projeto-vidancar-patrocinado-pela-smart-fit-ensina-ballet-no-complexo-do-alemao\/\" title=\"Projeto Vidan\u00e7ar, patrocinado pela Smart Fit, ensina ballet no Complexo do Alem\u00e3o\"><strong>Projeto Vidan\u00e7ar, patrocinado pela Smart Fit, ensina ballet no Complexo do Alem\u00e3o<\/strong><\/a><\/figcaption><\/figure>\n\n\n\n<figure class=\"wp-block-image size-large\"><img decoding=\"async\" width=\"960\" height=\"640\" data-id=\"17949\" src=\"https:\/\/www.smartfit.com.br\/news\/wp-content\/uploads\/2021\/11\/TreinaDev-capacita-desenvolvedores-gratuitamente.jpg\" alt=\"TreinaDev capacita desenvolvedores gratuitamente\" class=\"wp-image-17949\" srcset=\"https:\/\/www.smartfit.com.br\/news\/wp-content\/uploads\/2021\/11\/TreinaDev-capacita-desenvolvedores-gratuitamente.jpg 960w, https:\/\/www.smartfit.com.br\/news\/wp-content\/uploads\/2021\/11\/TreinaDev-capacita-desenvolvedores-gratuitamente-300x200.jpg 300w, https:\/\/www.smartfit.com.br\/news\/wp-content\/uploads\/2021\/11\/TreinaDev-capacita-desenvolvedores-gratuitamente-768x512.jpg 768w, https:\/\/www.smartfit.com.br\/news\/wp-content\/uploads\/2021\/11\/TreinaDev-capacita-desenvolvedores-gratuitamente-800x533.jpg 800w, https:\/\/www.smartfit.com.br\/news\/wp-content\/uploads\/2021\/11\/TreinaDev-capacita-desenvolvedores-gratuitamente-150x100.jpg 150w\" sizes=\"(max-width: 960px) 100vw, 960px\" \/><figcaption><a href=\"https:\/\/www.smartfit.com.br\/news\/academia\/programa-treinadev-capacita-desenvolvedores-gratuitamente\/\" title=\"Apoiado pela Smart Fit, programa TreinaDev capacita desenvolvedores gratuitamente\"><strong>Apoiado pela Smart Fit, programa TreinaDev capacita desenvolvedores gratuitamente<\/strong><\/a><\/figcaption><\/figure>\n<\/figure>\n","protected":false},"excerpt":{"rendered":"<p>Organiza\u00e7\u00e3o vai valorizar projetos que promovam pr\u00e1ticas inovadoras de combate ao sedentarismo<\/p>\n","protected":false},"author":1,"featured_media":21591,"comment_status":"open","ping_status":"open","sticky":false,"template":"","format":"standard","meta":{"footnotes":""},"categories":[1301],"tags":[1311],"class_list":["post-21589","post","type-post","status-publish","format-standard","has-post-thumbnail","hentry","category-academia","tag-slide"],"acf":{"banner_imagem":"","banner_link":"","banner_target":"_blank","cta":{"label":"Conhe\u00e7a aqui o edital","link":"https:\/\/www.editalsmartfit.com.br\/portal","target":"_blank"},"image_thumb_horizontal":21592,"image_thumb_vertical":21593,"image_carrosel":21594},"aioseo_notices":[],"thumbnail_url":"https:\/\/www.smartfit.com.br\/news\/wp-content\/uploads\/2022\/07\/Edital-Smart-Fit-2022-vai-promover-projetos-que-combatem-o-sedentarismo.jpg","_links":{"self":[{"href":"https:\/\/www.smartfit.com.br\/news\/wp-json\/wp\/v2\/posts\/21589","targetHints":{"allow":["GET"]}}],"collection":[{"href":"https:\/\/www.smartfit.com.br\/news\/wp-json\/wp\/v2\/posts"}],"about":[{"href":"https:\/\/www.smartfit.com.br\/news\/wp-json\/wp\/v2\/types\/post"}],"author":[{"embeddable":true,"href":"https:\/\/www.smartfit.com.br\/news\/wp-json\/wp\/v2\/users\/1"}],"replies":[{"embeddable":true,"href":"https:\/\/www.smartfit.com.br\/news\/wp-json\/wp\/v2\/comments?post=21589"}],"version-history":[{"count":3,"href":"https:\/\/www.smartfit.com.br\/news\/wp-json\/wp\/v2\/posts\/21589\/revisions"}],"predecessor-version":[{"id":21596,"href":"https:\/\/www.smartfit.com.br\/news\/wp-json\/wp\/v2\/posts\/21589\/revisions\/21596"}],"wp:featuredmedia":[{"embeddable":true,"href":"https:\/\/www.smartfit.com.br\/news\/wp-json\/wp\/v2\/media\/21591"}],"wp:attachment":[{"href":"https:\/\/www.smartfit.com.br\/news\/wp-json\/wp\/v2\/media?parent=21589"}],"wp:term":[{"taxonomy":"category","embeddable":true,"href":"https:\/\/www.smartfit.com.br\/news\/wp-json\/wp\/v2\/categories?post=21589"},{"taxonomy":"post_tag","embeddable":true,"href":"https:\/\/www.smartfit.com.br\/news\/wp-json\/wp\/v2\/tags?post=21589"}],"curies":[{"name":"wp","href":"https:\/\/api.w.org\/{rel}","templated":true}]}}