{"id":21107,"date":"2022-06-06T18:41:00","date_gmt":"2022-06-06T21:41:00","guid":{"rendered":"https:\/\/www.smartfit.com.br\/news\/?p=21107"},"modified":"2022-06-09T14:58:09","modified_gmt":"2022-06-09T17:58:09","slug":"o-que-e-canelite","status":"publish","type":"post","link":"https:\/\/www.smartfit.com.br\/news\/saude\/o-que-e-canelite\/","title":{"rendered":"O que \u00e9 canelite? Confira dicas para evitar dores nas pernas durante o treino!"},"content":{"rendered":"\n<p>Voc\u00ea sabe o que \u00e9 canelite? \u00c9 aquela dorzinha na canela ao <a href=\"https:\/\/www.smartfit.com.br\/news\/saude\/caminhar-pode-garantir-uma-vida-mais-longa\/\" title=\"Caminhar apenas 10 minutos por dia pode garantir uma vida mais longa, diz estudo\">caminhar<\/a> ou correr que provavelmente voc\u00ea j\u00e1 sentiu em algum momento. Essas dores normalmente aparecem quando estamos nos adaptando a um estilo de vida mais ativo. No entanto, \u00e9 preciso ficar atento se a canelite for frequente em seu treino! Confira algumas dicas.<\/p>\n\n\n\n<h2 class=\"wp-block-heading\">Afinal, o que \u00e9 canelite?&nbsp;<\/h2>\n\n\n\n<p>Canelite \u00e9 o termo frequentemente usado para indicar a dor na \u00e1rea da t\u00edbia ap\u00f3s iniciar ou intensificar uma atividade f\u00edsica. Ela \u00e9 causada por estresse da t\u00edbia ou por inflama\u00e7\u00e3o dos <a href=\"https:\/\/www.smartfit.com.br\/news\/saude\/trabalhar-os-musculos-faz-bem-para-a-saude\/\" title=\"Por que trabalhar os m\u00fasculos faz bem para a sa\u00fade\">m\u00fasculos<\/a>, tend\u00f5es ou at\u00e9 mesmo danos nos ossos (microfraturas).<\/p>\n\n\n\n<p>Atividades f\u00edsicas que t\u00eam efeitos repetitivos na \u00e1rea da canela, como futebol, corrida, <a href=\"https:\/\/www.smartfit.com.br\/news\/fitness\/beneficios-bicicleta\/\" title=\"Benef\u00edcios da bicicleta ergom\u00e9trica e dicas para o seu treino\">ciclismo<\/a>, gin\u00e1stica ou at\u00e9 mesmo caminhada em uma <a href=\"https:\/\/www.smartfit.com.br\/news\/fitness\/treino-intervalado-na-esteira\/\" title=\"Treino intervalado: qual a melhor forma de fazer na esteira?\">esteira<\/a>, podem levar \u00e0s dores nas canelas.<\/p>\n\n\n\n<h2 class=\"wp-block-heading\">Como saber que \u00e9 canelite?<\/h2>\n\n\n\n<p>Quando falamos sobre sintomas, o principal para saber o que \u00e9 canelite s\u00e3o: dor intensa e sensibilidade na \u00e1rea da canela. Essa dor costuma ser persistente e ocorre ao longo do dia, n\u00e3o apenas quando o atleta est\u00e1 praticando atividade f\u00edsica. Al\u00e9m disso, essa condi\u00e7\u00e3o pode dificultar que uma pessoa ande ou mesmo pise no ch\u00e3o. Outro poss\u00edvel sintoma \u00e9 o incha\u00e7o e vermelhid\u00e3o na \u00e1rea dolorida.<\/p>\n\n\n\n<h2 class=\"wp-block-heading\">Todo mundo pode ter canelite?&nbsp;<\/h2>\n\n\n\n<p>Os fatores de risco para dores nas canelas incluem: <a href=\"https:\/\/www.smartfit.com.br\/news\/fitness\/como-aumentar-a-distancia-na-corrida\/\" title=\"Corra como nunca! Entenda como aumentar suas dist\u00e2ncias no treino de corrida\">treinamento de corrida<\/a> insuficiente, fraqueza dos m\u00fasculos da frente das pernas, desequil\u00edbrio (geralmente causado pelo uso excessivo de saltos altos), hist\u00f3rico de osteopenia ou osteoporose. Usar <a href=\"https:\/\/www.smartfit.com.br\/news\/fitness\/qual-o-melhor-tenis-pra-correr\/\" title=\"Qual o melhor t\u00eanis pra correr?\">sapatos<\/a> mal ajustados, incluindo sapatos muito velhos, tamb\u00e9m pode levar a dores nas canelas.<\/p>\n\n\n\n<p>Alguns autores tamb\u00e9m atribuem o aumento s\u00fabito da atividade f\u00edsica a fatores de risco, incluindo intensidade e dura\u00e7\u00e3o, que tornam os m\u00fasculos incapazes de absorver o impacto no solo e tamb\u00e9m prejudicam a capacidade de remodela\u00e7\u00e3o \u00f3ssea, principalmente em mulheres.&nbsp;<\/p>\n\n\n\n<h2 class=\"wp-block-heading\">O que pode causar a canelite?<\/h2>\n\n\n\n<p>Segundo Guilherme Leme, gerente de departamento t\u00e9cnico do Grupo Smart Fit, a causa mais frequente da canelite \u00e9 o volume excessivo de treinamento, que acaba por sobrecarregar as estruturas dessa regi\u00e3o da perna. \u201cPode ocorrer tamb\u00e9m por conta de uma pisada inadequada que ao longo do tempo pode desencadear a dor. \u00c9 mais observada em corredores e atletas que realizam esfor\u00e7o repetitivo\u201d, explica ele.<\/p>\n\n\n\n<h3 class=\"wp-block-heading\">\u00c9 poss\u00edvel prevenir a canelite?&nbsp;<\/h3>\n\n\n\n<p>Essa \u00e9 a boa not\u00edcia: \u00e9 poss\u00edvel, sim! Fortalecendo a musculatura da perna, em especial o m\u00fasculo tibial anterior, trabalhando a mobilidade de tornozelos e n\u00e3o exagerando no volume total de treino. Essas s\u00e3o as melhores alternativas para prevenir esse tipo de <a href=\"https:\/\/www.smartfit.com.br\/news\/fitness\/como-evitar-lesoes-com-treinos-de-forca\/\" title=\"Como evitar les\u00f5es com treinos de for\u00e7a\">les\u00e3o<\/a>, conforme a indica\u00e7\u00e3o de Guilherme.<\/p>\n\n\n\n<h3 class=\"wp-block-heading\">O que fazer para evitar a dor?&nbsp;<\/h3>\n\n\n\n<p>\u00c9 muito importante inserir no seu programa de treinamento exerc\u00edcios para fortalecimento dessa regi\u00e3o. Guilherme deixou algumas dicas a seguir:<\/p>\n\n\n\n<ul class=\"wp-block-list\"><li>Sentado em um banco, com os joelhos estendidos, posicione um halter entre os p\u00e9s e fa\u00e7a o movimento de levantar a ponta dos p\u00e9s tracionando o halter para cima. Tamb\u00e9m pode ser feito na mesma posi\u00e7\u00e3o com o uso de uma m\u00e1quina de cabos e polias, substituindo o halter por uma presilha na ponta dos p\u00e9s que fixe a resist\u00eancia externa para que voc\u00ea puxe para cima.<\/li><\/ul>\n\n\n\n<ul class=\"wp-block-list\"><li>Outro exerc\u00edcio indicado \u00e9 fazer a dorsiflex\u00e3o com o p\u00e9 totalmente apoiado no ch\u00e3o, levando o joelho a ultrapassar a ponta do p\u00e9 e retornando \u00e0 posi\u00e7\u00e3o inicial assim que atingir o seu limite de amplitude de movimento.&nbsp;<\/li><\/ul>\n\n\n\n<figure class=\"wp-block-image\"><img decoding=\"async\" src=\"https:\/\/lh3.googleusercontent.com\/kZlDzqU25wkCDRzV7mg-jhKgSeQrInUxX8dYZMffKNdkLevvlVxLx5TnT3W9LZvqhuc3YiChZ-kOmBARO1E8qvido-gin-1MBA9er-a0gcsfL8YimAJwXH2Zd9EfP3bOyxsM77iE4Rzyod-cJg\" alt=\"\"\/><\/figure>\n\n\n\n<p>A ideia desses movimentos \u00e9 fazer uma aproxima\u00e7\u00e3o da t\u00edbia at\u00e9 a <a href=\"https:\/\/www.smartfit.com.br\/news\/fitness\/tipo-de-pisada-ao-correr\/\" title=\"Qual \u00e9 seu tipo de pisada ao correr?\">ponta do p\u00e9<\/a>, de forma que, ao fazer esse movimento durante a corrida, as estruturas estejam mais fortes, flex\u00edveis e preparadas para absorver a sobrecarga da pisada.<\/p>\n\n\n\n<h2 class=\"wp-block-heading\">Leia tam\u00e9m<\/h2>\n\n\n\n<figure class=\"wp-block-gallery has-nested-images columns-default is-cropped wp-block-gallery-1 is-layout-flex wp-block-gallery-is-layout-flex\">\n<figure class=\"wp-block-image size-large\"><img fetchpriority=\"high\" decoding=\"async\" width=\"960\" height=\"640\" data-id=\"21030\" src=\"https:\/\/www.smartfit.com.br\/news\/wp-content\/uploads\/2022\/05\/Correr-te-deixa-mais-saudavel-\u2013-e-feliz-tambem.jpg\" alt=\"Imagem mostra pessoa ajustando os t\u00eanis de corrida\" class=\"wp-image-21030\" srcset=\"https:\/\/www.smartfit.com.br\/news\/wp-content\/uploads\/2022\/05\/Correr-te-deixa-mais-saudavel-\u2013-e-feliz-tambem.jpg 960w, https:\/\/www.smartfit.com.br\/news\/wp-content\/uploads\/2022\/05\/Correr-te-deixa-mais-saudavel-\u2013-e-feliz-tambem-300x200.jpg 300w, https:\/\/www.smartfit.com.br\/news\/wp-content\/uploads\/2022\/05\/Correr-te-deixa-mais-saudavel-\u2013-e-feliz-tambem-768x512.jpg 768w, https:\/\/www.smartfit.com.br\/news\/wp-content\/uploads\/2022\/05\/Correr-te-deixa-mais-saudavel-\u2013-e-feliz-tambem-800x533.jpg 800w, https:\/\/www.smartfit.com.br\/news\/wp-content\/uploads\/2022\/05\/Correr-te-deixa-mais-saudavel-\u2013-e-feliz-tambem-150x100.jpg 150w\" sizes=\"(max-width: 960px) 100vw, 960px\" \/><figcaption><strong><a href=\"https:\/\/www.smartfit.com.br\/news\/saude\/correr-te-deixa-mais-saudavel\/\" title=\"Correr te deixa mais saud\u00e1vel \u2013 e feliz tamb\u00e9m!\">Correr te deixa mais saud\u00e1vel \u2013 e feliz tamb\u00e9m!<\/a><\/strong><\/figcaption><\/figure>\n\n\n\n<figure class=\"wp-block-image size-large\"><img decoding=\"async\" width=\"960\" height=\"640\" data-id=\"21050\" src=\"https:\/\/www.smartfit.com.br\/news\/wp-content\/uploads\/2022\/05\/Sabia-que-corredores-tambem-precisam-fortalecer-o-abdomen.jpg\" alt=\"\" class=\"wp-image-21050\" srcset=\"https:\/\/www.smartfit.com.br\/news\/wp-content\/uploads\/2022\/05\/Sabia-que-corredores-tambem-precisam-fortalecer-o-abdomen.jpg 960w, https:\/\/www.smartfit.com.br\/news\/wp-content\/uploads\/2022\/05\/Sabia-que-corredores-tambem-precisam-fortalecer-o-abdomen-300x200.jpg 300w, https:\/\/www.smartfit.com.br\/news\/wp-content\/uploads\/2022\/05\/Sabia-que-corredores-tambem-precisam-fortalecer-o-abdomen-768x512.jpg 768w, https:\/\/www.smartfit.com.br\/news\/wp-content\/uploads\/2022\/05\/Sabia-que-corredores-tambem-precisam-fortalecer-o-abdomen-800x533.jpg 800w, https:\/\/www.smartfit.com.br\/news\/wp-content\/uploads\/2022\/05\/Sabia-que-corredores-tambem-precisam-fortalecer-o-abdomen-150x100.jpg 150w\" sizes=\"(max-width: 960px) 100vw, 960px\" \/><figcaption><strong><a href=\"https:\/\/www.smartfit.com.br\/news\/fitness\/sabia-que-corredores-tambem-precisam-fortalecer-o-abdomen\/\" title=\"Sabia que corredores tamb\u00e9m precisam fortalecer o abd\u00f4men?\">Sabia que corredores tamb\u00e9m precisam fortalecer o abd\u00f4men?<\/a><\/strong><\/figcaption><\/figure>\n\n\n\n<figure class=\"wp-block-image size-large\"><img decoding=\"async\" width=\"960\" height=\"640\" data-id=\"20896\" src=\"https:\/\/www.smartfit.com.br\/news\/wp-content\/uploads\/2022\/05\/Reperto\u0301rio-de-treinos-precisa-variar.jpg\" alt=\"Imagem mostra homem treinando em ambiente de academia\" class=\"wp-image-20896\" srcset=\"https:\/\/www.smartfit.com.br\/news\/wp-content\/uploads\/2022\/05\/Reperto\u0301rio-de-treinos-precisa-variar.jpg 960w, https:\/\/www.smartfit.com.br\/news\/wp-content\/uploads\/2022\/05\/Reperto\u0301rio-de-treinos-precisa-variar-300x200.jpg 300w, https:\/\/www.smartfit.com.br\/news\/wp-content\/uploads\/2022\/05\/Reperto\u0301rio-de-treinos-precisa-variar-768x512.jpg 768w, https:\/\/www.smartfit.com.br\/news\/wp-content\/uploads\/2022\/05\/Reperto\u0301rio-de-treinos-precisa-variar-800x533.jpg 800w, https:\/\/www.smartfit.com.br\/news\/wp-content\/uploads\/2022\/05\/Reperto\u0301rio-de-treinos-precisa-variar-150x100.jpg 150w\" sizes=\"(max-width: 960px) 100vw, 960px\" \/><figcaption><strong><a href=\"https:\/\/www.smartfit.com.br\/news\/fitness\/repertorio-de-treinos-precisa-variar\/\" title=\"Repert\u00f3rio de treinos precisa variar?\">Repert\u00f3rio de treinos precisa variar?<\/a><\/strong><\/figcaption><\/figure>\n<\/figure>\n","protected":false},"excerpt":{"rendered":"<p>Confira as dicas de fortalecimento e evite dores ao treinar!<\/p>\n","protected":false},"author":1,"featured_media":21164,"comment_status":"open","ping_status":"open","sticky":false,"template":"","format":"standard","meta":{"footnotes":""},"categories":[1244],"tags":[1312,1311],"class_list":["post-21107","post","type-post","status-publish","format-standard","has-post-thumbnail","hentry","category-saude","tag-card","tag-slide"],"acf":{"banner_imagem":"","banner_link":"","banner_target":"_blank","cta":{"label":"Vem treinar na Smart Fit!","link":"https:\/\/www.smartfit.com.br\/academias","target":"_blank"},"image_thumb_horizontal":21165,"image_thumb_vertical":21166,"image_carrosel":21167},"aioseo_notices":[],"thumbnail_url":"https:\/\/www.smartfit.com.br\/news\/wp-content\/uploads\/2022\/06\/Como-evitar-a-canelite.jpg","_links":{"self":[{"href":"https:\/\/www.smartfit.com.br\/news\/wp-json\/wp\/v2\/posts\/21107","targetHints":{"allow":["GET"]}}],"collection":[{"href":"https:\/\/www.smartfit.com.br\/news\/wp-json\/wp\/v2\/posts"}],"about":[{"href":"https:\/\/www.smartfit.com.br\/news\/wp-json\/wp\/v2\/types\/post"}],"author":[{"embeddable":true,"href":"https:\/\/www.smartfit.com.br\/news\/wp-json\/wp\/v2\/users\/1"}],"replies":[{"embeddable":true,"href":"https:\/\/www.smartfit.com.br\/news\/wp-json\/wp\/v2\/comments?post=21107"}],"version-history":[{"count":5,"href":"https:\/\/www.smartfit.com.br\/news\/wp-json\/wp\/v2\/posts\/21107\/revisions"}],"predecessor-version":[{"id":21169,"href":"https:\/\/www.smartfit.com.br\/news\/wp-json\/wp\/v2\/posts\/21107\/revisions\/21169"}],"wp:featuredmedia":[{"embeddable":true,"href":"https:\/\/www.smartfit.com.br\/news\/wp-json\/wp\/v2\/media\/21164"}],"wp:attachment":[{"href":"https:\/\/www.smartfit.com.br\/news\/wp-json\/wp\/v2\/media?parent=21107"}],"wp:term":[{"taxonomy":"category","embeddable":true,"href":"https:\/\/www.smartfit.com.br\/news\/wp-json\/wp\/v2\/categories?post=21107"},{"taxonomy":"post_tag","embeddable":true,"href":"https:\/\/www.smartfit.com.br\/news\/wp-json\/wp\/v2\/tags?post=21107"}],"curies":[{"name":"wp","href":"https:\/\/api.w.org\/{rel}","templated":true}]}}