{"id":20465,"date":"2022-04-22T12:15:00","date_gmt":"2022-04-22T15:15:00","guid":{"rendered":"https:\/\/www.smartfit.com.br\/news\/?p=20465"},"modified":"2022-04-28T16:06:28","modified_gmt":"2022-04-28T19:06:28","slug":"melhores-exercicios-para-quem-tem-dor-nas-costas","status":"publish","type":"post","link":"https:\/\/www.smartfit.com.br\/news\/fitness\/melhores-exercicios-para-quem-tem-dor-nas-costas\/","title":{"rendered":"Melhores exerc\u00edcios para quem tem dor nas costas"},"content":{"rendered":"\n<p>Se voc\u00ea, assim como a maioria dos brasileiros, \u00e9 do time que sofre com dores na regi\u00e3o lombar, aqui vai uma dica: <a href=\"https:\/\/www.smartfit.com.br\/news\/saude\/o-que-e-sedentarismo\/\" title=\"O que \u00e9 sedentarismo?\">n\u00e3o adianta fugir dos exerc\u00edcios<\/a> para quem tem <strong>dor nas costas<\/strong>. Us\u00e1-los ao seu favor vai, inclusive, ajudar a diminuir as dores nessa regi\u00e3o.<\/p>\n\n\n\n<p>Pelo menos, \u00e9 isso que garante o gerente do Departamento T\u00e9cnico da Bio Ritmo\/<strong>Smart Fit<\/strong> e especialista em Muscula\u00e7\u00e3o e Condicionamento F\u00edsico Guilherme Lemos.<\/p>\n\n\n\n<h2 class=\"wp-block-heading\">Exerc\u00edcios para quem tem dor nas costas<\/h2>\n\n\n\n<p>N\u00e3o adianta negar, sabemos que voc\u00ea \u00e9 daqueles que ficam horas olhando para baixo, mirando a <a href=\"https:\/\/www.smartfit.com.br\/news\/academia\/aplicativos-para-cuidar-da-saude\/\" title=\"Que tal usar seu tempo online com aplicativos para cuidar da sa\u00fade?\">tela do celular<\/a> ou daqueles que ficam sentados na frente do computador com a <a href=\"https:\/\/www.smartfit.com.br\/news\/fitness\/dicas-e-exercicios-para-melhorar-a-postura\/\" title=\"Dicas e exerc\u00edcios para melhorar a postura\">postura incorreta<\/a> o dia inteiro. E, \u00e9 claro que, isso resulta em muitas <strong>dores nas costas<\/strong>, n\u00e9?<\/p>\n\n\n\n<p>Mas voc\u00ea sabia que alguns exerc\u00edcios podem ajudar, e muito, quem tem <strong>dor nas costas<\/strong>?&nbsp;<\/p>\n\n\n\n<p>Pois \u00e9, vale a pena conhecer e experimentar alguns deles!<\/p>\n\n\n\n<p>Afinal, segundo Guilherme, \u201ca dor lombar atinge a maior parte da popula\u00e7\u00e3o adulta e \u00e9 uma das maiores causas de afastamento do trabalho\u201d. No entanto, o exerc\u00edcio f\u00edsico, quando bem planejado, pode contribuir muito para a preven\u00e7\u00e3o e tratamento desse tipo de dor.<\/p>\n\n\n\n<p>Nesse caso, uma das melhores indica\u00e7\u00f5es s\u00e3o os exerc\u00edcios resistidos, como o alongamento e o agachamento, que fortalecem os m\u00fasculos da coluna e do quadril.&nbsp;<\/p>\n\n\n\n<p>\u201cExerc\u00edcios de estabilidade de tronco, como as pranchas frontais e laterais, tamb\u00e9m s\u00e3o excelentes formas de melhorar a resist\u00eancia e for\u00e7a dos m\u00fasculos estabilizadores da coluna. Al\u00e9m de contribu\u00edrem muito para a melhora do quadro de dor\u201d, garante Guilherme.<\/p>\n\n\n\n<p>Confira algumas indica\u00e7\u00f5es:<\/p>\n\n\n\n<h3 class=\"wp-block-heading\">Prancha isom\u00e9trica<\/h3>\n\n\n\n<p>Fique na posi\u00e7\u00e3o da <a href=\"https:\/\/www.smartfit.com.br\/news\/fitness\/tudo-sobre-prancha-abdominal\/\" title=\"Tudo o que voc\u00ea precisa saber sobre prancha abdominal\">prancha<\/a>, apoiado nos cotovelos e dedos dos p\u00e9s, com o corpo inteiramente alinhado do calcanhar at\u00e9 a ponta da cabe\u00e7a. Continue por 30 a 60 segundos.<\/p>\n\n\n\n<h3 class=\"wp-block-heading\">Alongamento de coluna<\/h3>\n\n\n\n<p>Sente-se com os joelhos dobrados e gl\u00fateos apoiados nos calcanhares. Mantenha as costas e o pesco\u00e7o alinhados, com olhar para frente. Erga os bra\u00e7os acima da cabe\u00e7a e leve-os para frente o m\u00e1ximo que puder, deixando o tronco paralelo ao ch\u00e3o.&nbsp;<\/p>\n\n\n\n<p>Continue nessa posi\u00e7\u00e3o por 30 ou 60 segundos.<\/p>\n\n\n\n<h3 class=\"wp-block-heading\">Super-homem em isometria<\/h3>\n\n\n\n<p>Deite no ch\u00e3o ou uma superf\u00edcie lisa de barriga para baixo, com pernas alinhadas e bra\u00e7os \u00e0 frente.&nbsp; Contraia a lombar para tirar os bra\u00e7os do ch\u00e3o ao mesmo tempo que as pernas.&nbsp;<\/p>\n\n\n\n<p>Segure a posi\u00e7\u00e3o por 30 a 60 segundos.<\/p>\n\n\n\n<p>Al\u00e9m disso, modalidades como o pilates e o <a href=\"https:\/\/www.smartfit.com.br\/news\/fitness\/beneficios-da-yoga-para-seu-corpo-e-mente\/\" title=\"A Yoga \u00e9 para voc\u00ea e n\u00f3s podemos provar\">yoga<\/a> podem ser \u00f3timos exerc\u00edcios para quem tem<strong> dor nas costas<\/strong> e devem ser consideradas dentro da rotina de treinos. \u201cContudo, deve-se observar as caracter\u00edsticas individuais do praticante, como o n\u00edvel de dor e a orienta\u00e7\u00e3o m\u00e9dica para fazer as melhores escolhas e adequar os exerc\u00edcios\u201d, garante Guilherme.<\/p>\n\n\n\n<p>E \u00e9 claro que n\u00f3s estamos aqui para te ajudar a escolher um exerc\u00edcio para come\u00e7ar a sua nova rotina de treinos e evitar as dores nas costas. D\u00e1 s\u00f3 uma olhada nesse v\u00eddeo:<\/p>\n\n\n\n<figure class=\"wp-block-embed is-type-video is-provider-youtube wp-block-embed-youtube wp-embed-aspect-16-9 wp-has-aspect-ratio\"><div class=\"wp-block-embed__wrapper\">\nhttps:\/\/www.youtube.com\/watch?v=SXm072fKdaE\n<\/div><\/figure>\n\n\n\n<h2 class=\"wp-block-heading\">Dicas para manter uma boa postura<\/h2>\n\n\n\n<p>Al\u00e9m dos exerc\u00edcios para quem tem <strong>dor nas costas<\/strong>, tamb\u00e9m \u00e9 preciso:<\/p>\n\n\n\n<ul class=\"wp-block-list\"><li>Ficar atento ao seu <a href=\"https:\/\/www.smartfit.com.br\/news\/fitness\/diferenca-emagrecer-perder-peso\/\" title=\"Emagrecer e perder peso: entenda a diferen\u00e7a e determine o seu objetivo\">peso corporal<\/a>;&nbsp;<\/li><li>Mudar de postura a cada 2 horas no trabalho;<\/li><li>Tirar alguns minutos do dia para fazer <a href=\"https:\/\/www.smartfit.com.br\/news\/fitness\/beneficios-alongamento\/\" title=\"Conhe\u00e7a os benef\u00edcios do alongamento\">alongamentos r\u00e1pidos<\/a>;<\/li><li>Adequar sua mesa e cadeira de trabalho \u00e0s exig\u00eancias ergon\u00f4micas;<\/li><li>Diminuir o tempo no celular.<\/li><\/ul>\n\n\n\n<p>Vale lembrar tamb\u00e9m que as <strong>dores nas costas<\/strong> nunca devem ser tratadas como normais. Se voc\u00ea sentir qualquer inc\u00f4modo, deve consultar um especialista. Afinal, a indica\u00e7\u00e3o do m\u00e9dico pode variar de simples orienta\u00e7\u00e3o de exerc\u00edcios para quem tem <strong>dor nas costas<\/strong> a procedimentos de alta complexidade, como uso de coletes e at\u00e9 mesmo cirurgia.<\/p>\n\n\n\n<h2 class=\"wp-block-heading\">Leia mais<\/h2>\n\n\n\n<figure class=\"wp-block-gallery has-nested-images columns-default is-cropped wp-block-gallery-1 is-layout-flex wp-block-gallery-is-layout-flex\">\n<figure class=\"wp-block-image size-large\"><img fetchpriority=\"high\" decoding=\"async\" width=\"960\" height=\"640\" data-id=\"20422\" src=\"https:\/\/www.smartfit.com.br\/news\/wp-content\/uploads\/2022\/04\/Como-os-exercicios-fisicos-podem-ajudar-a-saude-mental.jpg\" alt=\"Exerc\u00edcios f\u00edsicos podem ajudar a sa\u00fade mental | Foto: Pexels\" class=\"wp-image-20422\" srcset=\"https:\/\/www.smartfit.com.br\/news\/wp-content\/uploads\/2022\/04\/Como-os-exercicios-fisicos-podem-ajudar-a-saude-mental.jpg 960w, https:\/\/www.smartfit.com.br\/news\/wp-content\/uploads\/2022\/04\/Como-os-exercicios-fisicos-podem-ajudar-a-saude-mental-300x200.jpg 300w, https:\/\/www.smartfit.com.br\/news\/wp-content\/uploads\/2022\/04\/Como-os-exercicios-fisicos-podem-ajudar-a-saude-mental-768x512.jpg 768w, https:\/\/www.smartfit.com.br\/news\/wp-content\/uploads\/2022\/04\/Como-os-exercicios-fisicos-podem-ajudar-a-saude-mental-800x533.jpg 800w, https:\/\/www.smartfit.com.br\/news\/wp-content\/uploads\/2022\/04\/Como-os-exercicios-fisicos-podem-ajudar-a-saude-mental-150x100.jpg 150w\" sizes=\"(max-width: 960px) 100vw, 960px\" \/><figcaption><strong><a href=\"https:\/\/www.smartfit.com.br\/news\/saude\/exercicios-fisicos-podem-ajudar-a-saude-mental\/\" title=\"Como os exerc\u00edcios f\u00edsicos podem ajudar a minha sa\u00fade mental?\">Exerc\u00edcios f\u00edsicos podem ajudar a sa\u00fade mental<\/a><\/strong><\/figcaption><\/figure>\n\n\n\n<figure class=\"wp-block-image size-large\"><img decoding=\"async\" width=\"960\" height=\"640\" data-id=\"20369\" src=\"https:\/\/www.smartfit.com.br\/news\/wp-content\/uploads\/2022\/04\/Quando-pular-o-treino.jpg\" alt=\"Imagem mostra halter em ambiente de academia vazio\" class=\"wp-image-20369\" srcset=\"https:\/\/www.smartfit.com.br\/news\/wp-content\/uploads\/2022\/04\/Quando-pular-o-treino.jpg 960w, https:\/\/www.smartfit.com.br\/news\/wp-content\/uploads\/2022\/04\/Quando-pular-o-treino-300x200.jpg 300w, https:\/\/www.smartfit.com.br\/news\/wp-content\/uploads\/2022\/04\/Quando-pular-o-treino-768x512.jpg 768w, https:\/\/www.smartfit.com.br\/news\/wp-content\/uploads\/2022\/04\/Quando-pular-o-treino-800x533.jpg 800w, https:\/\/www.smartfit.com.br\/news\/wp-content\/uploads\/2022\/04\/Quando-pular-o-treino-150x100.jpg 150w\" sizes=\"(max-width: 960px) 100vw, 960px\" \/><figcaption><strong><a href=\"https:\/\/www.smartfit.com.br\/news\/fitness\/quando-pular-o-treino\/\" title=\"8 momentos em que voc\u00ea pode \u2014 e deve \u2014 pular o treino\">Quando pular o treino<\/a><\/strong><\/figcaption><\/figure>\n\n\n\n<figure class=\"wp-block-image size-large\"><img decoding=\"async\" width=\"960\" height=\"640\" data-id=\"20435\" src=\"https:\/\/www.smartfit.com.br\/news\/wp-content\/uploads\/2022\/04\/Beneficios-da-Yoga.jpg\" alt=\"Imagem mostra homem praticando yoga ao ar livre\" class=\"wp-image-20435\" srcset=\"https:\/\/www.smartfit.com.br\/news\/wp-content\/uploads\/2022\/04\/Beneficios-da-Yoga.jpg 960w, https:\/\/www.smartfit.com.br\/news\/wp-content\/uploads\/2022\/04\/Beneficios-da-Yoga-300x200.jpg 300w, https:\/\/www.smartfit.com.br\/news\/wp-content\/uploads\/2022\/04\/Beneficios-da-Yoga-768x512.jpg 768w, https:\/\/www.smartfit.com.br\/news\/wp-content\/uploads\/2022\/04\/Beneficios-da-Yoga-800x533.jpg 800w, https:\/\/www.smartfit.com.br\/news\/wp-content\/uploads\/2022\/04\/Beneficios-da-Yoga-150x100.jpg 150w\" sizes=\"(max-width: 960px) 100vw, 960px\" \/><figcaption><a href=\"https:\/\/www.smartfit.com.br\/news\/fitness\/beneficios-da-yoga-para-seu-corpo-e-mente\/\" title=\"A Yoga \u00e9 para voc\u00ea e n\u00f3s podemos provar\"><strong>Benef\u00edcios da Yoga<\/strong><\/a><\/figcaption><\/figure>\n<\/figure>\n\n\n\n<p><\/p>\n","protected":false},"excerpt":{"rendered":"<p>Conversamos com um especialista para listar os melhores exerc\u00edcios para melhorar a dor nas costas<\/p>\n","protected":false},"author":1,"featured_media":20467,"comment_status":"open","ping_status":"open","sticky":false,"template":"","format":"standard","meta":{"footnotes":""},"categories":[1245],"tags":[1312,1311],"class_list":["post-20465","post","type-post","status-publish","format-standard","has-post-thumbnail","hentry","category-fitness","tag-card","tag-slide"],"acf":{"banner_imagem":"","banner_link":"","banner_target":"_blank","cta":{"label":"Vem treinar na Smart Fit!","link":"https:\/\/smartfit.com.br\/academias","target":"_blank"},"image_thumb_horizontal":20468,"image_thumb_vertical":20469,"image_carrosel":20470},"aioseo_notices":[],"thumbnail_url":"https:\/\/www.smartfit.com.br\/news\/wp-content\/uploads\/2022\/04\/Melhores-exercicios-para-quem-tem-dor-nas-costas.jpg","_links":{"self":[{"href":"https:\/\/www.smartfit.com.br\/news\/wp-json\/wp\/v2\/posts\/20465","targetHints":{"allow":["GET"]}}],"collection":[{"href":"https:\/\/www.smartfit.com.br\/news\/wp-json\/wp\/v2\/posts"}],"about":[{"href":"https:\/\/www.smartfit.com.br\/news\/wp-json\/wp\/v2\/types\/post"}],"author":[{"embeddable":true,"href":"https:\/\/www.smartfit.com.br\/news\/wp-json\/wp\/v2\/users\/1"}],"replies":[{"embeddable":true,"href":"https:\/\/www.smartfit.com.br\/news\/wp-json\/wp\/v2\/comments?post=20465"}],"version-history":[{"count":9,"href":"https:\/\/www.smartfit.com.br\/news\/wp-json\/wp\/v2\/posts\/20465\/revisions"}],"predecessor-version":[{"id":20500,"href":"https:\/\/www.smartfit.com.br\/news\/wp-json\/wp\/v2\/posts\/20465\/revisions\/20500"}],"wp:featuredmedia":[{"embeddable":true,"href":"https:\/\/www.smartfit.com.br\/news\/wp-json\/wp\/v2\/media\/20467"}],"wp:attachment":[{"href":"https:\/\/www.smartfit.com.br\/news\/wp-json\/wp\/v2\/media?parent=20465"}],"wp:term":[{"taxonomy":"category","embeddable":true,"href":"https:\/\/www.smartfit.com.br\/news\/wp-json\/wp\/v2\/categories?post=20465"},{"taxonomy":"post_tag","embeddable":true,"href":"https:\/\/www.smartfit.com.br\/news\/wp-json\/wp\/v2\/tags?post=20465"}],"curies":[{"name":"wp","href":"https:\/\/api.w.org\/{rel}","templated":true}]}}