{"id":20206,"date":"2022-04-13T08:45:00","date_gmt":"2022-04-13T11:45:00","guid":{"rendered":"https:\/\/www.smartfit.com.br\/news\/?p=20206"},"modified":"2022-04-13T10:58:03","modified_gmt":"2022-04-13T13:58:03","slug":"a-campanha-kikada-do-ano-seleciona-aluno-smart-fit-para-dancar-com-a-lexa","status":"publish","type":"post","link":"https:\/\/www.smartfit.com.br\/news\/academia\/a-campanha-kikada-do-ano-seleciona-aluno-smart-fit-para-dancar-com-a-lexa\/","title":{"rendered":"A Campanha Kikada do Ano seleciona aluno Smart Fit para dan\u00e7ar com a Lexa!"},"content":{"rendered":"\n<p>A nossa sapequinha preferida, <strong>Lexa<\/strong>, acabou de lan\u00e7ar um feat. com o L\u00e9o Santana que promete bombar no Carnaval em abril. E olha s\u00f3: ela convidou a <strong>Smart Fit<\/strong> para ajud\u00e1-la a escolher o dan\u00e7arino ou a dan\u00e7arina que vai <a href=\"https:\/\/www.smartfit.com.br\/news\/fitness\/beneficios-danca-para-corpo-e-mente\/\" title=\"Dan\u00e7ar \u00e9 divertido e faz bem para sa\u00fade\">dan\u00e7ar<\/a> com ela dia 21 de maio em um show em S\u00e3o Paulo.<\/p>\n\n\n\n<p>Vem a\u00ed, a CAMPANHA KIKADA DO ANO!<\/p>\n\n\n\n<p><strong>E ainda vai ganhar 1 ano de Smart Fit. <\/strong><\/p>\n\n\n\n<p>Parece at\u00e9 sonho n\u00e9? Mas a gente jura que \u00e9 realidade!&nbsp;<\/p>\n\n\n\n<h2 class=\"wp-block-heading\">Para participar voc\u00ea precisa:<\/h2>\n\n\n\n<ul class=\"wp-block-list\"><li>Ser aluno pagante<strong> Smart Fit<\/strong> de uma unidade participante*;<\/li><li>Ter se matriculado antes de 10 de abril 2022;<\/li><li>Estar em dia com as mensalidades;<\/li><li>Se inscrever no formul\u00e1rio dispon\u00edvel no balc\u00e3o da sua unidade at\u00e9 17 de abril.<\/li><\/ul>\n\n\n\n<p class=\"has-small-font-size\">*Alunos Black podem se inscrever em qualquer unidade! Mas s\u00f3 vai competir por uma, t\u00e1?<\/p>\n\n\n\n<h2 class=\"wp-block-heading\">Como funciona?&nbsp;<\/h2>\n\n\n\n<p>Para estar no palco da <strong>Lexa<\/strong>, voc\u00ea vai precisar passar por 4 etapas:<\/p>\n\n\n\n<h3 class=\"wp-block-heading\">1\u00aa \u2014 Disputa dentro das unidades<\/h3>\n\n\n\n<p>Entre 18 e 20 de abril, os candidatos v\u00e3o dan\u00e7ar a coreografia da Kikada do Ano na <a href=\"https:\/\/www.smartfit.com.br\/news\/academia\/aula-de-fitdance-em-academia-como-e-e-onde-fazer\/\" title=\"Aula de FitDance em academia: como \u00e9 e onde fazer\">aula de FitDance<\/a>.&nbsp;<\/p>\n\n\n\n<p>O pr\u00f3prio p\u00fablico presente na aula vai escolher o vencedor. Em caso de empate, quem decide \u00e9 o professor.<\/p>\n\n\n\n<h3 class=\"wp-block-heading\">2\u00aa \u2014 Escolha do Comit\u00ea<\/h3>\n\n\n\n<p>Se voc\u00ea chegou aqui, vai precisar postar um v\u00eddeo dan\u00e7ando a Kikada do Ano no seu Instagram at\u00e9 o dia 24 de abril.<\/p>\n\n\n\n<p>Ele precisa ser aberto ao p\u00fablico, ter a hashtag #KikadaDoAnoSmartFit e a marca\u00e7\u00e3o dos perfis da <a href=\"https:\/\/www.instagram.com\/smartfit\">@smartfit<\/a> e da <a href=\"https:\/\/www.instagram.com\/lexa\/\">@lexa<\/a>.<\/p>\n\n\n\n<p>Se voc\u00ea estiver regularmente inscrito no balc\u00e3o da unidade, seu v\u00eddeo ser\u00e1 avaliado por um comit\u00ea formado por profissionais de dan\u00e7a e pelo time t\u00e9cnico de aulas coletivas da <strong>Smart Fit<\/strong>. 16 finalistas ser\u00e3o escolhidos.<\/p>\n\n\n\n<h3 class=\"wp-block-heading\">3\u00aa \u2014 Vota\u00e7\u00e3o nas redes sociais<\/h3>\n\n\n\n<p>Os v\u00eddeos dos 16 selecionados ser\u00e3o divulgados no perfil da <strong>Smart Fit<\/strong> para mais de\u00a0 1.3 milh\u00e3o de seguidores, que v\u00e3o escolher os 4 finalistas.<\/p>\n\n\n\n<p>Essa fase acontece entre os dias 29 de abril e 1\u00ba de maio.&nbsp;<\/p>\n\n\n\n<h3 class=\"wp-block-heading\">4\u00aa \u2014 Grande final<\/h3>\n\n\n\n<p>Os finalistas v\u00e3o participar da final no FitDance Space, com transmiss\u00e3o ao vivo no YouTube da <strong>Smart Fit<\/strong> e do Instagram da <strong>Lexa<\/strong>. Cada participante vai dan\u00e7ar a Kikada do Ano em uma apresenta\u00e7\u00e3o individual e o vencedor ser\u00e1 escolhido pela <strong>Lexa<\/strong>!<\/p>\n\n\n\n<p>Ah, e se voc\u00ea ganhar, seu professor tamb\u00e9m ganha! Enquanto voc\u00ea participa da tour de carnaval da sapequinha, o professor da sua unidade vai gravar a coreografia para o canal do YouTube da <a href=\"https:\/\/www.smartfit.com.br\/news\/academia\/aula-de-fitdance-em-academia-como-e-e-onde-fazer\/\" title=\"Aula de FitDance em academia: como \u00e9 e onde fazer\">FitDance<\/a>!<\/p>\n\n\n\n<p>Para ler todas as regras, voc\u00ea pode consultar o regulamento e o nosso documento de Perguntas e Respostas.<\/p>\n\n\n\n<h2 class=\"wp-block-heading\">Leia tamb\u00e9m<\/h2>\n\n\n\n<figure class=\"wp-block-gallery has-nested-images columns-default is-cropped wp-block-gallery-1 is-layout-flex wp-block-gallery-is-layout-flex\">\n<figure class=\"wp-block-image size-large\"><img fetchpriority=\"high\" decoding=\"async\" width=\"960\" height=\"640\" data-id=\"19733\" src=\"https:\/\/www.smartfit.com.br\/news\/wp-content\/uploads\/2022\/03\/aplicativos-para-cuidar-da-saude.jpg\" alt=\"Mulher concentrada mexendo em celular, n\u00e3o \u00e9 poss\u00edvel ver qual aplicativo ela est\u00e1 usando\" class=\"wp-image-19733\" srcset=\"https:\/\/www.smartfit.com.br\/news\/wp-content\/uploads\/2022\/03\/aplicativos-para-cuidar-da-saude.jpg 960w, https:\/\/www.smartfit.com.br\/news\/wp-content\/uploads\/2022\/03\/aplicativos-para-cuidar-da-saude-300x200.jpg 300w, https:\/\/www.smartfit.com.br\/news\/wp-content\/uploads\/2022\/03\/aplicativos-para-cuidar-da-saude-768x512.jpg 768w, https:\/\/www.smartfit.com.br\/news\/wp-content\/uploads\/2022\/03\/aplicativos-para-cuidar-da-saude-800x533.jpg 800w, https:\/\/www.smartfit.com.br\/news\/wp-content\/uploads\/2022\/03\/aplicativos-para-cuidar-da-saude-150x100.jpg 150w\" sizes=\"(max-width: 960px) 100vw, 960px\" \/><figcaption><strong><a href=\"https:\/\/www.smartfit.com.br\/news\/academia\/aplicativos-para-cuidar-da-saude\/\" title=\"Que tal usar seu tempo online com aplicativos para cuidar da sa\u00fade?\">Aplicativos para cuidar da sa\u00fade<\/a><\/strong><\/figcaption><\/figure>\n\n\n\n<figure class=\"wp-block-image size-large\"><img decoding=\"async\" width=\"960\" height=\"640\" data-id=\"19583\" src=\"https:\/\/www.smartfit.com.br\/news\/wp-content\/uploads\/2022\/02\/preciso-de-suplementos.jpg\" alt=\"Imagem de colheres com suplementos em p\u00f3 diversos\" class=\"wp-image-19583\" srcset=\"https:\/\/www.smartfit.com.br\/news\/wp-content\/uploads\/2022\/02\/preciso-de-suplementos.jpg 960w, https:\/\/www.smartfit.com.br\/news\/wp-content\/uploads\/2022\/02\/preciso-de-suplementos-300x200.jpg 300w, https:\/\/www.smartfit.com.br\/news\/wp-content\/uploads\/2022\/02\/preciso-de-suplementos-768x512.jpg 768w, https:\/\/www.smartfit.com.br\/news\/wp-content\/uploads\/2022\/02\/preciso-de-suplementos-800x533.jpg 800w, https:\/\/www.smartfit.com.br\/news\/wp-content\/uploads\/2022\/02\/preciso-de-suplementos-150x100.jpg 150w\" sizes=\"(max-width: 960px) 100vw, 960px\" \/><figcaption><strong><a href=\"https:\/\/www.smartfit.com.br\/news\/nutricao\/preciso-de-suplementos\/\" title=\"Como saber se preciso de suplementos?\">Preciso de suplementos?<\/a><\/strong><\/figcaption><\/figure>\n\n\n\n<figure class=\"wp-block-image size-large\"><img decoding=\"async\" width=\"960\" height=\"640\" data-id=\"18923\" src=\"https:\/\/www.smartfit.com.br\/news\/wp-content\/uploads\/2022\/01\/energia-solar.jpg\" alt=\"energia renov\u00e1vel\" class=\"wp-image-18923\" srcset=\"https:\/\/www.smartfit.com.br\/news\/wp-content\/uploads\/2022\/01\/energia-solar.jpg 960w, https:\/\/www.smartfit.com.br\/news\/wp-content\/uploads\/2022\/01\/energia-solar-300x200.jpg 300w, https:\/\/www.smartfit.com.br\/news\/wp-content\/uploads\/2022\/01\/energia-solar-768x512.jpg 768w, https:\/\/www.smartfit.com.br\/news\/wp-content\/uploads\/2022\/01\/energia-solar-800x533.jpg 800w, https:\/\/www.smartfit.com.br\/news\/wp-content\/uploads\/2022\/01\/energia-solar-150x100.jpg 150w\" sizes=\"(max-width: 960px) 100vw, 960px\" \/><figcaption><a href=\"https:\/\/www.smartfit.com.br\/news\/academia\/smart-fit-usa-energia-renovavel-raizen\/\" title=\"Smart Fit amplia unidades com energia renov\u00e1vel em nova parceria com Ra\u00edzen&nbsp;\"><strong>Smart Fit amplia unidades com energia renov\u00e1vel <\/strong><\/a><\/figcaption><\/figure>\n<\/figure>\n\n\n\n<p><\/p>\n","protected":false},"excerpt":{"rendered":"<p>O escolhido participar\u00e1 de um show da cantora em S\u00e3o Paulo<\/p>\n","protected":false},"author":1,"featured_media":20210,"comment_status":"open","ping_status":"open","sticky":false,"template":"","format":"standard","meta":{"footnotes":""},"categories":[1301],"tags":[1311],"class_list":["post-20206","post","type-post","status-publish","format-standard","has-post-thumbnail","hentry","category-academia","tag-slide"],"acf":{"banner_imagem":"","banner_link":"","banner_target":"_blank","cta":{"label":"Confira o regulamento","link":"https:\/\/assets.smartfit.com.br\/attachments\/29c5270db99ab789173b5a8934ba8b604b92c45e\/store\/a5da0105ffec706b894bcf598de7051ba8066795924100f590df3f70ca23\/file.pdf?_ga=2.134806385.1873496477.1649094164-1482584724.1637235719&_gac=1.81166053.1646664303.Cj0KCQiA95aRBhCsARIsAC2xvfx1G0u22r7SkxX1hbBn4stnmF5RnbrKlWXk4aNgVv4_w3mCLp_QB_4aAu8mEALw_wcB","target":"_blank"},"image_thumb_horizontal":20211,"image_thumb_vertical":20212,"image_carrosel":20213},"aioseo_notices":[],"thumbnail_url":"https:\/\/www.smartfit.com.br\/news\/wp-content\/uploads\/2022\/03\/Campanha-Kikada-do-Ano.jpg","_links":{"self":[{"href":"https:\/\/www.smartfit.com.br\/news\/wp-json\/wp\/v2\/posts\/20206","targetHints":{"allow":["GET"]}}],"collection":[{"href":"https:\/\/www.smartfit.com.br\/news\/wp-json\/wp\/v2\/posts"}],"about":[{"href":"https:\/\/www.smartfit.com.br\/news\/wp-json\/wp\/v2\/types\/post"}],"author":[{"embeddable":true,"href":"https:\/\/www.smartfit.com.br\/news\/wp-json\/wp\/v2\/users\/1"}],"replies":[{"embeddable":true,"href":"https:\/\/www.smartfit.com.br\/news\/wp-json\/wp\/v2\/comments?post=20206"}],"version-history":[{"count":12,"href":"https:\/\/www.smartfit.com.br\/news\/wp-json\/wp\/v2\/posts\/20206\/revisions"}],"predecessor-version":[{"id":20358,"href":"https:\/\/www.smartfit.com.br\/news\/wp-json\/wp\/v2\/posts\/20206\/revisions\/20358"}],"wp:featuredmedia":[{"embeddable":true,"href":"https:\/\/www.smartfit.com.br\/news\/wp-json\/wp\/v2\/media\/20210"}],"wp:attachment":[{"href":"https:\/\/www.smartfit.com.br\/news\/wp-json\/wp\/v2\/media?parent=20206"}],"wp:term":[{"taxonomy":"category","embeddable":true,"href":"https:\/\/www.smartfit.com.br\/news\/wp-json\/wp\/v2\/categories?post=20206"},{"taxonomy":"post_tag","embeddable":true,"href":"https:\/\/www.smartfit.com.br\/news\/wp-json\/wp\/v2\/tags?post=20206"}],"curies":[{"name":"wp","href":"https:\/\/api.w.org\/{rel}","templated":true}]}}