{"id":20071,"date":"2022-03-18T17:38:18","date_gmt":"2022-03-18T20:38:18","guid":{"rendered":"https:\/\/www.smartfit.com.br\/news\/?p=20071"},"modified":"2022-04-28T16:43:41","modified_gmt":"2022-04-28T19:43:41","slug":"descubra-se-seu-sono-esta-em-dia","status":"publish","type":"post","link":"https:\/\/www.smartfit.com.br\/news\/saude\/descubra-se-seu-sono-esta-em-dia\/","title":{"rendered":"Ser\u00e1 que seu sono est\u00e1 em dia? Veja como descobrir"},"content":{"rendered":"\n<p>Se voc\u00ea tem ins\u00f4nia, provavelmente j\u00e1 sabe que n\u00e3o est\u00e1 dormindo bem. Mas, muitas vezes, uma qualidade ruim de <strong>sono <\/strong>n\u00e3o \u00e9 t\u00e3o aparente para as pessoas.<\/p>\n\n\n\n<p>Isso porque voc\u00ea pode <strong>dormir <\/strong>rapidamente, mas ainda assim ter um <strong>sono agitado<\/strong>, que resulta em diversos problemas no dia seguinte e, a longo prazo, pode levar a condi\u00e7\u00f5es s\u00e9rias de sa\u00fade.<\/p>\n\n\n\n<p>Mas, a n\u00e3o ser que voc\u00ea durma com algu\u00e9m do lado que possa avisar que voc\u00ea se revirou a noite toda, como saber se voc\u00ea est\u00e1 dormindo bem e o suficiente?<\/p>\n\n\n\n<p>\u00c9 s\u00f3 ouvir seu corpo. Marcelo Homem de Melo e Monique Luz, psic\u00f3logos da plataforma de orienta\u00e7\u00e3o psicol\u00f3gica online <a href=\"https:\/\/zenklub.com.br\/\"><strong>Zenklub<\/strong><\/a>, te contam como a seguir:<\/p>\n\n\n\n<h2 class=\"wp-block-heading\">Sinais de que voc\u00ea n\u00e3o est\u00e1 dormindo bem<\/h2>\n\n\n\n<h3 class=\"wp-block-heading\">Dificuldade para se concentrar durante o dia<\/h3>\n\n\n\n<p>A exaust\u00e3o f\u00edsica quando voc\u00ea n\u00e3o est\u00e1 dormindo bem \u00e9 um sinal \u00f3bvio, mas sabia que a exaust\u00e3o mental pode ser ainda mais limitante?<\/p>\n\n\n\n<p>Ela se d\u00e1 pela dificuldade de se concentrar ou de \u201cengrenar\u201d em atividades que normalmente s\u00e3o f\u00e1ceis para voc\u00ea \u2014 como aquele relat\u00f3rio di\u00e1rio que voc\u00ea sempre faz com as m\u00e3os nas costas mas, ultimamente, n\u00e3o consegue terminar sem lutar consigo mesmo.<\/p>\n\n\n\n<p>Isso acontece porque o c\u00e9rebro precisa de um determinado per\u00edodo de <strong>sono profundo <\/strong>para eliminar toxinas e \u201creiniciar\u201d. Quando ele n\u00e3o consegue fazer isso, seu desempenho fica abaixo do esperado, como quando voc\u00ea deixa o computador sem desligar por v\u00e1rios dias seguidos e ele come\u00e7a a \u201ctravar\u201d.<\/p>\n\n\n\n<h3 class=\"wp-block-heading\">Fome al\u00e9m do normal e ganho de peso<\/h3>\n\n\n\n<p><a href=\"https:\/\/www.smartfit.com.br\/news\/nutricao\/tipos-de-fome\/\" title=\"Existem diversos tipos de fome; saiba como diferenciar\">Fome<\/a> o dia inteiro? Isso pode ser um sinal de que voc\u00ea n\u00e3o tem dormido bem.<\/p>\n\n\n\n<p>A falta de um <strong>sono<\/strong> de qualidade afeta os horm\u00f4nios, os deixando desregulados e aumentando a produ\u00e7\u00e3o da grelina, horm\u00f4nio do apetite.<\/p>\n\n\n\n<p>Para piorar, esse apetite ainda pede por \u201cjunk food\u201d, j\u00e1 que o corpo privado de <strong>sono<\/strong> procura mais carboidratos simples e a\u00e7\u00facares, que s\u00e3o fontes r\u00e1pidas de energia.<\/p>\n\n\n\n<p>Um estudo descobriu at\u00e9 mesmo que <a href=\"https:\/\/www.ncbi.nlm.nih.gov\/pmc\/articles\/PMC2398753\/\">adultos que n\u00e3o dormem bem t\u00eam 55% mais chances de desenvolver obesidade<\/a>.<\/p>\n\n\n\n<h3 class=\"wp-block-heading\"><strong>Dificuldade na academia<\/strong><\/h3>\n\n\n\n<p>Um outro estudo mostrou que um <a href=\"https:\/\/pubmed.ncbi.nlm.nih.gov\/21731144\/\">sono ruim ou insuficiente afeta significativamente sua velocidade, precis\u00e3o, tempos de rea\u00e7\u00e3o e desempenho nos exerc\u00edcios f\u00edsicos<\/a>.<\/p>\n\n\n\n<p>Sabe aquela flutua\u00e7\u00e3o que voc\u00ea observa na academia que parece n\u00e3o fazer sentido? (\u201cComo assim eu s\u00f3 estou levantando 80 kg se antes de ontem levantei 100 kg?\u201d) Ela pode ser um sinal de que voc\u00ea n\u00e3o est\u00e1 dormindo bem.<\/p>\n\n\n\n<p>Ent\u00e3o j\u00e1 sabe: n\u00e3o adianta nada <strong>dormir <\/strong>s\u00f3 cinco horas por noite para focar em treinar intensivamente. Isso n\u00e3o s\u00f3 n\u00e3o vai ajudar como vai atrapalhar seus <a href=\"https:\/\/www.smartfit.com.br\/news\/fitness\/6-dicas-de-treino-para-acelerar-os-resultados\/\" title=\"6 dicas de treino para acelerar os resultados\">resultados<\/a>.<\/p>\n\n\n\n<h3 class=\"wp-block-heading\"><strong>Aparecimento de espinhas e cravos<\/strong><\/h3>\n\n\n\n<p>A acne se trata de uma inflama\u00e7\u00e3o na pele; O horm\u00f4nio do stress cortisol, al\u00e9m de nos fazer sentir p\u00e9ssimos, tamb\u00e9m alimenta as inflama\u00e7\u00f5es do corpo; <strong>Dormir mal<\/strong> aumenta a produ\u00e7\u00e3o do cortisol.<\/p>\n\n\n\n<p>J\u00e1 entendeu onde queremos chegar?&nbsp;<\/p>\n\n\n\n<p>Segundo a dermatologista Paola Pomerantzeff, o ideal para evitar que isso aconte\u00e7a, \u00e9 <strong>dormir <\/strong>oito horas por noite.<\/p>\n\n\n\n<h3 class=\"wp-block-heading\">Olheiras mais marcadas<\/h3>\n\n\n\n<p>Este \u00e9 um sinal que voc\u00ea provavelmente j\u00e1 conhece, mas voc\u00ea sabe por que ele acontece?<\/p>\n\n\n\n<p>Quando n\u00e3o temos <strong>sono restaurador<\/strong> suficiente, os vasos sangu\u00edneos dilatam e o fluxo sangu\u00edneo fica mais lento (por isso que tamb\u00e9m nos sentimos mais inchados no corpo todo).&nbsp;<\/p>\n\n\n\n<p>Como a pele embaixo dos olhos \u00e9 mais fina, esse ac\u00famulo maior de sangue na regi\u00e3o fica evidente, deixando a \u00e1rea com apar\u00eancia mais escurecida.<\/p>\n\n\n\n<h3 class=\"wp-block-heading\">Agressividade al\u00e9m do normal<\/h3>\n\n\n\n<p>Para a maioria de n\u00f3s, <strong>dormir mal<\/strong> \u00e9 garantia de mau humor e isso tem a ver com o cortisol que, como mencionamos, fica em maiores n\u00edveis quando n\u00e3o dormimos bem.&nbsp;<\/p>\n\n\n\n<p>Mas isso pode levar a problemas mais s\u00e9rios que apenas uma cara fechada pela <a href=\"https:\/\/www.smartfit.com.br\/news\/fitness\/dicas-treinar-manha\/\" title=\"Dicas para treinar pela manh\u00e3\">manh\u00e3<\/a>.<\/p>\n\n\n\n<p>A falta de <strong>sono<\/strong> tamb\u00e9m impede que nosso c\u00e9rebro tome decis\u00f5es racionais, ao mesmo tempo que afeta nossa capacidade de lidar bem com situa\u00e7\u00f5es sociais.&nbsp;<\/p>\n\n\n\n<p>Tudo isso combinado pode levar a \u201cexplos\u00f5es\u201d de raiva que, em uma situa\u00e7\u00e3o de trabalho, por exemplo, pode te levar a responder atravessado para algu\u00e9m e at\u00e9 mesmo custar seu emprego.<\/p>\n\n\n\n<h2 class=\"wp-block-heading\">O que fazer se estou com esses sinais<\/h2>\n\n\n\n<p>Claro, procurar <strong>dormir melhor<\/strong> \u00e9 um dos primeiros passos para ter um <strong>sono <\/strong>mais eficiente.<\/p>\n\n\n\n<p>No entanto, alguns problemas, como apneia do <strong>sono<\/strong>, por exemplo, afetam terrivelmente sua noite e necessitam de mais que algumas mudan\u00e7as de h\u00e1bitos, por se tratarem de problemas no organismo (no caso da apneia, no trato respirat\u00f3rio).<\/p>\n\n\n\n<p>Para descobrir se \u00e9 seu caso, voc\u00ea pode procurar uma cl\u00ednica de <strong>sono<\/strong>. Elas oferecem um exame chamado polissonografia: voc\u00ea dorme no local e eles monitoram diversos par\u00e2metros do seu corpo enquanto isso, desde respira\u00e7\u00e3o at\u00e9 atividade cerebral.&nbsp;<\/p>\n\n\n\n<p>A partir desse laudo, eles podem te indicar ao m\u00e9dico competente para resolver seu caso para que voc\u00ea possa, finalmente, ter uma \u00f3tima noite de <strong>sono<\/strong>.<\/p>\n\n\n\n<h2 class=\"wp-block-heading\">Leia tamb\u00e9m<\/h2>\n\n\n\n<figure class=\"wp-block-gallery has-nested-images columns-default is-cropped wp-block-gallery-1 is-layout-flex wp-block-gallery-is-layout-flex\">\n<figure class=\"wp-block-image size-large\"><img fetchpriority=\"high\" decoding=\"async\" width=\"960\" height=\"640\" data-id=\"20057\" src=\"https:\/\/www.smartfit.com.br\/news\/wp-content\/uploads\/2022\/03\/Exercicios-ajudam-na-autoestima.jpg\" alt=\"Dupla em ambiente de academia usa bicicletas ergom\u00e9ticas. A mulher est\u00e1 virada para a esquerda, sorridente, olhando para um rapaz que, virado para a direita, tamb\u00e9m olha para ela.\" class=\"wp-image-20057\" srcset=\"https:\/\/www.smartfit.com.br\/news\/wp-content\/uploads\/2022\/03\/Exercicios-ajudam-na-autoestima.jpg 960w, https:\/\/www.smartfit.com.br\/news\/wp-content\/uploads\/2022\/03\/Exercicios-ajudam-na-autoestima-300x200.jpg 300w, https:\/\/www.smartfit.com.br\/news\/wp-content\/uploads\/2022\/03\/Exercicios-ajudam-na-autoestima-768x512.jpg 768w, https:\/\/www.smartfit.com.br\/news\/wp-content\/uploads\/2022\/03\/Exercicios-ajudam-na-autoestima-800x533.jpg 800w, https:\/\/www.smartfit.com.br\/news\/wp-content\/uploads\/2022\/03\/Exercicios-ajudam-na-autoestima-150x100.jpg 150w\" sizes=\"(max-width: 960px) 100vw, 960px\" \/><figcaption><strong><a href=\"https:\/\/www.smartfit.com.br\/news\/saude\/exercicios-ajudam-na-autoestima\/\" title=\"Como os exerc\u00edcios ajudam na sua autoestima\">Exerc\u00edcios ajudam na autoestima<\/a><\/strong><\/figcaption><\/figure>\n\n\n\n<figure class=\"wp-block-image size-large\"><img decoding=\"async\" width=\"960\" height=\"640\" data-id=\"20042\" src=\"https:\/\/www.smartfit.com.br\/news\/wp-content\/uploads\/2022\/03\/Quantas-porcoes-de-frutas-e-vegetais-devo-comer-por-dia.jpg\" alt=\"Mesa repleta de frutas e verduras\" class=\"wp-image-20042\" srcset=\"https:\/\/www.smartfit.com.br\/news\/wp-content\/uploads\/2022\/03\/Quantas-porcoes-de-frutas-e-vegetais-devo-comer-por-dia.jpg 960w, https:\/\/www.smartfit.com.br\/news\/wp-content\/uploads\/2022\/03\/Quantas-porcoes-de-frutas-e-vegetais-devo-comer-por-dia-300x200.jpg 300w, https:\/\/www.smartfit.com.br\/news\/wp-content\/uploads\/2022\/03\/Quantas-porcoes-de-frutas-e-vegetais-devo-comer-por-dia-768x512.jpg 768w, https:\/\/www.smartfit.com.br\/news\/wp-content\/uploads\/2022\/03\/Quantas-porcoes-de-frutas-e-vegetais-devo-comer-por-dia-800x533.jpg 800w, https:\/\/www.smartfit.com.br\/news\/wp-content\/uploads\/2022\/03\/Quantas-porcoes-de-frutas-e-vegetais-devo-comer-por-dia-150x100.jpg 150w\" sizes=\"(max-width: 960px) 100vw, 960px\" \/><figcaption><strong><a href=\"https:\/\/www.smartfit.com.br\/news\/nutricao\/quantas-porcoes-de-frutas-e-vegetais-devo-comer\/\" title=\"Afinal, quantas por\u00e7\u00f5es de frutas e vegetais devo comer por dia?\">Quantas por\u00e7\u00f5es de frutas e vegetais devo comer por dia<\/a><\/strong><\/figcaption><\/figure>\n\n\n\n<figure class=\"wp-block-image size-large\"><img decoding=\"async\" width=\"960\" height=\"640\" data-id=\"20000\" src=\"https:\/\/www.smartfit.com.br\/news\/wp-content\/uploads\/2022\/03\/como-criar-habitos.jpg\" alt=\"Pessoa com uma caneca de ch\u00e1, um bowl de gr\u00e3os para uma refei\u00e7\u00e3o saud\u00e1vel, folheando um livro sobre como criar h\u00e1bitos\" class=\"wp-image-20000\" srcset=\"https:\/\/www.smartfit.com.br\/news\/wp-content\/uploads\/2022\/03\/como-criar-habitos.jpg 960w, https:\/\/www.smartfit.com.br\/news\/wp-content\/uploads\/2022\/03\/como-criar-habitos-300x200.jpg 300w, https:\/\/www.smartfit.com.br\/news\/wp-content\/uploads\/2022\/03\/como-criar-habitos-768x512.jpg 768w, https:\/\/www.smartfit.com.br\/news\/wp-content\/uploads\/2022\/03\/como-criar-habitos-800x533.jpg 800w, https:\/\/www.smartfit.com.br\/news\/wp-content\/uploads\/2022\/03\/como-criar-habitos-150x100.jpg 150w\" sizes=\"(max-width: 960px) 100vw, 960px\" \/><figcaption><a href=\"https:\/\/www.smartfit.com.br\/news\/saude\/como-criar-habitos\/\" title=\"Tudo o que voc\u00ea precisa saber para criar h\u00e1bitos (e para perd\u00ea-los tamb\u00e9m!)\"><strong>Como criar h\u00e1bitos?<\/strong><\/a><\/figcaption><\/figure>\n<\/figure>\n\n\n\n<p><\/p>\n","protected":false},"excerpt":{"rendered":"<p>Nem sempre \u00e9 \u00f3bvio determinar que voc\u00ea n\u00e3o est\u00e1 dormindo bem, mas o corpo manda alguns sinais<\/p>\n","protected":false},"author":1,"featured_media":20073,"comment_status":"open","ping_status":"open","sticky":false,"template":"","format":"standard","meta":{"footnotes":""},"categories":[1244],"tags":[1311],"class_list":["post-20071","post","type-post","status-publish","format-standard","has-post-thumbnail","hentry","category-saude","tag-slide"],"acf":{"banner_imagem":"","banner_link":"","banner_target":"_blank","cta":{"label":"Conhe\u00e7a os planos da Smart Fit!","link":"https:\/\/smartfit.com.br\/academias","target":"_blank"},"image_thumb_horizontal":20074,"image_thumb_vertical":20075,"image_carrosel":20076},"aioseo_notices":[],"thumbnail_url":"https:\/\/www.smartfit.com.br\/news\/wp-content\/uploads\/2022\/03\/Descubra-se-seu-sono-esta-em-dia.jpg","_links":{"self":[{"href":"https:\/\/www.smartfit.com.br\/news\/wp-json\/wp\/v2\/posts\/20071","targetHints":{"allow":["GET"]}}],"collection":[{"href":"https:\/\/www.smartfit.com.br\/news\/wp-json\/wp\/v2\/posts"}],"about":[{"href":"https:\/\/www.smartfit.com.br\/news\/wp-json\/wp\/v2\/types\/post"}],"author":[{"embeddable":true,"href":"https:\/\/www.smartfit.com.br\/news\/wp-json\/wp\/v2\/users\/1"}],"replies":[{"embeddable":true,"href":"https:\/\/www.smartfit.com.br\/news\/wp-json\/wp\/v2\/comments?post=20071"}],"version-history":[{"count":5,"href":"https:\/\/www.smartfit.com.br\/news\/wp-json\/wp\/v2\/posts\/20071\/revisions"}],"predecessor-version":[{"id":20548,"href":"https:\/\/www.smartfit.com.br\/news\/wp-json\/wp\/v2\/posts\/20071\/revisions\/20548"}],"wp:featuredmedia":[{"embeddable":true,"href":"https:\/\/www.smartfit.com.br\/news\/wp-json\/wp\/v2\/media\/20073"}],"wp:attachment":[{"href":"https:\/\/www.smartfit.com.br\/news\/wp-json\/wp\/v2\/media?parent=20071"}],"wp:term":[{"taxonomy":"category","embeddable":true,"href":"https:\/\/www.smartfit.com.br\/news\/wp-json\/wp\/v2\/categories?post=20071"},{"taxonomy":"post_tag","embeddable":true,"href":"https:\/\/www.smartfit.com.br\/news\/wp-json\/wp\/v2\/tags?post=20071"}],"curies":[{"name":"wp","href":"https:\/\/api.w.org\/{rel}","templated":true}]}}