{"id":18292,"date":"2021-12-28T17:30:00","date_gmt":"2021-12-28T20:30:00","guid":{"rendered":"https:\/\/www.smartfit.com.br\/news\/?p=18292"},"modified":"2021-12-21T17:31:33","modified_gmt":"2021-12-21T20:31:33","slug":"conciliar-academia-e-artes-marciais","status":"publish","type":"post","link":"https:\/\/www.smartfit.com.br\/news\/fitness\/conciliar-academia-e-artes-marciais\/","title":{"rendered":"Como conciliar academia e artes marciais?"},"content":{"rendered":"\n<p>Seria poss\u00edvel a academia complementar outras pr\u00e1ticas esportivas? Pensando em garantir uma melhor performance e menores chances de acidentes ou les\u00f5es em treinamentos ou competi\u00e7\u00f5es, vamos conversar um pouco sobre a modalidade das <strong>artes marciais<\/strong>, uma pr\u00e1tica milenar que pode contar com um treinamento especial na academia.&nbsp;<\/p>\n\n\n\n<h2 class=\"wp-block-heading\">O que s\u00e3o as artes marciais?&nbsp;<\/h2>\n\n\n\n<p>As chamadas <a href=\"https:\/\/www.smartfit.com.br\/news\/academia\/body-combat-experimente-aula-artes-marciais-smart-fit\/\">artes marciais<\/a> se diferenciam das demais modalidades por envolverem dois ingredientes especiais: a luta f\u00edsica e a concentra\u00e7\u00e3o. Esse tipo de pr\u00e1tica j\u00e1 existe h\u00e1 muito tempo, tendo sua origem considerada como milenar. Al\u00e9m disso, o adjetivo \u201cmarcial\u201d est\u00e1 relacionado com as atividades militares. Interessante, n\u00e3o? Isso se relaciona diretamente com o seu principal objetivo que \u00e9, no fim das contas, fazer com que o praticante possua um alto desenvolvimento, por conta de estarem envolvidas tanto disciplinas f\u00edsicas quanto mentais, para que consigam se defender ou submeter os seus advers\u00e1rios com o uso de t\u00e9cnicas espec\u00edficas.<\/p>\n\n\n\n<p>Falando de t\u00e9cnicas, existem v\u00e1rios tipos de <strong>artes marciais <\/strong>e a\u00ed cabe s\u00f3 ao praticante ver qual d\u00e1 o melhor \u201cmatch\u201d com ele. Alguns exemplos s\u00e3o o muay thai, o jiu-jitsu, o kung fu e o taekwondo, e mesmo que considerados parte das artes marciais, cada um possui a sua peculiaridade.&nbsp;<\/p>\n\n\n\n<p>As <strong>artes marciais<\/strong> t\u00eam se tornado ainda mais populares entre os amantes de <a href=\"https:\/\/www.smartfit.com.br\/news\/saude\/o-que-e-sedentarismo\/\">atividade f\u00edsica<\/a>, at\u00e9 para aqueles que batem carteirinha nos treinos de muscula\u00e7\u00e3o. Isso n\u00e3o acontece por acaso, j\u00e1 que a pr\u00e1tica pode trazer muitos benef\u00edcios que est\u00e3o ligados n\u00e3o s\u00f3 ao corpo, como tamb\u00e9m \u00e0 mente do participante, que tem sua autoestima melhorada e aprende t\u00e9cnicas de autodefesa. N\u00e3o parando por a\u00ed, as <strong>artes marciais<\/strong> colocam em movimento diferentes m\u00fasculos e acabam favorecendo o emagrecimento, por conta dos diferentes tipos de movimentos promoverem um elevado gasto cal\u00f3rico.\u00a0<\/p>\n\n\n\n<h2 class=\"wp-block-heading\">Qual o benef\u00edcio de aproveitar a academia para complementar outra pr\u00e1tica esportiva?&nbsp;<\/h2>\n\n\n\n<p>Ao colocar nosso corpo em movimento devemos sempre pensar nele como algo completo, ent\u00e3o nada de colocar uma parte em a\u00e7\u00e3o e deixar a outra parada, ok? Pensando nisso e em outros fatores, diversos s\u00e3o aqueles que j\u00e1 praticam alguma atividade esportiva e encontram na academia treinos complementares, que podem fazer toda a diferen\u00e7a.&nbsp;<\/p>\n\n\n\n<p>Quando falamos de esportes, o treinamento deve ser algo pensado para que o desempenho na pr\u00e1tica seja sempre melhorado ou superado. Por isso, apostar na academia como uma aliada aos outros m\u00e9todos \u00e9 uma \u00f3tima op\u00e7\u00e3o para que o seu corpo seja treinado em sua totalidade, sendo poss\u00edvel aumentar a performance e o desenvolvimento completo do atleta. Mas, para isso, alguns pontos devem ser levados em considera\u00e7\u00e3o, como quais s\u00e3o as caracter\u00edsticas do praticante, qual o seu n\u00edvel na atividade, qual a pr\u00e1tica esportiva que est\u00e1 sendo complementada, entre outros. Como Luiz Felipe Machado, Professor da <strong>Smart Fit<\/strong> do Rio de Janeiro explica, o benef\u00edcio de aproveitar a academia para complementar outra pr\u00e1tica esportiva \u00e9 o fato de poder contar com um \u201cambiente seguro, vari\u00e1veis quantific\u00e1veis e a oportunidade de trabalhar val\u00eancias f\u00edsicas concomitantemente.\u201d Com isso, torna-se poss\u00edvel preparar um treino espec\u00edfico que forne\u00e7a exatamente aquilo que o atleta busca e, ainda, prevenir tanto les\u00f5es quanto acidentes durante os treinos ou competi\u00e7\u00f5es da pr\u00e1tica esportiva.&nbsp;<\/p>\n\n\n\n<h2 class=\"wp-block-heading\">Afinal, como a academia pode ajudar quem pratica artes marciais?<\/h2>\n\n\n\n<p>A academia pode ajudar quem pratica <strong>artes marciais<\/strong> por meio de um treinamento especial, que tenha como foco uma s\u00e9rie de exerc\u00edcios que busque desenvolver dois principais fatores: a pot\u00eancia e velocidade. Aqui como temos diversos tipos de <strong>artes marciais<\/strong>, vai depender bastante da modalidade, mas o trabalho precisa ser sempre espec\u00edfico para uma determinada musculatura, que precisa ser desenvolvida ainda mais para dar o g\u00e1s que o praticante precisa. Mas, independentemente se for muay thai, jiu-jitsu, o kung fu ou qualquer outra modalidade, todas precisam <a href=\"https:\/\/www.smartfit.com.br\/news\/fitness\/exercicios-para-fortalecer-o-abdomen\/\">trabalhar o abd\u00f4men<\/a>, porque ele \u00e9 um dos grandes respons\u00e1veis pela a\u00e7\u00e3o postural. Isso mesmo! \u00c9 gra\u00e7as a ele que s\u00e3o realizados os movimentos com a rota\u00e7\u00e3o do tronco, como os socos, chutes e a maior parte dos golpes do jud\u00f4, por exemplo, e nada melhor do que o abd\u00f4men estar bem preparado para realizar essas a\u00e7\u00f5es sem prejudicar o praticante.\u00a0<\/p>\n\n\n\n<p>Uma coisa \u00e9 bom lembrar: as s\u00e9ries de exerc\u00edcios propostas para aqueles que j\u00e1 praticam <strong>artes marciais<\/strong> e querem fazer da academia um complemento, precisam fazer parte de um programa de treinamento maior. Outro ponto que devemos considerar quando fazemos um treinamento espec\u00edfico de luta ou arte marcial \u00e9 a adequa\u00e7\u00e3o dos exerc\u00edcios dentro das suas diversas fases, devendo sempre serem utilizados de acordo com o cronograma montado pelo seu professor, ok?<\/p>\n\n\n\n<h2 class=\"wp-block-heading\">Qual s\u00e9rie de exerc\u00edcios \u00e9 recomendada para um treinamento espec\u00edfico de arte marcial?<\/h2>\n\n\n\n<p>Pensando em trazer mais pot\u00eancia e velocidade aos praticantes de luta ou arte marcial, um treino especial \u00e9 baseado na modalidade escolhida. Por exemplo, para tr\u00eas <strong>artes marciais<\/strong> diferentes teremos diferentes tipos de movimentos. Quando falamos de focar nos socos, esses s\u00e3o mais espec\u00edficos para quem pratica boxe e karat\u00ea. Agora, se o neg\u00f3cio j\u00e1 s\u00e3o os chutes, devemos lembrar de qual modalidade eles s\u00e3o mais usados, como o karat\u00ea e o taekwondo. Se o foco for a pegada, a\u00ed j\u00e1 estamos falando de algo mais espec\u00edfico para alguns golpes de jud\u00f4 e jiu-jitsu.&nbsp;<\/p>\n\n\n\n<p>Mas, os exerc\u00edcios executados na muscula\u00e7\u00e3o, por exemplo, j\u00e1 podem ser trabalhados para todas as modalidades, pois s\u00e3o muito importantes para um fortalecimento mais global das musculaturas e para manter o equil\u00edbrio de for\u00e7a e <a href=\"https:\/\/www.smartfit.com.br\/news\/fitness\/musculacao-x-cardio\/\">volume muscular<\/a>, principalmente em modalidades onde o lado dominante do corpo \u00e9 mais utilizado, ajudando tamb\u00e9m a diminuir a incid\u00eancia de les\u00f5es, \u201cdevido \u00e0 caracter\u00edstica das modalidades de luta, \u00e9 prefer\u00edvel treinamentos em circuitos, com \u00eanfase de atividades de pot\u00eancia e est\u00edmulos adequados aos tempos de luta, assim como os intervalos de recupera\u00e7\u00e3o\u201d, ressalta Luiz Felipe.<\/p>\n\n\n\n<h2 class=\"wp-block-heading\">Leia mais<\/h2>\n\n\n\n<figure class=\"wp-block-gallery columns-2 is-cropped wp-block-gallery-1 is-layout-flex wp-block-gallery-is-layout-flex\"><ul class=\"blocks-gallery-grid\"><li class=\"blocks-gallery-item\"><figure><img fetchpriority=\"high\" decoding=\"async\" width=\"408\" height=\"250\" src=\"https:\/\/www.smartfit.com.br\/news\/wp-content\/uploads\/2021\/11\/respiracao-durante-o-treino-2.jpg\" alt=\"respira\u00e7\u00e3o durante o treino\" data-id=\"17977\" data-full-url=\"https:\/\/www.smartfit.com.br\/news\/wp-content\/uploads\/2021\/11\/respiracao-durante-o-treino-2.jpg\" data-link=\"https:\/\/www.smartfit.com.br\/news\/saude\/respiracao-como-respirar-durante-o-treino\/attachment\/respiracao-durante-o-treino-2-2\/\" class=\"wp-image-17977\" srcset=\"https:\/\/www.smartfit.com.br\/news\/wp-content\/uploads\/2021\/11\/respiracao-durante-o-treino-2.jpg 408w, https:\/\/www.smartfit.com.br\/news\/wp-content\/uploads\/2021\/11\/respiracao-durante-o-treino-2-300x184.jpg 300w, https:\/\/www.smartfit.com.br\/news\/wp-content\/uploads\/2021\/11\/respiracao-durante-o-treino-2-150x92.jpg 150w\" sizes=\"(max-width: 408px) 100vw, 408px\" \/><figcaption class=\"blocks-gallery-item__caption\"><strong><a href=\"https:\/\/www.smartfit.com.br\/news\/saude\/respiracao-como-respirar-durante-o-treino\/\" title=\"Como deve ser sua respira\u00e7\u00e3o durante o treino?\">Respira\u00e7\u00e3o durante o treino<\/a><\/strong><\/figcaption><\/figure><\/li><li class=\"blocks-gallery-item\"><figure><img decoding=\"async\" width=\"408\" height=\"250\" src=\"https:\/\/www.smartfit.com.br\/news\/wp-content\/uploads\/2021\/12\/treinos-rapidos-sao-eficazes-para-a-saude-2.jpg\" alt=\"treinos r\u00e1pidos s\u00e3o eficazes para a sa\u00fade\" data-id=\"18199\" data-full-url=\"https:\/\/www.smartfit.com.br\/news\/wp-content\/uploads\/2021\/12\/treinos-rapidos-sao-eficazes-para-a-saude-2.jpg\" data-link=\"https:\/\/www.smartfit.com.br\/news\/saude\/treinos-rapidos-e-intensos-sao-eficazes-para-saude\/attachment\/treinos-rapidos-sao-eficazes-para-a-saude-2\/\" class=\"wp-image-18199\" srcset=\"https:\/\/www.smartfit.com.br\/news\/wp-content\/uploads\/2021\/12\/treinos-rapidos-sao-eficazes-para-a-saude-2.jpg 408w, https:\/\/www.smartfit.com.br\/news\/wp-content\/uploads\/2021\/12\/treinos-rapidos-sao-eficazes-para-a-saude-2-300x184.jpg 300w, https:\/\/www.smartfit.com.br\/news\/wp-content\/uploads\/2021\/12\/treinos-rapidos-sao-eficazes-para-a-saude-2-150x92.jpg 150w\" sizes=\"(max-width: 408px) 100vw, 408px\" \/><figcaption class=\"blocks-gallery-item__caption\"><strong><a href=\"https:\/\/www.smartfit.com.br\/news\/saude\/treinos-rapidos-e-intensos-sao-eficazes-para-saude\/\" title=\"Estudos mostram que treinos r\u00e1pidos e intensos s\u00e3o eficazes para sa\u00fade\">Treinos r\u00e1pidos s\u00e3o eficazes para a sa\u00fade<\/a><\/strong><\/figcaption><\/figure><\/li><\/ul><\/figure>\n\n\n\n<p><\/p>\n","protected":false},"excerpt":{"rendered":"<p>Saiba mais sobre um treinamento especial para quem pratica artes marciais e pode se desenvolver tamb\u00e9m na academia. <\/p>\n","protected":false},"author":1,"featured_media":18358,"comment_status":"open","ping_status":"open","sticky":false,"template":"","format":"standard","meta":{"footnotes":""},"categories":[1245],"tags":[],"class_list":["post-18292","post","type-post","status-publish","format-standard","has-post-thumbnail","hentry","category-fitness"],"acf":{"banner_imagem":"","banner_link":"","banner_target":"_blank","cta":{"label":"Conhe\u00e7a os planos da Smart Fit","link":"https:\/\/www.smartfit.com.br\/","target":"_blank"},"image_thumb_horizontal":18359,"image_thumb_vertical":18360,"image_carrosel":18361},"aioseo_notices":[],"thumbnail_url":"https:\/\/www.smartfit.com.br\/news\/wp-content\/uploads\/2021\/12\/artes-marciais-e-academia.jpg","_links":{"self":[{"href":"https:\/\/www.smartfit.com.br\/news\/wp-json\/wp\/v2\/posts\/18292","targetHints":{"allow":["GET"]}}],"collection":[{"href":"https:\/\/www.smartfit.com.br\/news\/wp-json\/wp\/v2\/posts"}],"about":[{"href":"https:\/\/www.smartfit.com.br\/news\/wp-json\/wp\/v2\/types\/post"}],"author":[{"embeddable":true,"href":"https:\/\/www.smartfit.com.br\/news\/wp-json\/wp\/v2\/users\/1"}],"replies":[{"embeddable":true,"href":"https:\/\/www.smartfit.com.br\/news\/wp-json\/wp\/v2\/comments?post=18292"}],"version-history":[{"count":6,"href":"https:\/\/www.smartfit.com.br\/news\/wp-json\/wp\/v2\/posts\/18292\/revisions"}],"predecessor-version":[{"id":18363,"href":"https:\/\/www.smartfit.com.br\/news\/wp-json\/wp\/v2\/posts\/18292\/revisions\/18363"}],"wp:featuredmedia":[{"embeddable":true,"href":"https:\/\/www.smartfit.com.br\/news\/wp-json\/wp\/v2\/media\/18358"}],"wp:attachment":[{"href":"https:\/\/www.smartfit.com.br\/news\/wp-json\/wp\/v2\/media?parent=18292"}],"wp:term":[{"taxonomy":"category","embeddable":true,"href":"https:\/\/www.smartfit.com.br\/news\/wp-json\/wp\/v2\/categories?post=18292"},{"taxonomy":"post_tag","embeddable":true,"href":"https:\/\/www.smartfit.com.br\/news\/wp-json\/wp\/v2\/tags?post=18292"}],"curies":[{"name":"wp","href":"https:\/\/api.w.org\/{rel}","templated":true}]}}