{"id":17990,"date":"2021-11-22T15:02:00","date_gmt":"2021-11-22T18:02:00","guid":{"rendered":"https:\/\/www.smartfit.com.br\/news\/?p=17990"},"modified":"2022-08-16T15:01:23","modified_gmt":"2022-08-16T18:01:23","slug":"conheca-mais-sobre-a-abobrinha","status":"publish","type":"post","link":"https:\/\/www.smartfit.com.br\/news\/nutricao\/conheca-mais-sobre-a-abobrinha\/","title":{"rendered":"Conhe\u00e7a mais sobre a abobrinha: um alimento rico em benef\u00edcios para a sua sa\u00fade"},"content":{"rendered":"\n<a class=\"top_link\" href=\"https:\/\/nutri.smartfit.com.br\/?utm_campaign=17990&#038;utm_medium=top_link&#038;utm_source=news\" rel=\"noopener\" style=\"        text-align: center;        color: #009b34;        text-decoration: underline;    \" target=\"_blank\"><h6 style=\"        margin: 20px 0 20px;    \">Conhe\u00e7a o app de nutri\u00e7\u00e3o da Smart Fit    <\/h6><\/a>\n\n\n\n<p>Uma velha conhecida da cozinha brasileira, a <strong>abobrinha<\/strong> \u00e9 um alimento rico em nutrientes. Apesar de ser muito popular, tem ainda quem se surpreenda ao saber que este vegetal \u00e9 da mesma fam\u00edlia que a melancia, o pepino e as ab\u00f3boras, por exemplo.\u00a0<\/p>\n\n\n<p><\/p>\n<p><\/p><p><\/p>\n<p><\/p>\n\n\n<p>Embora n\u00e3o existam contraindica\u00e7\u00f5es ou relatos de que a <strong>abobrinha<\/strong> possa causar algum tipo de malef\u00edcio no organismo, \u00e9 importante ter cuidado, pois &#8220;podem existir casos isolados de alergia alimentar, mas \u00e9 bem raro\u201d, lembra Larissa Venzel, <a href=\"https:\/\/www.smartfit.com.br\/news\/nutricao\/vale-a-pena-ir-ao-nutricionista\/\">nutricionista do Smart Fit Nutri<\/a>.<\/p>\n\n\n\n    <div class=\"square_banner\" style=\"width:300px;margin: 20px auto;\">      <a href=\"https:\/\/nutri.smartfit.com.br\/?utm_campaign=17990&#038;utm_medium=square_banner_emagrecimento-4&#038;utm_source=news\" target=\"_blank\" rel=\"noopener\"><img decoding=\"async\" src=\"https:\/\/www.smartfit.com.br\/news\/wp-content\/uploads\/2020\/04\/emagrecimento-4.gif\">      <\/a>    <\/div>  \n\n\n\n<p>Por n\u00e3o conter quantidades significativas de <a href=\"https:\/\/www.smartfit.com.br\/news\/nutricao\/comer-carboidrato-a-noite-engorda-mais\/\">carboidratos<\/a> e prote\u00ednas em sua composi\u00e7\u00e3o, a <strong>abobrinha<\/strong> pode ser consumida em qualquer hor\u00e1rio, tanto antes, quanto ap\u00f3s a atividade f\u00edsica. Por isso, n\u00e3o precisa nem ficar indeciso na hora do consumo!\u00a0<\/p>\n\n\n\n<h2 class=\"wp-block-heading\" id=\"beneficios-da-abobrinha-para-a-saude\">Benef\u00edcios da abobrinha para a sa\u00fade\u00a0<\/h2>\n\n\n\n<p>J\u00e1 sabemos que este alimento \u00e9 considerado um grande aliado de uma alimenta\u00e7\u00e3o saud\u00e1vel, ent\u00e3o, \u00e9 de se esperar que seja muito indicado quando pensamos em um card\u00e1pio mais balanceado.\u00a0<\/p>\n\n\n\n<p>O vegetal possui v\u00e1rios nutrientes, como a vitamina C e do complexo B, em que entram os minerais, as fibras e at\u00e9 a \u00e1gua, que acabam sendo respons\u00e1veis por ajudar diretamente no bom funcionamento do nosso sistema imunol\u00f3gico, na nossa a\u00e7\u00e3o antioxidante, al\u00e9m de contribuir para a sa\u00fade intestinal. Larissa ressalta que \u201ca <strong>abobrinha<\/strong> pode ser uma grande aliada no processo de emagrecimento, j\u00e1 que em uma por\u00e7\u00e3o de 100g do vegetal cozido h\u00e1 cerca de apenas 19 kcal aproximadamente\u201d.\u00a0<\/p>\n\n\n\n<p>Mas vale ficar de olho! A <strong>abobrinha<\/strong> pode ser consumida em sua totalidade, ou seja, polpa, casca e at\u00e9 mesmo sementes. Desta maneira h\u00e1 maior aproveitamento de nutrientes, por\u00e9m, alguns processos de cozimento podem levar \u00e0 redu\u00e7\u00e3o deles. Uma maneira de contrabalancear isso \u00e9 mesclando a forma de preparo do alimento. Por exemplo, em um dia podemos higienizar adequadamente o vegetal e consumi-lo com casca e cru em uma salada fria, e em outro momento podemos fazer uma prepara\u00e7\u00e3o refogada e bem temperada com condimentos naturais. N\u00e3o importa a forma que voc\u00ea escolher consumir, a abobrinha sempre ser\u00e1 uma op\u00e7\u00e3o nutritiva!<\/p>\n\n\n\n<p>Sabemos agora que a <strong>abobrinha<\/strong> pode nos garantir diversos benef\u00edcios, mas como inseri-la na rotina? Por ter sabor bem neutro e ser de f\u00e1cil cozimento, ela serve como coringa nos pratos do cotidiano. Ela pode ser consumida crua juntamente com saladas de folhas, refogada, cozida e, at\u00e9 mesmo, em receitas, como lasanha e bolos doces. Para inclu\u00ed-la no seu dia a dia, s\u00f3 \u00e9 preciso usar e abusar da criatividade no momento do preparo!<\/p>\n\n\n\n<p><strong>Aproveite os benef\u00edcios da abobrinha em receitas:<\/strong><\/p>\n\n\n\n<h2 class=\"wp-block-heading\" id=\"quibe-de-abobrinha-com-ricota\">Quibe de abobrinha com ricota<\/h2>\n\n\n\n<ul class=\"wp-block-list\"><li>1 cebola picada<\/li><li>2 dentes de alho picados<\/li><li>2 abobrinhas pequenas raladas<\/li><li>2 x\u00edcaras de trigo para kibe<\/li><li>3 x\u00edcaras de \u00e1gua fervente<\/li><li>Azeite de oliva<\/li><li>Sal<\/li><\/ul>\n\n\n\n<h3 class=\"wp-block-heading\" id=\"ingredientes\">Ingredientes:<\/h3>\n\n\n\n<ul class=\"wp-block-list\"><li>1 colher de ch\u00e1 de pimenta s\u00edria<\/li><li>2 x\u00edcaras de creme ricota<\/li><li>2 x\u00edcaras de ricota<\/li><li>Folhas de hortel\u00e3 a gosto<\/li><li>Salsinha picada a gosto<\/li><\/ul>\n\n\n\n<p>Em uma panela, coloque um fio de azeite e refogue a cebola por 3 minutos. Depois, adicione o alho e refogue por mais 2 minutos. Acrescente as abobrinhas raladas e refogue por 5 minutos.<\/p>\n\n\n\n<h3 class=\"wp-block-heading\" id=\"modo-de-preparo\">Modo de preparo:<\/h3>\n\n\n\n<p>Coloque o trigo para kibe em um recipiente e adicione a \u00e1gua fervente para hidratar. Em outro, misture a ricota, o creme de ricota e a hortel\u00e3. Ap\u00f3s isso, reserve.\u00a0<\/p>\n\n\n\n<p>Agora, misture a abobrinha refogada com o trigo hidratado. Tempere com sal, pimenta s\u00edria e salsinha. Em um refrat\u00e1rio, fa\u00e7a uma camada do trigo com a <strong>abobrinha<\/strong>, coloque o creme de ricota e finalize com mais uma camada de trigo com abobrinha. Leve ao forno preaquecido a 180 graus por 30 minutos ou at\u00e9 que esteja levemente dourado. E est\u00e1 pronto!\u00a0<\/p>\n\n\n\n<p>Mas, lembre-se! Por mais que seja um alimento nutritivo, a modera\u00e7\u00e3o sempre \u00e9 nossa amiga.\u00a0<\/p>\n\n\n\n<h2 class=\"wp-block-heading\" id=\"quiche-funcional\">Quiche funcional<\/h2>\n\n\n\n<p>Massa:<\/p>\n\n\n\n<h3 class=\"wp-block-heading\" id=\"ingredientes\">Ingredientes:\u00a0<\/h3>\n\n\n\n<ul class=\"wp-block-list\"><li>2 x\u00edcaras(ch\u00e1) de farinha de aveia<\/li><li>3 colheres(sopa) de azeite<\/li><li>1 colher(ch\u00e1) rasa de sal<\/li><li>6 colheres(sopa) de \u00e1gua gelada<\/li><li>1 colher(ch\u00e1) de c\u00farcuma<\/li><\/ul>\n\n\n\n<p>Recheio:\u00a0<\/p>\n\n\n\n<ul class=\"wp-block-list\"><li>2 x\u00edcaras(ch\u00e1) de abobrinha em cubos<\/li><li>1 colher(ch\u00e1) de azeite<\/li><li>1 colher(ch\u00e1) de tempero caseiro\u00a0<\/li><li>sal e pimenta\u00a0<\/li><\/ul>\n\n\n\n<p>Creme:<\/p>\n\n\n\n<ul class=\"wp-block-list\"><li>1 x\u00edcara(ch\u00e1) de biomassa de banana verde<\/li><li>\u00bd x\u00edcara(ch\u00e1) de \u00e1gua morna<\/li><li>1 colher(sopa) de suco de lim\u00e3o<\/li><li>2 colheres(sopa) de azeite\u00a0<\/li><li>1 colher(ch\u00e1) de levedura nutricional<\/li><li>noz moscada a gosto<\/li><\/ul>\n\n\n\n<p>Misture todos os ingredientes da massa no processador at\u00e9 formar uma farofa grossa. Fa\u00e7a uma bolinha e aperte bem. Coloque em uma forma de fundo falso untada com azeite. Abra a massa e distribua no fundo e dos lados. Leve ao forno preaquecido a 180 graus por 15 minutos e reserve.<\/p>\n\n\n\n<h3 class=\"wp-block-heading\" id=\"modo-de-preparo\">Modo de preparo:\u00a0<\/h3>\n\n\n\n<p>Em uma frigideira, aque\u00e7a o azeite com o tempero caseiro e refogue a <strong>abobrinha<\/strong> at\u00e9 ficar dourada, depois reserve. Para o creme, coloque no processador a biomassa, \u00e1gua morna, azeite, suco de lim\u00e3o, levedura e bata at\u00e9 formar um creme liso. Misture o creme com a abobrinha refogada, coloque as sementes de ab\u00f3bora e cubra toda a massa, salpique mais sementes e leve ao forno pr\u00e9 aquecido a 180 graus por mais 20 minutos. Depois \u00e9 s\u00f3 aproveitar!\u00a0<\/p>\n\n\n\n<h2 class=\"wp-block-heading\" id=\"bolo-doce-de-abobrinha\">Bolo Doce de Abobrinha\u00a0<\/h2>\n\n\n\n<ul class=\"wp-block-list\"><li>2 x\u00edcaras de ch\u00e1 de abobrinha (higienizada) picada (com sementes e casca)<\/li><li>3 ovos<\/li><li>\u00bd\u00a0 x\u00edcara de ch\u00e1 de a\u00e7\u00facar mascavo<\/li><li>\u00be x\u00edcara de \u00f3leo vegetal<\/li><li>3 x\u00edcaras de ch\u00e1 de farinha de trigo integral<\/li><li>Canela a gosto<\/li><li>Gotas ou pedacinhos de chocolate amargo a gosto<\/li><li>2 colheres de sopa de fermento qu\u00edmico<\/li><\/ul>\n\n\n\n<h3 class=\"wp-block-heading\" id=\"ingredientes\">Ingredientes:\u00a0<\/h3>\n\n\n\n<p>Higienize a abobrinha e pique em peda\u00e7os m\u00e9dios. Bata no liquidificador os ovos, o a\u00e7\u00facar e a <strong>abobrinha<\/strong>. Em uma tigela, despeje a mistura e v\u00e1 adicionando aos poucos a farinha de trigo integral, at\u00e9 que fique homog\u00eaneo. Por \u00faltimo, coloque a canela, as gotas de chocolate e o fermento. Leve para assar em uma forma untada, em forno pr\u00e9-aquecido a 180 graus por aproximadamente 30 minutos. <strong>Dica: <\/strong>n\u00e3o abra seu forno antes de 30 minutos para que o bolo cres\u00e7a e fique fofinho. Para ver se est\u00e1 pronto, insira um palito na massa: se sair limpinho, j\u00e1 pode tirar do forno!<\/p>\n\n\n\n<h3 class=\"wp-block-heading\" id=\"modo-de-preparo\">Modo de preparo:<\/h3>\n\n\n\n<h2 class=\"wp-block-heading\" id=\"dica-extra\">Dica Extra<\/h2>\n\n\n\n<p>O\u00a0<a href=\"https:\/\/www.smartfit.com.br\/news\/nutricao\/conheca-smart-nutri-app-nutricao-smart-fit\/\">Smart Fit Nutri\u00a0\u00e9 o app de nutri\u00e7\u00e3o da Smart Fit<\/a>. Nele, um time de nutricionistas est\u00e1 dispon\u00edvel todos os dias para consultas e tamb\u00e9m para tirar d\u00favidas \u2013 um apoio e tanto para voc\u00ea alcan\u00e7ar seu objetivo, seja emagrecer, ganhar massa muscular ou apenas melhorar a alimenta\u00e7\u00e3o. Al\u00e9m disso, voc\u00ea recebe um card\u00e1pio personalizado, realiza exame de bioimped\u00e2ncia (que mostra sua porcentagem de gordura) e tem um acompanhamento especializado.<\/p>\n\n\n\n<h2 class=\"wp-block-heading\" id=\"leia-tambem\">Leia Tamb\u00e9m<\/h2>\n\n\n\n<figure class=\"wp-block-gallery has-nested-images columns-default is-cropped wp-block-gallery-1 is-layout-flex wp-block-gallery-is-layout-flex\">\n<figure class=\"wp-block-image size-large\"><img fetchpriority=\"high\" decoding=\"async\" width=\"408\" height=\"250\" data-id=\"17871\" alt=\"frutas podem beneficiar a sua sa\u00fade\" class=\"wp-image-17871\" src=\"https:\/\/www.smartfit.com.br\/news\/wp-content\/uploads\/2021\/11\/frutas-podem-beneficiar-a-sua-saude-2.jpg\" srcset=\"https:\/\/www.smartfit.com.br\/news\/wp-content\/uploads\/2021\/11\/frutas-podem-beneficiar-a-sua-saude-2.jpg 408w, https:\/\/www.smartfit.com.br\/news\/wp-content\/uploads\/2021\/11\/frutas-podem-beneficiar-a-sua-saude-2-300x184.jpg 300w, https:\/\/www.smartfit.com.br\/news\/wp-content\/uploads\/2021\/11\/frutas-podem-beneficiar-a-sua-saude-2-150x92.jpg 150w\" sizes=\"(max-width: 408px) 100vw, 408px\" \/><figcaption><strong><a href=\"https:\/\/www.smartfit.com.br\/news\/nutricao\/beneficios-das-frutas\/\" title=\"Como as frutas podem beneficiar a sua sa\u00fade\">Como as frutas beneficiam a sua sa\u00fade<\/a><\/strong><\/figcaption><\/figure>\n\n\n<figure class=\"wp-block-image size-large\"><img decoding=\"async\" width=\"960\" height=\"640\" data-id=\"16702\" alt=\"P\u00f3s-treino: que comer depois de treinar?\" class=\"wp-image-16702\" src=\"https:\/\/www.smartfit.com.br\/news\/wp-content\/uploads\/2021\/08\/pos-treino-o-que-comer-depois-de-treinar.jpg\" srcset=\"https:\/\/www.smartfit.com.br\/news\/wp-content\/uploads\/2021\/08\/pos-treino-o-que-comer-depois-de-treinar.jpg 960w, https:\/\/www.smartfit.com.br\/news\/wp-content\/uploads\/2021\/08\/pos-treino-o-que-comer-depois-de-treinar-300x200.jpg 300w, https:\/\/www.smartfit.com.br\/news\/wp-content\/uploads\/2021\/08\/pos-treino-o-que-comer-depois-de-treinar-768x512.jpg 768w, https:\/\/www.smartfit.com.br\/news\/wp-content\/uploads\/2021\/08\/pos-treino-o-que-comer-depois-de-treinar-800x533.jpg 800w, https:\/\/www.smartfit.com.br\/news\/wp-content\/uploads\/2021\/08\/pos-treino-o-que-comer-depois-de-treinar-150x100.jpg 150w\" sizes=\"(max-width: 960px) 100vw, 960px\" \/><figcaption><strong><a href=\"https:\/\/www.smartfit.com.br\/news\/nutricao\/pos-treino-o-que-comer-depois-de-treinar\/\" title=\"O que comer depois do treino\">O que comer depois do treino<\/a><\/strong><\/figcaption><\/figure>\n\n\n<figure class=\"wp-block-image size-large\"><img decoding=\"async\" width=\"959\" height=\"640\" data-id=\"16069\" alt=\"Alimentos que aceleram o metabolismo\" class=\"wp-image-16069\" src=\"https:\/\/www.smartfit.com.br\/news\/wp-content\/uploads\/2016\/11\/alimentos-que-aumentam-o-metabolismo.jpg\" srcset=\"https:\/\/www.smartfit.com.br\/news\/wp-content\/uploads\/2016\/11\/alimentos-que-aumentam-o-metabolismo.jpg 959w, https:\/\/www.smartfit.com.br\/news\/wp-content\/uploads\/2016\/11\/alimentos-que-aumentam-o-metabolismo-300x200.jpg 300w, https:\/\/www.smartfit.com.br\/news\/wp-content\/uploads\/2016\/11\/alimentos-que-aumentam-o-metabolismo-768x513.jpg 768w, https:\/\/www.smartfit.com.br\/news\/wp-content\/uploads\/2016\/11\/alimentos-que-aumentam-o-metabolismo-800x534.jpg 800w, https:\/\/www.smartfit.com.br\/news\/wp-content\/uploads\/2016\/11\/alimentos-que-aumentam-o-metabolismo-150x100.jpg 150w\" sizes=\"(max-width: 959px) 100vw, 959px\" \/><figcaption><strong><a href=\"https:\/\/www.smartfit.com.br\/news\/nutricao\/alimentos-aceleram-metabolismo\/\" title=\"Alimentos que aceleram o metabolismo\">Alimentos que aceleram o metabolismo<\/a><\/strong><\/figcaption><\/figure>\n<\/figure>\n\n<p><!-- \/wp:post-content --><!-- \/wp:paragraph --><!-- \/wp:paragraph --><!-- \/wp:paragraph --><\/p>","protected":false},"excerpt":{"rendered":"<p>Um vegetal cheio de versatilidade para voc\u00ea incluir no card\u00e1pio<\/p>\n","protected":false},"author":1,"featured_media":17991,"comment_status":"open","ping_status":"open","sticky":false,"template":"","format":"standard","meta":{"footnotes":""},"categories":[1246],"tags":[1475,1401],"class_list":["post-17990","post","type-post","status-publish","format-standard","has-post-thumbnail","hentry","category-nutricao","tag-alimentacao-saudavel","tag-receitas-fit"],"acf":{"banner_imagem":25829,"banner_link":"https:\/\/nutri.smartfit.com.br\/?utm_campaign=17990&utm_medium=banner_25829&utm_source=news","banner_target":"_blank","cta":{"label":"QUERO UM PLANO ALIMENTAR PERSONALIZADO","link":"https:\/\/nutri.smartfit.com.br\/?utm_campaign=17990&utm_medium=cta_quero_um_plano_alimentar_personalizado&utm_source=news","target":"_blank"},"image_thumb_horizontal":17992,"image_thumb_vertical":17993,"image_carrosel":17994},"aioseo_notices":[],"thumbnail_url":"https:\/\/www.smartfit.com.br\/news\/wp-content\/uploads\/2021\/11\/beneficios-da-abobrinha.jpg","_links":{"self":[{"href":"https:\/\/www.smartfit.com.br\/news\/wp-json\/wp\/v2\/posts\/17990","targetHints":{"allow":["GET"]}}],"collection":[{"href":"https:\/\/www.smartfit.com.br\/news\/wp-json\/wp\/v2\/posts"}],"about":[{"href":"https:\/\/www.smartfit.com.br\/news\/wp-json\/wp\/v2\/types\/post"}],"author":[{"embeddable":true,"href":"https:\/\/www.smartfit.com.br\/news\/wp-json\/wp\/v2\/users\/1"}],"replies":[{"embeddable":true,"href":"https:\/\/www.smartfit.com.br\/news\/wp-json\/wp\/v2\/comments?post=17990"}],"version-history":[{"count":28,"href":"https:\/\/www.smartfit.com.br\/news\/wp-json\/wp\/v2\/posts\/17990\/revisions"}],"predecessor-version":[{"id":26051,"href":"https:\/\/www.smartfit.com.br\/news\/wp-json\/wp\/v2\/posts\/17990\/revisions\/26051"}],"wp:featuredmedia":[{"embeddable":true,"href":"https:\/\/www.smartfit.com.br\/news\/wp-json\/wp\/v2\/media\/17991"}],"wp:attachment":[{"href":"https:\/\/www.smartfit.com.br\/news\/wp-json\/wp\/v2\/media?parent=17990"}],"wp:term":[{"taxonomy":"category","embeddable":true,"href":"https:\/\/www.smartfit.com.br\/news\/wp-json\/wp\/v2\/categories?post=17990"},{"taxonomy":"post_tag","embeddable":true,"href":"https:\/\/www.smartfit.com.br\/news\/wp-json\/wp\/v2\/tags?post=17990"}],"curies":[{"name":"wp","href":"https:\/\/api.w.org\/{rel}","templated":true}]}}