{"id":17761,"date":"2021-12-02T17:56:00","date_gmt":"2021-12-02T20:56:00","guid":{"rendered":"https:\/\/www.smartfit.com.br\/news\/?p=17761"},"modified":"2024-01-09T15:31:44","modified_gmt":"2024-01-09T18:31:44","slug":"smart-fit-inaugura-unidade-1000","status":"publish","type":"post","link":"https:\/\/www.smartfit.com.br\/news\/academia\/smart-fit-inaugura-unidade-1000\/","title":{"rendered":"Smart Fit inaugura unidade 1000 em evento especial no M\u00e9xico"},"content":{"rendered":"\n<p>E a <strong>Smart Fit<\/strong> n\u00e3o para! A maior rede de academias da Am\u00e9rica Latina acaba de alcan\u00e7ar mais uma meta ao inaugurar sua unidade n\u00famero 1000! A academia Palmas Carso come\u00e7ou a funcionar no dia 30 de novembro, na Cidade do M\u00e9xico, M\u00e9xico.<\/p>\n\n\n\n<p>Hoje, a Smart est\u00e1 presente em todos os estados do Brasil e em mais 13 pa\u00edses da Am\u00e9rica Latina. S\u00e3o eles: Col\u00f4mbia, Chile, Peru, Panam\u00e1, Costa Rica, Argentina, Paraguai, El Salvador, Equador, Guatemala, Rep\u00fablica Dominicana, M\u00e9xico e <a href=\"https:\/\/www.smartfit.com.br\/news\/academia\/smart-fit-inaugura-academia-em-honduras\/\">Honduras<\/a>. No total, a rede atende mais de 2,3 milh\u00f5es de pessoas.<\/p>\n\n\n\n<p>\u201cNosso objetivo \u00e9 seguir expandindo a rede <strong>Smart Fit<\/strong> no Brasil e na Am\u00e9rica Latina, democratizando o fitness de alto padr\u00e3o, com qualidade na equipe de profissionais, nas instala\u00e7\u00f5es e nos equipamentos e tamb\u00e9m investindo sempre em tecnologia, incentivando mais pessoas a praticarem atividade f\u00edsica\u201d, afirma o CEO e fundador da <strong>Smart Fit<\/strong>, <a href=\"https:\/\/www.edgardcorona.com.br\/\" title=\"\">Edgard Corona<\/a>.<\/p>\n\n\n\n<h2 class=\"wp-block-heading\">A hist\u00f3ria da Smart<\/h2>\n\n\n\n<p>As primeiras <strong>Smart Fit<\/strong> abriram as portas em 2009. Desde ent\u00e3o, a marca segue seu prop\u00f3sito de democratizar o fitness de alto padr\u00e3o. Aqui no Brasil, s\u00e3o mais de 600 academias em quase 150 cidades. \u00c9 muita coisa, n\u00e3o \u00e9? Recentemente, outro grande passo foi dado nessa dire\u00e7\u00e3o: <a href=\"https:\/\/www.smartfit.com.br\/news\/academia\/grupo-smart-fit-abre-capital-na-bolsa-de-valores-do-brasil\/\">a abertura de capital para o mercado de investimentos na Bolsa de Valores do Brasil<\/a>.<\/p>\n\n\n\n<p>\u00c9 a Smart cada vez mais forte!<\/p>\n","protected":false},"excerpt":{"rendered":"<p>Sim, a maior rede fitness da Am\u00e9rica Latina chega \u00e0 mil\u00e9sima academia \u2013 e vai continuar expandindo sua atua\u00e7\u00e3o pela democratiza\u00e7\u00e3o da atividade f\u00edsica<\/p>\n","protected":false},"author":1,"featured_media":18086,"comment_status":"open","ping_status":"open","sticky":false,"template":"","format":"standard","meta":{"footnotes":""},"categories":[1301],"tags":[],"class_list":["post-17761","post","type-post","status-publish","format-standard","has-post-thumbnail","hentry","category-academia"],"acf":{"banner_imagem":"","banner_link":"","banner_target":"_blank","cta":{"label":"Conhe\u00e7a os planos da Smart Fit","link":"https:\/\/www.smartfit.com.br\/","target":"_blank"},"image_thumb_horizontal":18077,"image_thumb_vertical":18078,"image_carrosel":18087},"aioseo_notices":[],"thumbnail_url":"https:\/\/www.smartfit.com.br\/news\/wp-content\/uploads\/2021\/12\/Smart-Fit-inaugura-unidade-1000-no-Mexico-4.jpeg","_links":{"self":[{"href":"https:\/\/www.smartfit.com.br\/news\/wp-json\/wp\/v2\/posts\/17761","targetHints":{"allow":["GET"]}}],"collection":[{"href":"https:\/\/www.smartfit.com.br\/news\/wp-json\/wp\/v2\/posts"}],"about":[{"href":"https:\/\/www.smartfit.com.br\/news\/wp-json\/wp\/v2\/types\/post"}],"author":[{"embeddable":true,"href":"https:\/\/www.smartfit.com.br\/news\/wp-json\/wp\/v2\/users\/1"}],"replies":[{"embeddable":true,"href":"https:\/\/www.smartfit.com.br\/news\/wp-json\/wp\/v2\/comments?post=17761"}],"version-history":[{"count":7,"href":"https:\/\/www.smartfit.com.br\/news\/wp-json\/wp\/v2\/posts\/17761\/revisions"}],"predecessor-version":[{"id":40704,"href":"https:\/\/www.smartfit.com.br\/news\/wp-json\/wp\/v2\/posts\/17761\/revisions\/40704"}],"wp:featuredmedia":[{"embeddable":true,"href":"https:\/\/www.smartfit.com.br\/news\/wp-json\/wp\/v2\/media\/18086"}],"wp:attachment":[{"href":"https:\/\/www.smartfit.com.br\/news\/wp-json\/wp\/v2\/media?parent=17761"}],"wp:term":[{"taxonomy":"category","embeddable":true,"href":"https:\/\/www.smartfit.com.br\/news\/wp-json\/wp\/v2\/categories?post=17761"},{"taxonomy":"post_tag","embeddable":true,"href":"https:\/\/www.smartfit.com.br\/news\/wp-json\/wp\/v2\/tags?post=17761"}],"curies":[{"name":"wp","href":"https:\/\/api.w.org\/{rel}","templated":true}]}}