{"id":17352,"date":"2021-10-27T12:03:05","date_gmt":"2021-10-27T15:03:05","guid":{"rendered":"https:\/\/www.smartfit.com.br\/news\/?p=17352"},"modified":"2022-11-04T10:10:39","modified_gmt":"2022-11-04T13:10:39","slug":"o-que-voce-deve-saber-sobre-os-protocolos-de-seguranca-da-smart-fit","status":"publish","type":"post","link":"https:\/\/www.smartfit.com.br\/news\/academia\/o-que-voce-deve-saber-sobre-os-protocolos-de-seguranca-da-smart-fit\/","title":{"rendered":"O que voc\u00ea deve saber sobre os protocolos de seguran\u00e7a da Smart Fit"},"content":{"rendered":"\n<p>Voc\u00ea j\u00e1 deve saber que, <strong>na Smart Fit, todo mundo pode treinar com tranquilidade e seguran\u00e7a<\/strong> &#8211; afinal, seguimos as orienta\u00e7\u00f5es determinadas no manual da Associa\u00e7\u00e3o Brasileira das Academias (ACAD), chancelado por profissionais da Escola de Enfermagem da Universidade de S\u00e3o Paulo (USP). Al\u00e9m disso, \u00e9 legal refor\u00e7ar:<\/p>\n\n\n\n<h2 class=\"wp-block-heading\">1. Firmamos uma parceria com Lysoform, para ajudar a trazer ainda mais seguran\u00e7a \u00e0s unidades <\/h2>\n\n\n\n<p>A <a href=\"https:\/\/www.smartfit.com.br\/news\/academia\/smart-fit-e-lysoform-parceria-limpeza-unidades\/\" title=\"Smart Fit e Lysoform se unem para ajudar a trazer ainda mais seguran\u00e7a \u00e0s unidades\">Smart tem parceria com&nbsp;Lysoform<\/a>, um dos maiores especialistas em desinfec\u00e7\u00e3o do mundo, para refor\u00e7ar a limpeza e higieniza\u00e7\u00e3o de unidades da rede no Brasil. Kits da marca s\u00e3o usados nos  procedimentos di\u00e1rios de higieniza\u00e7\u00e3o de todos os ambientes e aparelhos: equipamentos de muscula\u00e7\u00e3o e cardio, vesti\u00e1rios, pisos, espelhos, catracas, cadeiras de massagem, arm\u00e1rios, salas de gin\u00e1stica, recep\u00e7\u00e3o e ger\u00eancia. Vale destacar que os produtos fornecidos matam 99,9% dos v\u00edrus, bact\u00e9rias e fungos, inclusive o v\u00edrus que pode causar a COVID-19.<\/p>\n\n\n\n<h2 class=\"wp-block-heading\">2. O uso de m\u00e1scara continua obrigat\u00f3rio<\/h2>\n\n\n\n<p>S\u00f3 treina quem estiver usando m\u00e1scara direitinho, cobrindo nariz e boca. \u00c9 poss\u00edvel, inclusive, potencializar a rotina na academia fazendo algumas adapta\u00e7\u00f5es. Segundo&nbsp;Luiz Carnevali, diretor t\u00e9cnico da&nbsp;Smart Fit, mestre e doutor pelo Instituto de Ci\u00eancias Biom\u00e9dicas da Universidade de S\u00e3o Paulo (USP), o segredo n\u00e3o est\u00e1 s\u00f3 na <a href=\"https:\/\/www.smartfit.com.br\/news\/fitness\/como-saber-se-os-treinos-estao-na-intensidade-certa\/\" title=\"Como saber se os treinos est\u00e3o na intensidade certa?\">intensidade total do treino<\/a> \u2013 ou seja, na combina\u00e7\u00e3o de carga e velocidade de execu\u00e7\u00e3o \u2013 mas no intervalo entre as s\u00e9ries e o tempo de recupera\u00e7\u00e3o. <\/p>\n\n\n\n<p>A gente fala mais sobre esse assunto em <a href=\"https:\/\/www.smartfit.com.br\/news\/saude\/mascara-na-academia\/\" title=\"M\u00e1scara na academia: por que usar e como treinar com ela\">M\u00e1scara na academia: por que usar e como treinar com ela<\/a>.<\/p>\n\n\n\n<h2 class=\"wp-block-heading\">3. Continue fazendo a sua parte<\/h2>\n\n\n\n<p>A sa\u00fade depende da responsabilidade de todos. \u00c9 importante que voc\u00ea tamb\u00e9m continue <a href=\"https:\/\/www.smartfit.com.br\/news\/saude\/como-lavar-as-maos-corretamente\/\" title=\"Como lavar as m\u00e3os corretamente\">lavando as m\u00e3os com frequ\u00eancia e da maneira correta<\/a> (com \u00e1gua e sab\u00e3o por, pelo menos, 40 segundos. Se for usar \u00e1lcool em gel a 70%, 20 segundos esfregando as m\u00e3os s\u00e3o suficientes); al\u00e9m de higienizar os aparelhos da academia ap\u00f3s o uso. Combinado?<\/p>\n\n\n\n<h2 class=\"wp-block-heading\">Continue por aqui \ud83d\ude42<\/h2>\n\n\n\n<ul class=\"wp-block-list\"><li><a href=\"https:\/\/www.smartfit.com.br\/news\/saude\/vacina-e-atividade-fisica-mais-anticorpos-e-protecao-contra-a-covid\/\" title=\"Vacina e atividade f\u00edsica: mais anticorpos e prote\u00e7\u00e3o contra a Covid\">Vacina e atividade f\u00edsica: mais anticorpos e prote\u00e7\u00e3o contra a Covid<\/a><\/li><li><a href=\"https:\/\/www.smartfit.com.br\/news\/saude\/como-ser-mais-ativo\/\" title=\"O que voc\u00ea pode fazer para se movimentar mais durante o dia\">O que voc\u00ea pode fazer para se movimentar mais durante o dia<\/a><\/li><\/ul>\n","protected":false},"excerpt":{"rendered":"<p>Parceria com Lysoform, uso obrigat\u00f3rio de m\u00e1scara e outras medidas <\/p>\n","protected":false},"author":1,"featured_media":31069,"comment_status":"open","ping_status":"open","sticky":false,"template":"","format":"standard","meta":{"footnotes":""},"categories":[1301],"tags":[],"class_list":["post-17352","post","type-post","status-publish","format-standard","has-post-thumbnail","hentry","category-academia"],"acf":{"banner_imagem":"","banner_link":"","banner_target":"_blank","cta":{"label":"","link":"","target":"_blank"},"image_thumb_horizontal":"","image_thumb_vertical":"","image_carrosel":""},"aioseo_notices":[],"thumbnail_url":"https:\/\/www.smartfit.com.br\/news\/wp-content\/uploads\/2021\/10\/O-que-voce\u0302-deve-saber-sobre-os-protocolos-de-seguranc\u0327a-da-Smart-Fit.png","_links":{"self":[{"href":"https:\/\/www.smartfit.com.br\/news\/wp-json\/wp\/v2\/posts\/17352","targetHints":{"allow":["GET"]}}],"collection":[{"href":"https:\/\/www.smartfit.com.br\/news\/wp-json\/wp\/v2\/posts"}],"about":[{"href":"https:\/\/www.smartfit.com.br\/news\/wp-json\/wp\/v2\/types\/post"}],"author":[{"embeddable":true,"href":"https:\/\/www.smartfit.com.br\/news\/wp-json\/wp\/v2\/users\/1"}],"replies":[{"embeddable":true,"href":"https:\/\/www.smartfit.com.br\/news\/wp-json\/wp\/v2\/comments?post=17352"}],"version-history":[{"count":8,"href":"https:\/\/www.smartfit.com.br\/news\/wp-json\/wp\/v2\/posts\/17352\/revisions"}],"predecessor-version":[{"id":17362,"href":"https:\/\/www.smartfit.com.br\/news\/wp-json\/wp\/v2\/posts\/17352\/revisions\/17362"}],"wp:featuredmedia":[{"embeddable":true,"href":"https:\/\/www.smartfit.com.br\/news\/wp-json\/wp\/v2\/media\/31069"}],"wp:attachment":[{"href":"https:\/\/www.smartfit.com.br\/news\/wp-json\/wp\/v2\/media?parent=17352"}],"wp:term":[{"taxonomy":"category","embeddable":true,"href":"https:\/\/www.smartfit.com.br\/news\/wp-json\/wp\/v2\/categories?post=17352"},{"taxonomy":"post_tag","embeddable":true,"href":"https:\/\/www.smartfit.com.br\/news\/wp-json\/wp\/v2\/tags?post=17352"}],"curies":[{"name":"wp","href":"https:\/\/api.w.org\/{rel}","templated":true}]}}