{"id":16823,"date":"2021-09-08T12:14:26","date_gmt":"2021-09-08T15:14:26","guid":{"rendered":"https:\/\/www.smartfit.com.br\/news\/?p=16823"},"modified":"2021-09-08T14:10:47","modified_gmt":"2021-09-08T17:10:47","slug":"esporte-e-cidadania-em-acao-smart-fit","status":"publish","type":"post","link":"https:\/\/www.smartfit.com.br\/news\/academia\/esporte-e-cidadania-em-acao-smart-fit\/","title":{"rendered":"Esporte e Cidadania em A\u00e7\u00e3o, apoiado pela Smart Fit, muda a vida de jovens pelo exerc\u00edcio"},"content":{"rendered":"\n<p>\u201cAqui, eu me sinto bem. O esporte faz bem para sa\u00fade!\u201d, diz Ingrid Alves Souza, de 9 anos de idade.<\/p>\n\n\n\n<p>Ela \u00e9 uma das crian\u00e7as impactadas pelo projeto social Esporte e Cidadania em A\u00e7\u00e3o, patrocinado pela Smart Fit e que, h\u00e1 10 anos, \u00e9 desenvolvido pelo Instituto Barrichello (dele mesmo, o nosso Rubinho).<\/p>\n\n\n\n<p>Moradora de uma regi\u00e3o muito pobre da cidade de S\u00e3o Paulo, Ingrid v\u00ea nas atividades f\u00edsicas promovidas pelo projeto uma oportunidade de aprendizado. \u201cAqui, eles explicam tudo de um jeito especial. Aprendo todos os dias a conviver com as pessoas do nosso espa\u00e7o\u201d, conta.<\/p>\n\n\n\n<h2 class=\"wp-block-heading\"><strong>Acompanhamento e oportunidade<\/strong><\/h2>\n\n\n\n<p>Os bairros de Marsilac e Parelheiros ficam no sul da cidade de S\u00e3o Paulo e est\u00e3o entre os distritos com piores indicadores econ\u00f4micos e sociais. <\/p>\n\n\n\n<p>\u201cNossa proposta com o Esporte e Cidadania em A\u00e7\u00e3o (ECA) foi criar um espa\u00e7o para que crian\u00e7as e adolescentes dessas regi\u00f5es possam encontrar um ambiente de autoexpress\u00e3o por meio das pr\u00e1ticas corporais\u201d, conta William Boudakian, diretor executivo do projeto.<\/p>\n\n\n\n<p>Para Isac Carvalho Ribeiro, a oportunidade de praticar exerc\u00edcios mudou como ele lida com a vida. \u201cTodos os dias, temos brincadeiras e atividades novas, uma mais divertida do que a outra. O esporte \u00e9 importante para manter a sa\u00fade. E ele me ensina a respeitar e fazer a minha parte\u201d, conta o jovem de 10 anos, que tamb\u00e9m participa do projeto.<\/p>\n\n\n\n<h2 class=\"wp-block-heading\"><strong>Esporte = autoestima<\/strong><\/h2>\n\n\n\n<div class=\"wp-block-image\"><figure class=\"alignright size-full is-resized\"><img fetchpriority=\"high\" decoding=\"async\" src=\"https:\/\/www.smartfit.com.br\/news\/wp-content\/uploads\/2021\/09\/esporte-e-cidadania.jpg\" alt=\"\" class=\"wp-image-16829\" width=\"309\" height=\"413\" srcset=\"https:\/\/www.smartfit.com.br\/news\/wp-content\/uploads\/2021\/09\/esporte-e-cidadania.jpg 509w, https:\/\/www.smartfit.com.br\/news\/wp-content\/uploads\/2021\/09\/esporte-e-cidadania-225x300.jpg 225w, https:\/\/www.smartfit.com.br\/news\/wp-content\/uploads\/2021\/09\/esporte-e-cidadania-150x200.jpg 150w\" sizes=\"(max-width: 309px) 100vw, 309px\" \/><\/figure><\/div>\n\n\n\n<p>As crian\u00e7as e adolescentes beneficiadas pelo projeto t\u00eam entre 6 e 15 anos e participam de atividades esportivas com dura\u00e7\u00e3o de uma hora e meia, duas vezes por semana, em cinco regi\u00f5es do extremo sul da cidade de S\u00e3o Paulo.&nbsp;<\/p>\n\n\n\n<p>Em cada local de atendimento s\u00e3o atendidos semanalmente de 120 a 150 crian\u00e7as.&nbsp;<\/p>\n\n\n\n<p>\u201cAqui, queremos lhes oferecer outras refer\u00eancias das que eles t\u00eam no dia a dia. Trabalhamos quest\u00f5es socioemocionais, colaborando para que possam construir um projeto de vida baseado no fortalecimento de sua autoestima e desenvolvendo compet\u00eancias relacionais, t\u00e9cnicas e cognitivas. E num ambiente acolhedor\u201d, diz William.<\/p>\n\n\n\n<p>Al\u00e9m das atividades, tamb\u00e9m s\u00e3o organizados grupos com os adolescentes e a Assistente Social que os incentivam a refletir sobre um plano de vida, orientando e encorajando a busca pelos seus direitos.<\/p>\n\n\n\n<h2 class=\"wp-block-heading\"><strong>Trabalho com a fam\u00edlia<\/strong><\/h2>\n\n\n\n<p>Uma vez a cada dois meses, a Assistente Social e a Supervisora T\u00e9cnica se unem aos educadores do projeto para oferecerem um momento de escuta, discuss\u00e3o de temas e di\u00e1logo com os respons\u00e1veis pelos jovens que participam do programa.&nbsp;<\/p>\n\n\n\n<p>E o instituto tamb\u00e9m contribui com a doa\u00e7\u00e3o de alimentos b\u00e1sicos para essas fam\u00edlias. No ano passado, mais de mil fam\u00edlias foram alcan\u00e7adas pelas cestas b\u00e1sicas e, este ano, o apoio continua.<\/p>\n\n\n\n<h2 class=\"wp-block-heading\"><strong>Smart Fit + Esporte e Cidadania em A\u00e7\u00e3o<\/strong><\/h2>\n\n\n\n<p>A Smart Fit acredita que a arte e o esporte s\u00e3o capazes de transformar a realidade de pessoas pelo Brasil. Por isso, apoia diversas a\u00e7\u00f5es sociais com o objetivo de levar essas viv\u00eancias a todos.&nbsp;<\/p>\n\n\n\n<p>Com o patroc\u00ednio da Smart Fit, o ECA beneficia, nesta edi\u00e7\u00e3o, cerca de 775 crian\u00e7as e adolescentes.&nbsp;<\/p>\n\n\n\n<p>Para saber mais, visite o <a href=\"https:\/\/institutobarrichello.org.br\/projeto\/esporte-e-cidadania-em-acao\/\" target=\"_blank\" rel=\"noreferrer noopener nofollow\">site do projeto<\/a>.<\/p>\n\n\n\n<h2 class=\"wp-block-heading\">Continue por aqui \ud83d\ude42<\/h2>\n\n\n\n<ul class=\"wp-block-list\"><li><a href=\"https:\/\/www.smartfit.com.br\/news\/academia\/smart-fit-patrocina-projeto-artes-da-mare\/\" title=\"Artes da Mar\u00e9, projeto patrocinado pela Smart Fit, oferece eventos para a comunidade\">Artes da Mar\u00e9, projeto patrocinado pela Smart Fit, oferece eventos para a comunidade<\/a><\/li><li><a href=\"https:\/\/www.smartfit.com.br\/news\/academia\/projeto-vidancar-patrocinado-pela-smart-fit-ensina-ballet-no-complexo-do-alemao\/\">Conhe\u00e7a o projeto Vidan\u00e7ar, tamb\u00e9m patrocinado pela SmartFit e que ensina ballet no complexo do Alem\u00e3o<\/a><\/li><\/ul>\n","protected":false},"excerpt":{"rendered":"<p>O projeto promove o desenvolvimento saud\u00e1vel de crian\u00e7as e adolescentes atrav\u00e9s do esporte<\/p>\n","protected":false},"author":1,"featured_media":16828,"comment_status":"open","ping_status":"open","sticky":false,"template":"","format":"standard","meta":{"footnotes":""},"categories":[1301],"tags":[],"class_list":["post-16823","post","type-post","status-publish","format-standard","has-post-thumbnail","hentry","category-academia"],"acf":{"banner_imagem":"","banner_link":"","banner_target":"_blank","cta":{"label":"","link":"","target":"_blank"},"image_thumb_horizontal":"","image_thumb_vertical":"","image_carrosel":null},"aioseo_notices":[],"thumbnail_url":"https:\/\/www.smartfit.com.br\/news\/wp-content\/uploads\/2021\/09\/WhatsApp-Image-2021-08-04-at-13.42.20.jpg","_links":{"self":[{"href":"https:\/\/www.smartfit.com.br\/news\/wp-json\/wp\/v2\/posts\/16823","targetHints":{"allow":["GET"]}}],"collection":[{"href":"https:\/\/www.smartfit.com.br\/news\/wp-json\/wp\/v2\/posts"}],"about":[{"href":"https:\/\/www.smartfit.com.br\/news\/wp-json\/wp\/v2\/types\/post"}],"author":[{"embeddable":true,"href":"https:\/\/www.smartfit.com.br\/news\/wp-json\/wp\/v2\/users\/1"}],"replies":[{"embeddable":true,"href":"https:\/\/www.smartfit.com.br\/news\/wp-json\/wp\/v2\/comments?post=16823"}],"version-history":[{"count":7,"href":"https:\/\/www.smartfit.com.br\/news\/wp-json\/wp\/v2\/posts\/16823\/revisions"}],"predecessor-version":[{"id":16833,"href":"https:\/\/www.smartfit.com.br\/news\/wp-json\/wp\/v2\/posts\/16823\/revisions\/16833"}],"wp:featuredmedia":[{"embeddable":true,"href":"https:\/\/www.smartfit.com.br\/news\/wp-json\/wp\/v2\/media\/16828"}],"wp:attachment":[{"href":"https:\/\/www.smartfit.com.br\/news\/wp-json\/wp\/v2\/media?parent=16823"}],"wp:term":[{"taxonomy":"category","embeddable":true,"href":"https:\/\/www.smartfit.com.br\/news\/wp-json\/wp\/v2\/categories?post=16823"},{"taxonomy":"post_tag","embeddable":true,"href":"https:\/\/www.smartfit.com.br\/news\/wp-json\/wp\/v2\/tags?post=16823"}],"curies":[{"name":"wp","href":"https:\/\/api.w.org\/{rel}","templated":true}]}}