{"id":16710,"date":"2021-08-23T12:38:05","date_gmt":"2021-08-23T15:38:05","guid":{"rendered":"https:\/\/www.smartfit.com.br\/news\/?p=16710"},"modified":"2021-08-23T17:20:28","modified_gmt":"2021-08-23T20:20:28","slug":"pos-graduacao-em-fitness-da-smart-fit-desenvolve-colaboradores-saiba-mais","status":"publish","type":"post","link":"https:\/\/www.smartfit.com.br\/news\/academia\/pos-graduacao-em-fitness-da-smart-fit-desenvolve-colaboradores-saiba-mais\/","title":{"rendered":"Smart Fit lan\u00e7a p\u00f3s-gradua\u00e7\u00e3o certificada pelo MEC! Saiba mais"},"content":{"rendered":"\n<p>Fazer uma p\u00f3s-gradua\u00e7\u00e3o \u00e9 um daqueles investimentos que t\u00eam potencial para mudar a carreira de qualquer pessoa. Traz desenvolvimento profissional, atualiza\u00e7\u00f5es e melhora habilidades. A Smart Fit sabe disso e faz quest\u00e3o de refor\u00e7ar que \u00e9 uma empresa interessada em qualificar seus profissionais, entendendo seu papel como l\u00edder de mercado no Brasil. Ao investir em pessoas, o capital intelectual da companhia aumenta e acaba contribuindo efetivamente para os resultados. Assim, a forma\u00e7\u00e3o agrega valor n\u00e3o s\u00f3 aos colaboradores, mas tamb\u00e9m \u00e0 organiza\u00e7\u00e3o e aos clientes.  <\/p>\n\n\n\n<h2 class=\"wp-block-heading\">1\u00aa especializa\u00e7\u00e3o em fitness do Brasil<\/h2>\n\n\n\n<p>Pensando em aprimorar o conhecimento de professores de todo o pa\u00eds, a Smart Fit lan\u00e7ou uma iniciativa pioneira: uma p\u00f3s-gradua\u00e7\u00e3o <em>in company<\/em> exclusiva para seus colaboradores. \u00c9 a a <strong>forma\u00e7\u00e3o integral em Fitness, um curso de 360 horas, certificado pelo Minist\u00e9rio da Educa\u00e7\u00e3o (MEC) e 100% online<\/strong>. A melhor parte \u00e9 que a especializa\u00e7\u00e3o abrange m\u00f3dulos t\u00e9cnicos e de gest\u00e3o e \u00e9 ministrada por profissionais experientes de diversos lugares do mundo (entre eles, Prof. Dr. Turibio Leite de Barros, Prof. Dr. Diego Bonilla, da Col\u00f4mbia, e Prof. Dr. Salvador Vargas, da Espanha). <\/p>\n\n\n\n<p>\u201cQueremos democratizar o fitness e o conhecimento\u201d, diz Luiz Carlos Carnevali, especialista em Fisiologia do Exerc\u00edcio e em Biomec\u00e2nica e Cinesiologia, mestre e doutor pelo Instituto de Ci\u00eancias Biom\u00e9dicas da Universidade de S\u00e3o Paulo (USP) e diretor t\u00e9cnico da Smart Fit. \u201cCom a p\u00f3s, incentivamos a educa\u00e7\u00e3o continuada de nossos funcion\u00e1rios\u201d.<\/p>\n\n\n\n<h2 class=\"wp-block-heading\">Como fazer a p\u00f3s-gradua\u00e7\u00e3o em Fitness?<\/h2>\n\n\n\n<p>Colaboradores da Smart Fit de todo o pa\u00eds podem se inscrever no processo seletivo e cursar a especializa\u00e7\u00e3o com bolsa de at\u00e9 100%. Veja abaixo algumas das disciplinas do curso:<\/p>\n\n\n\n<ul class=\"wp-block-list\"><li>Fisiologia do Exerc\u00edcio<\/li><li>Autoconhecimento e prop\u00f3sito<\/li><li>Gest\u00e3o de Projetos, Pessoas e Lideran\u00e7a;<\/li><li>Experi\u00eancia do Cliente x Resultados<\/li><\/ul>\n\n\n\n<h2 class=\"wp-block-heading\">Continue por aqui \ud83d\ude42<\/h2>\n\n\n\n<ul class=\"wp-block-list\"><li><a href=\"https:\/\/www.smartfit.com.br\/news\/academia\/energia-solar-em-unidades-smart-fit-de-minas-gerais\/\">Energia solar<\/a>&nbsp;em unidades Smart Fit de Minas Gerais<\/li><li>Conhe\u00e7a o&nbsp;<a href=\"https:\/\/www.smartfit.com.br\/news\/academia\/smart-fit-go\/\">Smart Fit Go, \u00e1rea exclusiva de treinos no app da Smart Fit<\/a><\/li><\/ul>\n","protected":false},"excerpt":{"rendered":"<p>\u00c9 a primeira rede de academias a oferecer uma especializa\u00e7\u00e3o em Fitness para o desenvolvimento profissional de seus professores<\/p>\n","protected":false},"author":1,"featured_media":16712,"comment_status":"open","ping_status":"open","sticky":false,"template":"","format":"standard","meta":{"footnotes":""},"categories":[1301],"tags":[],"class_list":["post-16710","post","type-post","status-publish","format-standard","has-post-thumbnail","hentry","category-academia"],"acf":{"banner_imagem":"","banner_link":"","banner_target":"_blank","cta":{"label":"","link":"","target":"_blank"},"image_thumb_horizontal":"","image_thumb_vertical":"","image_carrosel":null},"aioseo_notices":[],"thumbnail_url":"https:\/\/www.smartfit.com.br\/news\/wp-content\/uploads\/2021\/08\/soundtrap-ddwbTn5HDdQ-unsplash-1.jpg","_links":{"self":[{"href":"https:\/\/www.smartfit.com.br\/news\/wp-json\/wp\/v2\/posts\/16710","targetHints":{"allow":["GET"]}}],"collection":[{"href":"https:\/\/www.smartfit.com.br\/news\/wp-json\/wp\/v2\/posts"}],"about":[{"href":"https:\/\/www.smartfit.com.br\/news\/wp-json\/wp\/v2\/types\/post"}],"author":[{"embeddable":true,"href":"https:\/\/www.smartfit.com.br\/news\/wp-json\/wp\/v2\/users\/1"}],"replies":[{"embeddable":true,"href":"https:\/\/www.smartfit.com.br\/news\/wp-json\/wp\/v2\/comments?post=16710"}],"version-history":[{"count":11,"href":"https:\/\/www.smartfit.com.br\/news\/wp-json\/wp\/v2\/posts\/16710\/revisions"}],"predecessor-version":[{"id":16731,"href":"https:\/\/www.smartfit.com.br\/news\/wp-json\/wp\/v2\/posts\/16710\/revisions\/16731"}],"wp:featuredmedia":[{"embeddable":true,"href":"https:\/\/www.smartfit.com.br\/news\/wp-json\/wp\/v2\/media\/16712"}],"wp:attachment":[{"href":"https:\/\/www.smartfit.com.br\/news\/wp-json\/wp\/v2\/media?parent=16710"}],"wp:term":[{"taxonomy":"category","embeddable":true,"href":"https:\/\/www.smartfit.com.br\/news\/wp-json\/wp\/v2\/categories?post=16710"},{"taxonomy":"post_tag","embeddable":true,"href":"https:\/\/www.smartfit.com.br\/news\/wp-json\/wp\/v2\/tags?post=16710"}],"curies":[{"name":"wp","href":"https:\/\/api.w.org\/{rel}","templated":true}]}}