{"id":16283,"date":"2021-07-14T14:06:47","date_gmt":"2021-07-14T17:06:47","guid":{"rendered":"https:\/\/www.smartfit.com.br\/news\/?p=16283"},"modified":"2024-01-09T16:04:24","modified_gmt":"2024-01-09T19:04:24","slug":"grupo-smart-fit-abre-capital-na-bolsa-de-valores-do-brasil","status":"publish","type":"post","link":"https:\/\/www.smartfit.com.br\/news\/academia\/grupo-smart-fit-abre-capital-na-bolsa-de-valores-do-brasil\/","title":{"rendered":"Grupo Smart Fit abre capital na Bolsa de Valores do Brasil"},"content":{"rendered":"\n<p>A <strong>Smart Fit<\/strong> continua com foco total no prop\u00f3sito de democratizar o fitness de alto padr\u00e3o e um passo importante nessa dire\u00e7\u00e3o foi dado: a abertura de capital para o mercado de investimentos na Bolsa de Valores do Brasil.<\/p>\n\n\n\n<p>Em uma cerim\u00f4nia realizada na sede da <a href=\"http:\/\/www.b3.com.br\/pt_br\/\" target=\"_blank\" rel=\"noreferrer noopener nofollow\" title=\"http:\/\/www.b3.com.br\/pt_br\/\">B3<\/a> (uma das principais empresas de infraestrutura de mercado financeiro do mundo), no centro de S\u00e3o Paulo, o CEO <a href=\"https:\/\/www.edgardcorona.com.br\/\" title=\"\">Edgard Corona<\/a> comemorou: \u201cEste \u00e9 um dia muito importante para n\u00f3s da Smart Fit. O IPO foi o caminho que escolhemos para seguir com a expans\u00e3o, consolidar nosso prop\u00f3sito de democratizar o fitness de alto padr\u00e3o e perpetuar a exist\u00eancia da empresa. A confian\u00e7a dos investidores soma-se agora \u00e0 confian\u00e7a que nossos 2,8 milh\u00f5es de clientes depositaram na Smart Fit ao longo dos \u00faltimos anos. Estamos prontos e cheios de vontade para crescer\u201d.<\/p>\n\n\n\n<figure class=\"wp-block-gallery has-nested-images columns-default is-cropped wp-block-gallery-1 is-layout-flex wp-block-gallery-is-layout-flex\">\n<figure class=\"wp-block-image size-large\"><img fetchpriority=\"high\" decoding=\"async\" width=\"1024\" height=\"682\" data-id=\"16292\" src=\"https:\/\/www.smartfit.com.br\/news\/wp-content\/uploads\/2021\/07\/ipo-Smart-Fit-Edgard-.jpg\" alt=\"\" class=\"wp-image-16292\" srcset=\"https:\/\/www.smartfit.com.br\/news\/wp-content\/uploads\/2021\/07\/ipo-Smart-Fit-Edgard-.jpg 1024w, https:\/\/www.smartfit.com.br\/news\/wp-content\/uploads\/2021\/07\/ipo-Smart-Fit-Edgard--300x200.jpg 300w, https:\/\/www.smartfit.com.br\/news\/wp-content\/uploads\/2021\/07\/ipo-Smart-Fit-Edgard--768x512.jpg 768w, https:\/\/www.smartfit.com.br\/news\/wp-content\/uploads\/2021\/07\/ipo-Smart-Fit-Edgard--800x533.jpg 800w, https:\/\/www.smartfit.com.br\/news\/wp-content\/uploads\/2021\/07\/ipo-Smart-Fit-Edgard--150x100.jpg 150w\" sizes=\"(max-width: 1024px) 100vw, 1024px\" \/><\/figure>\n\n\n\n<figure class=\"wp-block-image size-large\"><img decoding=\"async\" width=\"960\" height=\"640\" data-id=\"16293\" src=\"https:\/\/www.smartfit.com.br\/news\/wp-content\/uploads\/2021\/07\/ipo-Smart-Fit-Edgard-1.jpg\" alt=\"\" class=\"wp-image-16293\" srcset=\"https:\/\/www.smartfit.com.br\/news\/wp-content\/uploads\/2021\/07\/ipo-Smart-Fit-Edgard-1.jpg 960w, https:\/\/www.smartfit.com.br\/news\/wp-content\/uploads\/2021\/07\/ipo-Smart-Fit-Edgard-1-300x200.jpg 300w, https:\/\/www.smartfit.com.br\/news\/wp-content\/uploads\/2021\/07\/ipo-Smart-Fit-Edgard-1-768x512.jpg 768w, https:\/\/www.smartfit.com.br\/news\/wp-content\/uploads\/2021\/07\/ipo-Smart-Fit-Edgard-1-800x533.jpg 800w, https:\/\/www.smartfit.com.br\/news\/wp-content\/uploads\/2021\/07\/ipo-Smart-Fit-Edgard-1-150x100.jpg 150w\" sizes=\"(max-width: 960px) 100vw, 960px\" \/><\/figure>\n<\/figure>\n\n\n\n<h2 class=\"wp-block-heading\">O que \u00e9 IPO?<\/h2>\n\n\n\n<p>Em ingl\u00eas, IPO \u00e9 a sigla para \u201cInitial Public Offering\u201d, ou \u201cOferta P\u00fablica Inicial\u201d. Representa a primeira vez que uma empresa recebe novos s\u00f3cios por meio de uma oferta de a\u00e7\u00f5es ao mercado. Ela se torna, ent\u00e3o, uma companhia de capital aberto com pap\u00e9is negociados no preg\u00e3o da Bolsa de Valores.<\/p>\n\n\n\n<p>Os recursos captados pela Oferta Prim\u00e1ria do Grupo Smart Fit ter\u00e3o como destino a continuidade do plano de crescimento, poss\u00edveis aquisi\u00e7\u00f5es estrat\u00e9gicas e investimentos em iniciativas para o desenvolvimento e fortalecimento da companhia de forma escal\u00e1vel.<\/p>\n\n\n\n<p>\u00c9 a <strong>Smart Fit <\/strong>cada vez mais forte!<\/p>\n\n\n\n<figure class=\"wp-block-video\"><video height=\"404\" style=\"aspect-ratio: 720 \/ 404;\" width=\"720\" controls src=\"https:\/\/www.smartfit.com.br\/news\/wp-content\/uploads\/2021\/07\/WhatsApp-Video-2021-07-14-at-12.59.43-1.mp4\"><\/video><\/figure>\n\n\n\n<h2 class=\"wp-block-heading\">Continue por aqui \ud83d\ude42<\/h2>\n\n\n\n<ul class=\"wp-block-list\">\n<li><a href=\"https:\/\/www.smartfit.com.br\/news\/academia\/smart-fit-fecha-compra-rede-de-academias-just-fit\/\" title=\"Smart Fit fecha compra da rede de academias Just Fit\">Smart Fit fecha compra da rede de academias Just Fit<\/a><\/li>\n\n\n\n<li><a href=\"https:\/\/www.smartfit.com.br\/news\/academia\/projeto-vidancar-patrocinado-pela-smart-fit-ensina-ballet-no-complexo-do-alemao\/\">Projeto Vidan\u00e7ar, patrocinado pela Smart Fit, ensina ballet no Complexo do Alem\u00e3o<\/a><\/li>\n<\/ul>\n","protected":false},"excerpt":{"rendered":"<p>Edgard Corona, CEO da companhia, refor\u00e7a que IPO foi o caminho escolhido para seguir com crescimento<\/p>\n","protected":false},"author":1,"featured_media":16286,"comment_status":"open","ping_status":"open","sticky":false,"template":"","format":"standard","meta":{"footnotes":""},"categories":[1301],"tags":[],"class_list":["post-16283","post","type-post","status-publish","format-standard","has-post-thumbnail","hentry","category-academia"],"acf":{"banner_imagem":"","banner_link":"","banner_target":"_blank","cta":{"label":"","link":"","target":"_blank"},"image_thumb_horizontal":"","image_thumb_vertical":"","image_carrosel":""},"aioseo_notices":[],"thumbnail_url":"https:\/\/www.smartfit.com.br\/news\/wp-content\/uploads\/2021\/07\/ipo-Smart-Fit-ok.jpg","_links":{"self":[{"href":"https:\/\/www.smartfit.com.br\/news\/wp-json\/wp\/v2\/posts\/16283","targetHints":{"allow":["GET"]}}],"collection":[{"href":"https:\/\/www.smartfit.com.br\/news\/wp-json\/wp\/v2\/posts"}],"about":[{"href":"https:\/\/www.smartfit.com.br\/news\/wp-json\/wp\/v2\/types\/post"}],"author":[{"embeddable":true,"href":"https:\/\/www.smartfit.com.br\/news\/wp-json\/wp\/v2\/users\/1"}],"replies":[{"embeddable":true,"href":"https:\/\/www.smartfit.com.br\/news\/wp-json\/wp\/v2\/comments?post=16283"}],"version-history":[{"count":9,"href":"https:\/\/www.smartfit.com.br\/news\/wp-json\/wp\/v2\/posts\/16283\/revisions"}],"predecessor-version":[{"id":40703,"href":"https:\/\/www.smartfit.com.br\/news\/wp-json\/wp\/v2\/posts\/16283\/revisions\/40703"}],"wp:featuredmedia":[{"embeddable":true,"href":"https:\/\/www.smartfit.com.br\/news\/wp-json\/wp\/v2\/media\/16286"}],"wp:attachment":[{"href":"https:\/\/www.smartfit.com.br\/news\/wp-json\/wp\/v2\/media?parent=16283"}],"wp:term":[{"taxonomy":"category","embeddable":true,"href":"https:\/\/www.smartfit.com.br\/news\/wp-json\/wp\/v2\/categories?post=16283"},{"taxonomy":"post_tag","embeddable":true,"href":"https:\/\/www.smartfit.com.br\/news\/wp-json\/wp\/v2\/tags?post=16283"}],"curies":[{"name":"wp","href":"https:\/\/api.w.org\/{rel}","templated":true}]}}