{"id":16203,"date":"2021-07-07T10:31:16","date_gmt":"2021-07-07T13:31:16","guid":{"rendered":"https:\/\/www.smartfit.com.br\/news\/?p=16203"},"modified":"2021-07-07T15:54:54","modified_gmt":"2021-07-07T18:54:54","slug":"o-crescimento-pessoal-e-profissional-na-smart-fit-mudou-a-minha-vida","status":"publish","type":"post","link":"https:\/\/www.smartfit.com.br\/news\/academia\/o-crescimento-pessoal-e-profissional-na-smart-fit-mudou-a-minha-vida\/","title":{"rendered":"&#8220;O crescimento pessoal e profissional na Smart fit mudou a minha vida&#8221;"},"content":{"rendered":"\n<p>A hist\u00f3ria da paulistana Andrezza Bueno com o Grupo Smart Fit \/ Bio Ritmo \u00e9 longa \u2013 come\u00e7ou h\u00e1 15 anos! Mas, ela n\u00e3o \u00e9 do tipo que se acomoda, n\u00e3o, e a carreira \u00e9 a prova disso: j\u00e1 foi recepcionista, professora de muscula\u00e7\u00e3o, l\u00edder de unidade at\u00e9 fora do pa\u00eds. Quer saber detalhes dessa jornada de sucesso? Ent\u00e3o, \u00e9 s\u00f3 rolar a p\u00e1gina. <\/p>\n\n\n\n<p>&#8220;Eu comecei a trabalhar no Grupo Smart Fit \/ Bio Ritmo em 2006. Sim, faz tempo! Eu queria muito trabalhar em academia e achei que faria sentido dar esse passo porque j\u00e1 dava aulas de dan\u00e7a do ventre e alongamento &#8211; sou formada em dan\u00e7a. Eu tamb\u00e9m dan\u00e7ava numa banda. Pesquisei no Google &#8216;maior academia de S\u00e3o Paulo&#8217; e o primeiro resultado foi, justamente, Bio Ritmo. Passei em uma unidade da rede e deixei meu curr\u00edculo. Fui chamada para o processo seletivo e consegui a vaga de recepcionista! Para mergulhar de vez nesse mundo, tamb\u00e9m comecei a faculdade de Educa\u00e7\u00e3o F\u00edsica. Batalhei muito para conseguir o meu diploma.<\/p>\n\n\n\n<p>Um tempo depois, fui promovida a caixa e, em seguida, a gerente-assistente. Nesse \u00e9poca, recebi uma proposta para trabalhar em Londres, em uma escola de dan\u00e7a. Sempre fui muito p\u00e9 no ch\u00e3o e decidi continuar no Brasil &#8211; a verdade \u00e9 que eu adorava meu trabalho na Bio Ritmo e almejava dar aulas de gin\u00e1stica. Em 2009, dei o primeiro passo nesse sentido: comecei como professora de muscula\u00e7\u00e3o. Percebi que tinha muito prazer em ver as pessoas se realizarem atrav\u00e9s do meu trabalho.<\/p>\n\n\n\n<h2 class=\"wp-block-heading\">Na lideran\u00e7a<\/h2>\n\n\n\n<p>Eu estava h\u00e1 dois anos na posi\u00e7\u00e3o e queria algo mais. Se tem uma caracter\u00edstica minha que posso ressaltar \u00e9 que gosto de mudan\u00e7as. N\u00e3o curto essa hist\u00f3ria de fazer a mesma coisa por muito tempo. E a empresa me proporcionou isso! Sempre sinalizei aos l\u00edderes o que eu aprendia e perguntava pelos pr\u00f3ximos desafios.<\/p>\n\n\n\n<p>Em 2012, resolvi aplicar para uma vaga de gerente de uma nova unidade da Smart Fit, outra marca do grupo que estava em franco crescimento. Abracei a proposta low cost e me empenhei na constru\u00e7\u00e3o de uma companhia humana, participando ativamente de reuni\u00f5es para estabelecer a cultura que temos hoje. Fui l\u00edder de duas unidades e essas experi\u00eancias foram muito enriquecedoras.<\/p>\n\n\n\n<h2 class=\"wp-block-heading\">O interc\u00e2mbio<\/h2>\n\n\n\n<p>At\u00e9 que uma oportunidade surgiu, alguns anos depois: um convite para trabalhar no Peru. O foco seria implementar a cultura da Smart Fit no processo de expans\u00e3o da Smart pela Am\u00e9rica Latina. O respons\u00e1vel pelo projeto achou que essa miss\u00e3o tinha a minha cara e me prop\u00f4s um interc\u00e2mbio sem tempo definido. Fiquei lisonjeada e um pouco preocupada, afinal, eu n\u00e3o sabia falar espanhol e precisaria dar a resposta em menos de 24 horas. Mais do que um desafio profissional, seria um teste pessoal tamb\u00e9m. Eu sairia da casa dos meus pais para um pa\u00eds completamente diferente, sozinha. Pensei: vamos nessa!<\/p>\n\n\n\n<p>Chegando no Peru, sem saber uma palavra no idioma local, assustei. Mas eu tinha uma miss\u00e3o a cumprir, implantar nossa marca e cultura atrav\u00e9s da lideran\u00e7a. Eram apenas tr\u00eas unidades e eu queria que desse tudo certo. Fiz a minha primeira reuni\u00e3o totalmente em portugu\u00eas, mas estava interessada mesmo era na hist\u00f3ria desses colaboradores. Eu precisava de pessoas apaixonadas pela empresa, que estivessem dispostas a fazer o neg\u00f3cio dar resultados e crescer \u2013 e encontrei! Tivemos percal\u00e7os, mas conseguimos montar uma equipe diversa e aplicada. Al\u00e9m disso, me organizei para ministrar workshops especiais para recepcionistas, professores e l\u00edderes para que o atendimento tamb\u00e9m evolu\u00edsse. Meu escopo era abrangente, eu fazia de tudo um pouco, treinamentos, recrutamento, gest\u00e3o! Me esforcei e aprendi a falar espanhol no dia a dia, exercitando no trabalho e escutando m\u00fasicas. Foi uma experi\u00eancia \u00fanica porque tive que me adaptar.  <\/p>\n\n\n\n<h2 class=\"wp-block-heading\">De volta ao Brasil<\/h2>\n\n\n\n<p>Mais uma vez, aquela voca\u00e7\u00e3o para mudan\u00e7a bateu! Voltei para o Brasil depois que a empresa me ofereceu uma vaga de l\u00edder regional de franquias em Curitiba. As coisas aconteceram meio r\u00e1pido, quase n\u00e3o pude me despedir da equipe peruana. Me joguei na opera\u00e7\u00e3o do Sul do Brasil, j\u00e1 de olho no que viria pela frente.<\/p>\n\n\n\n<p>Hoje, j\u00e1 estou em outro cargo: ano passado, surgiu a chance de aliar meus conhecimentos comerciais e operacionais como Gerente de Expans\u00e3o para Am\u00e9rica Latina. Precisavam de uma pessoa com o meu perfil. E estou feliz porque enxergo muitas possibilidades de crescimento e de valoriza\u00e7\u00e3o do meu trabalho. Eu me reinvento a cada dia para acompanhar todas as mudan\u00e7as que a empresa j\u00e1 passou ao longo do tempo.<\/p>\n\n\n\n<p>Depois de tantos anos trabalhando e me dedicando, n\u00e3o enxergo a Smart Fit como uma empresa que oferece atividade f\u00edsica, apenas. \u00c9 um lugar que transforma pessoas \u2013 sou uma delas. Sou muito grata.&#8221;<\/p>\n\n\n\n<h2 class=\"wp-block-heading\">Gostou? Ent\u00e3o continue por aqui \ud83d\ude42<\/h2>\n\n\n\n<ul class=\"wp-block-list\"><li>Ela \u00e9 musa das passistas de uma escola de samba, influenciadora digital e professora de gin\u00e1stica da Smart Fit. Conhe\u00e7a&nbsp;<a href=\"https:\/\/www.smartfit.com.br\/news\/academia\/a-vivencia-como-professora-da-smart-fit-me-fez-bombar-no-tiktok\/\">Bruna Santana<\/a>!<\/li><li>J\u00e1&nbsp;<a href=\"https:\/\/www.smartfit.com.br\/news\/academia\/lorena-de-recepcionista-a-lider-smart-fit\/\">Lorena de Lima Arcanjo<\/a>&nbsp;foi aluna e trabalhou no balc\u00e3o de atendimento. Depois de uma passagem pelo escrit\u00f3rio, foi colocar o que aprendeu na pr\u00e1tica como l\u00edder de unidade em Bras\u00edlia.<\/li><li><a href=\"https:\/\/www.smartfit.com.br\/news\/academia\/wagner-ferreira-sua-historia\/\">Wagner Ferreira<\/a>&nbsp;come\u00e7ou como professor de muscula\u00e7\u00e3o e hoje gerencia os produtos digitais da Smart Fit.<\/li><\/ul>\n","protected":false},"excerpt":{"rendered":"<p>Conhe\u00e7a a hist\u00f3ria de Andrezza Bueno, Gerente de Expans\u00e3o para Am\u00e9rica Latina<\/p>\n","protected":false},"author":1,"featured_media":16205,"comment_status":"open","ping_status":"open","sticky":false,"template":"","format":"standard","meta":{"footnotes":""},"categories":[1301],"tags":[1373],"class_list":["post-16203","post","type-post","status-publish","format-standard","has-post-thumbnail","hentry","category-academia","tag-sua-historia"],"acf":{"banner_imagem":"","banner_link":"","banner_target":"_blank","cta":{"label":"","link":"","target":"_blank"},"image_thumb_horizontal":"","image_thumb_vertical":"","image_carrosel":null},"aioseo_notices":[],"thumbnail_url":"https:\/\/www.smartfit.com.br\/news\/wp-content\/uploads\/2021\/07\/andrezza-bueno.jpg","_links":{"self":[{"href":"https:\/\/www.smartfit.com.br\/news\/wp-json\/wp\/v2\/posts\/16203","targetHints":{"allow":["GET"]}}],"collection":[{"href":"https:\/\/www.smartfit.com.br\/news\/wp-json\/wp\/v2\/posts"}],"about":[{"href":"https:\/\/www.smartfit.com.br\/news\/wp-json\/wp\/v2\/types\/post"}],"author":[{"embeddable":true,"href":"https:\/\/www.smartfit.com.br\/news\/wp-json\/wp\/v2\/users\/1"}],"replies":[{"embeddable":true,"href":"https:\/\/www.smartfit.com.br\/news\/wp-json\/wp\/v2\/comments?post=16203"}],"version-history":[{"count":3,"href":"https:\/\/www.smartfit.com.br\/news\/wp-json\/wp\/v2\/posts\/16203\/revisions"}],"predecessor-version":[{"id":16215,"href":"https:\/\/www.smartfit.com.br\/news\/wp-json\/wp\/v2\/posts\/16203\/revisions\/16215"}],"wp:featuredmedia":[{"embeddable":true,"href":"https:\/\/www.smartfit.com.br\/news\/wp-json\/wp\/v2\/media\/16205"}],"wp:attachment":[{"href":"https:\/\/www.smartfit.com.br\/news\/wp-json\/wp\/v2\/media?parent=16203"}],"wp:term":[{"taxonomy":"category","embeddable":true,"href":"https:\/\/www.smartfit.com.br\/news\/wp-json\/wp\/v2\/categories?post=16203"},{"taxonomy":"post_tag","embeddable":true,"href":"https:\/\/www.smartfit.com.br\/news\/wp-json\/wp\/v2\/tags?post=16203"}],"curies":[{"name":"wp","href":"https:\/\/api.w.org\/{rel}","templated":true}]}}