{"id":15771,"date":"2021-05-21T13:15:23","date_gmt":"2021-05-21T16:15:23","guid":{"rendered":"https:\/\/www.smartfit.com.br\/news\/?p=15771"},"modified":"2021-05-21T15:55:07","modified_gmt":"2021-05-21T18:55:07","slug":"smart-fit-e-parceira-da-selecao-brasileira-masculina-basquete-3x3","status":"publish","type":"post","link":"https:\/\/www.smartfit.com.br\/news\/academia\/smart-fit-e-parceira-da-selecao-brasileira-masculina-basquete-3x3\/","title":{"rendered":"Smart Fit \u00e9 parceira da Sele\u00e7\u00e3o Brasileira Masculina de Basquete 3&#215;3"},"content":{"rendered":"\n<p>A Smart Fit sempre renova o compromisso em democratizar o fitness de alto padr\u00e3o e, em 2021, est\u00e1 liderando diversas iniciativas. Uma delas, em especial, tem a ver com o maior evento esportivo do mundo \u2013 a Olimp\u00edada de T\u00f3quio: uma parceria exclusiva de treinamento com a Confedera\u00e7\u00e3o Brasileira de Basketball (CBB). Os atletas da <strong>Sele\u00e7\u00e3o Brasileira masculina de Basquete 3&#215;3 <\/strong>est\u00e3o se preparando para o Pr\u00e9-Ol\u00edmpico de Graz, na \u00c1ustria, com a ajuda da maior rede de academias da Am\u00e9rica Latina. As melhores equipes do torneio garantem vagas nos jogos ol\u00edmpicos, que acontecer\u00e3o a partir de julho. Bacana, n\u00e3o \u00e9?<\/p>\n\n\n\n<p>A parceria com o Departamento de 3&#215;3 come\u00e7ou em janeiro. Os jogadores puderam utilizar as unidades da Smart Fit para aprimorar a forma f\u00edsica, mesmo antes de se reunirem para os treinos oficiais. Mais recentemente, intensificaram a rotina na academia para enfrentar o baita desafio que vem por a\u00ed, o campeonato que levar\u00e1 tr\u00eas times para T\u00f3quio-21. &#8220;A parceria com a Smart Fit foi muito importante pois possibilitou que a nossa sele\u00e7\u00e3o tivesse a melhor estrutura para se preparar e chegar no melhor da sua forma para o Pr\u00e9-Ol\u00edmpico. Agora, temos a dura, mas n\u00e3o imposs\u00edvel, miss\u00e3o de conquistar uma das tr\u00eas vagas do masculino para a Olimp\u00edada&#8221;, diz Francisco Oliveira, Gerente de Desenvolvimento do 3&#215;3 na CBB.<\/p>\n\n\n\n<div class=\"wp-block-image\"><figure class=\"aligncenter size-large\"><img fetchpriority=\"high\" decoding=\"async\" width=\"700\" height=\"331\" src=\"https:\/\/www.smartfit.com.br\/news\/wp-content\/uploads\/2021\/05\/basquete-2.jpg\" alt=\"\" class=\"wp-image-15786\" srcset=\"https:\/\/www.smartfit.com.br\/news\/wp-content\/uploads\/2021\/05\/basquete-2.jpg 700w, https:\/\/www.smartfit.com.br\/news\/wp-content\/uploads\/2021\/05\/basquete-2-300x142.jpg 300w, https:\/\/www.smartfit.com.br\/news\/wp-content\/uploads\/2021\/05\/basquete-2-150x71.jpg 150w\" sizes=\"(max-width: 700px) 100vw, 700px\" \/><\/figure><\/div>\n\n\n\n<h2 class=\"wp-block-heading\">O Pr\u00e9-Ol\u00edmpico <\/h2>\n\n\n\n<p>O Pr\u00e9-Ol\u00edmpico de Basquete masculino 3&#215;3 ser\u00e1 disputado na cidade de Graz, na \u00c1ustria, por 20 pa\u00edses. Funcionar\u00e1 assim: as sele\u00e7\u00f5es ser\u00e3o divididas em quatro grupos de cinco. As duas melhores equipes de cada chave avan\u00e7am para os playoffs (mata-mata). Ao final do torneio, os tr\u00eas primeiros colocados carimbam o passaporte rumo a T\u00f3quio, sede da Olimp\u00edada 2021. Vai, Brasil!<\/p>\n\n\n\n<h2 class=\"wp-block-heading\">Um pouco sobre o Basquete 3&#215;3<\/h2>\n\n\n\n<p>Como o nome sugere, no Basquete 3&#215;3, cada equipe \u00e9 composta por tr\u00eas jogadores em quadra. O jogo \u00e9 disputado em uma \u00e1rea 15m x 11m &#8211; menor do que a metade de uma quadra padr\u00e3o. As regras tamb\u00e9m mudam: bolas que valem tr\u00eas pontos no basquete 5&#215;5, no 3\u00d73, somam apenas dois. Ganha a equipe que marcar 21 pontos primeiro ou a que estiver com maior n\u00famero de cestas feitas ao final de 10 minutos.<\/p>\n\n\n\n<p>A Olimp\u00edada de T\u00f3quio marca a estreia do Basquete 3&#215;3 nos jogos. A modalidade foi inclu\u00edda oficialmente no evento em 2017.<\/p>\n\n\n\n<h2 class=\"wp-block-heading\">Continue por aqui \ud83d\ude42<\/h2>\n\n\n\n<ul class=\"wp-block-list\"><li>Descubra outras&nbsp;<a href=\"https:\/\/www.smartfit.com.br\/news\/academia\/3-aulas-coletivas-academias-smart-fit-de-brasilia-df\/\">3 aulas coletivas incr\u00edveis<\/a>&nbsp;para fazer nas academias Smart Fit;<\/li><li><a href=\"https:\/\/www.smartfit.com.br\/news\/academia\/paulo-comecou-a-treinar-secou-22-kg-e-ganhou-autoestima\/\">Paulo come\u00e7ou a treinar, secou 22 kg e ganhou autoestima<\/a>; conhe\u00e7a essa hist\u00f3ria!<\/li><\/ul>\n\n\n\n<p> <\/p>\n","protected":false},"excerpt":{"rendered":"<p>Atletas utilizam as unidades da Smart Fit na prepara\u00e7\u00e3o para o Pr\u00e9-Ol\u00edmpico<\/p>\n","protected":false},"author":1,"featured_media":15774,"comment_status":"open","ping_status":"open","sticky":false,"template":"","format":"standard","meta":{"footnotes":""},"categories":[1301],"tags":[],"class_list":["post-15771","post","type-post","status-publish","format-standard","has-post-thumbnail","hentry","category-academia"],"acf":{"banner_imagem":"","banner_link":"","banner_target":"_blank","cta":{"label":"","link":"","target":"_blank"},"image_thumb_horizontal":"","image_thumb_vertical":"","image_carrosel":null},"aioseo_notices":[],"thumbnail_url":"https:\/\/www.smartfit.com.br\/news\/wp-content\/uploads\/2021\/05\/basquete.jpg","_links":{"self":[{"href":"https:\/\/www.smartfit.com.br\/news\/wp-json\/wp\/v2\/posts\/15771","targetHints":{"allow":["GET"]}}],"collection":[{"href":"https:\/\/www.smartfit.com.br\/news\/wp-json\/wp\/v2\/posts"}],"about":[{"href":"https:\/\/www.smartfit.com.br\/news\/wp-json\/wp\/v2\/types\/post"}],"author":[{"embeddable":true,"href":"https:\/\/www.smartfit.com.br\/news\/wp-json\/wp\/v2\/users\/1"}],"replies":[{"embeddable":true,"href":"https:\/\/www.smartfit.com.br\/news\/wp-json\/wp\/v2\/comments?post=15771"}],"version-history":[{"count":7,"href":"https:\/\/www.smartfit.com.br\/news\/wp-json\/wp\/v2\/posts\/15771\/revisions"}],"predecessor-version":[{"id":15789,"href":"https:\/\/www.smartfit.com.br\/news\/wp-json\/wp\/v2\/posts\/15771\/revisions\/15789"}],"wp:featuredmedia":[{"embeddable":true,"href":"https:\/\/www.smartfit.com.br\/news\/wp-json\/wp\/v2\/media\/15774"}],"wp:attachment":[{"href":"https:\/\/www.smartfit.com.br\/news\/wp-json\/wp\/v2\/media?parent=15771"}],"wp:term":[{"taxonomy":"category","embeddable":true,"href":"https:\/\/www.smartfit.com.br\/news\/wp-json\/wp\/v2\/categories?post=15771"},{"taxonomy":"post_tag","embeddable":true,"href":"https:\/\/www.smartfit.com.br\/news\/wp-json\/wp\/v2\/tags?post=15771"}],"curies":[{"name":"wp","href":"https:\/\/api.w.org\/{rel}","templated":true}]}}