{"id":1409,"date":"2022-06-20T18:35:46","date_gmt":"2022-06-20T21:35:46","guid":{"rendered":"https:\/\/sfnutri.com.br\/?p=1409"},"modified":"2026-01-09T21:45:25","modified_gmt":"2026-01-10T00:45:25","slug":"pe-de-moleque-fitness-para-nao-sair-da-dieta","status":"publish","type":"post","link":"https:\/\/www.smartfit.com.br\/news\/nutricao\/pe-de-moleque-fitness-para-nao-sair-da-dieta\/","title":{"rendered":"P\u00e9 de moleque fitness para n\u00e3o sair da dieta"},"content":{"rendered":"\n<a class=\"top_link\" href=\"https:\/\/nutri.smartfit.com.br\/?utm_campaign=1409&amp;utm_medium=top_link&amp;utm_source=news\" rel=\"noopener\" style=\"text-align: center;color: #009b34;text-decoration: underline\" target=\"_blank\"><h6 style=\"margin: 20px 0 20px\">Conhe\u00e7a o app de nutri\u00e7\u00e3o da Smart Fit    <\/h6><\/a>\n\n\n\n<h2 class=\"wp-block-heading\"><strong>Hist\u00f3ria do p\u00e9 de moleque<\/strong><\/h2>\n\n\n<div id=\"wpzoom-premium-recipe-card\" class=\"wp-block-wpzoom-recipe-card-block-recipe-card header-content-align-center block-alignment-center is-style-default\">\n\t\t\t<div class=\"recipe-card-image\">\n\t\t\t<figure>\n\t\t\t\t<img fetchpriority=\"high\" decoding=\"async\" width=\"800\" height=\"530\" src=\"https:\/\/www.smartfit.com.br\/news\/wp-content\/uploads\/2022\/08\/pe-de-moloque_fitness-blog-e1661877955300-800x530.jpg\" class=\"wpzoom-recipe-card-image\" alt=\"P\u00e9 de moleque \" id=\"26595\" data-pin-media=\"https:\/\/www.smartfit.com.br\/news\/wp-content\/uploads\/2022\/08\/pe-de-moloque_fitness-blog-e1661877955300-800x530.jpg\" data-pin-description=\"P\u00e9 de moleque \" \/>\t\t\t\t<figcaption>\n\t\t\t\t\t\t\t\t\t\t<div class=\"wpzoom-recipe-card-print-link\">\n\t            <a class=\"btn-print-link no-print\" href=\"#wpzoom-premium-recipe-card\" title=\"Print directions\" data-recipe-id=\"1409\">\n\t            \t<SVG class=\"wpzoom-rcb-icon-print-link\" viewBox=\"0 0 32 32\" width=\"32\" height=\"32\" xmlns=\"http:\/\/www.w3.org\/2000\/svg\">\n\t            \t    <g data-name=\"Layer 55\" id=\"Layer_55\">\n\t            \t        <Path class=\"wpzoom-rcb-print-icon\" d=\"M28,25H25a1,1,0,0,1,0-2h3a1,1,0,0,0,1-1V10a1,1,0,0,0-1-1H4a1,1,0,0,0-1,1V22a1,1,0,0,0,1,1H7a1,1,0,0,1,0,2H4a3,3,0,0,1-3-3V10A3,3,0,0,1,4,7H28a3,3,0,0,1,3,3V22A3,3,0,0,1,28,25Z\" \/>\n\t            \t        <Path class=\"wpzoom-rcb-print-icon\" d=\"M25,31H7a1,1,0,0,1-1-1V20a1,1,0,0,1,1-1H25a1,1,0,0,1,1,1V30A1,1,0,0,1,25,31ZM8,29H24V21H8Z\" \/>\n\t            \t        <Path class=\"wpzoom-rcb-print-icon\" d=\"M25,9a1,1,0,0,1-1-1V3H8V8A1,1,0,0,1,6,8V2A1,1,0,0,1,7,1H25a1,1,0,0,1,1,1V8A1,1,0,0,1,25,9Z\" \/>\n\t            \t        <rect class=\"wpzoom-rcb-print-icon\" height=\"2\" width=\"2\" x=\"24\" y=\"11\" \/>\n\t            \t        <rect class=\"wpzoom-rcb-print-icon\" height=\"2\" width=\"4\" x=\"18\" y=\"11\" \/>\n\t            \t    <\/g>\n\t            \t<\/SVG>\n\t                <span>Print<\/span>\n\t            <\/a>\n\t        <\/div>\t\t\t\t<\/figcaption>\n\t\t\t<\/figure>\n\t\t<\/div><!-- \/.recipe-card-image -->\n\t\t<div class=\"recipe-card-heading\">\n\t\t<h2 class=\"recipe-card-title\">P\u00e9 de moleque <\/h2>\n\t\t<div class=\"wpzoom-rating-stars-container\" data-rating=\"5.0\" data-rating-total=\"1\" data-recipe-id=\"1409\" data-user-can-rate=\"1\">\n\t\t\t\t<ul class=\"wpzoom-rating-stars\"><li class=\"wpz-full-star wpz-star-icon\"><\/li><li class=\"wpz-full-star wpz-star-icon\"><\/li><li class=\"wpz-full-star wpz-star-icon\"><\/li><li class=\"wpz-full-star wpz-star-icon\"><\/li><li class=\"wpz-full-star wpz-star-icon\"><\/li><\/ul><span class=\"wpzoom-rating-stars-average\"><small class=\"wpzoom-rating-average\">5<\/small> <small>from<\/small> <small class=\"wpzoom-rating-total-votes\">1<\/small> <small>vote<\/small><\/span>\n\t\t\t\t<em class=\"wpzoom-rating-stars-tooltip\"><\/em>\n\t\t\t<\/div>\t\t\t\t\t<span class=\"recipe-card-author\">Recipe by Caroline<\/span>\n\t\t\t\t<span class=\"recipe-card-course\">Course: <mark>Sem Culpa<\/mark><\/span><span class=\"recipe-card-cuisine\">Cuisine: <mark>Lanche da tarde<\/mark><\/span><span class=\"recipe-card-difficulty\">Difficulty: <mark>F\u00e1cil<\/mark><\/span>\t<\/div><!-- \/.recipe-card-heading -->\n\t\n\t\n\t\n\t\t\t<div class=\"recipe-card-details\">\n\t\t\t<div class=\"details-items\"><div class=\"detail-item detail-item-0\"><span class=\"detail-item-icon oldicon oldicon-food\"><\/span><span class=\"detail-item-label\">Por\u00e7\u00f5es<\/span><p class=\"detail-item-value\">6<\/p><span class=\"detail-item-unit\">por\u00e7\u00f5es<\/span><\/div><div class=\"detail-item detail-item-1\"><span class=\"detail-item-icon oldicon oldicon-clock\"><\/span><span class=\"detail-item-label\">Tempo de prepara\u00e7\u00e3o<\/span><p class=\"detail-item-value\">10<\/p><span class=\"detail-item-unit\">minutes<\/span><\/div><div class=\"detail-item detail-item-2\"><span class=\"detail-item-icon foodicons foodicons-cooking-food-in-a-hot-casserole\"><\/span><span class=\"detail-item-label\">Tempo de cozimento<\/span><p class=\"detail-item-value\">20<\/p><span class=\"detail-item-unit\">minutes<\/span><\/div><div class=\"detail-item detail-item-3\"><span class=\"detail-item-icon foodicons foodicons-fire-flames\"><\/span><span class=\"detail-item-label\">Calorias<\/span><p class=\"detail-item-value\">240<\/p><span class=\"detail-item-unit\">kcal<\/span><\/div><\/div>\n\t\t<\/div>\n\t\n\t\n\t\n\t\n\t\t\t<p class=\"recipe-card-summary no-print\">Essa receita de p\u00e9 de moleque mais saud\u00e1vel para voc\u00ea comer e n\u00e3o sair da sua dieta.<\/p>\n\t\n\t\t\n\t\t\t<div class=\"recipe-card-ingredients\">\n\t\t\t<h3 class=\"ingredients-title\">Ingredientes<\/h3>\n\t\t\t<ul class=\"ingredients-list layout-1-column\"><li id=\"wpzoom-rcb-ingredient-item-62b0bd58294d9\" class=\"ingredient-item\"><span class=\"tick-circle\"><\/span><p class=\"ingredient-item-name is-strikethrough-active\"><span class=\"wpzoom-rcb-ingredient-amount\">1<\/span> <span class=\"wpzoom-rcb-ingredient-unit\">x\u00edcara de ch\u00e1<\/span> <span class=\"wpzoom-rcb-ingredient-name\">de amendoim torrado sem pele e sem sal para a base do p\u00e9 de moleque <\/span><\/p><\/li><li id=\"wpzoom-rcb-ingredient-item-62b0bd58294db\" class=\"ingredient-item\"><span class=\"tick-circle\"><\/span><p class=\"ingredient-item-name is-strikethrough-active\"><span class=\"wpzoom-rcb-ingredient-amount\">4<\/span> <span class=\"wpzoom-rcb-ingredient-unit\">colheres de sopa <\/span> <span class=\"wpzoom-rcb-ingredient-name\">de a\u00e7\u00facar demerara<\/span><\/p><\/li><li id=\"wpzoom-rcb-ingredient-item-62b0bd58294dc\" class=\"ingredient-item\"><span class=\"tick-circle\"><\/span><p class=\"ingredient-item-name is-strikethrough-active\"><span class=\"wpzoom-rcb-ingredient-amount\">2<\/span> <span class=\"wpzoom-rcb-ingredient-unit\">colheres de sopa <\/span> <span class=\"wpzoom-rcb-ingredient-name\">de mel ou melado<\/span><\/p><\/li><li id=\"wpzoom-rcb-ingredient-item-62b0bd58294de\" class=\"ingredient-item\"><span class=\"tick-circle\"><\/span><p class=\"ingredient-item-name is-strikethrough-active\"><span class=\"wpzoom-rcb-ingredient-amount\">2<\/span> <span class=\"wpzoom-rcb-ingredient-unit\">colheres de sopa <\/span> <span class=\"wpzoom-rcb-ingredient-name\">de semente de ab\u00f3bora ou girassol<\/span><\/p><\/li><\/ul>\n\t\t<\/div>\n\t\n\t\n\t\t\t<div class=\"recipe-card-directions\">\n\t\t\t<h3 class=\"directions-title\">Instru\u00e7\u00f5es<\/h3>\n\t\t\t<ul class=\"directions-list\"><li id=\"wpzoom-rcb-direction-step-62b0dcf823626\" class=\"direction-step\">Em uma panela coloque o mel e o a\u00e7\u00facar e mexa at\u00e9 virar uma calda, sempre em fogo baixo. Quando o a\u00e7\u00facar derreter e a calda atingir a cor de um ch\u00e1 escuro coloque o amendoim e a semente de girassol. Mexa, ainda em fogo baixo por 10 minutos at\u00e9 tudo estiver bem incorporado.<div class=\"direction-step-gallery columns-2 \" data-grid-columns=\"2\"><ul class=\"direction-step-gallery-grid\" data-gallery-masonry-grid=\"false\"><li class=\"direction-step-gallery-item\"><figure><img decoding=\"async\" width=\"768\" height=\"432\" src=\"https:\/\/www.smartfit.com.br\/news\/wp-content\/uploads\/2022\/07\/mexa-tudo-2-768x432.png\" class=\"attachment-medium_large size-medium_large\" alt=\"\" title=\"\" id=\"direction-step-gallery-image-22211\" srcset=\"https:\/\/www.smartfit.com.br\/news\/wp-content\/uploads\/2022\/07\/mexa-tudo-2-768x432.png 768w, https:\/\/www.smartfit.com.br\/news\/wp-content\/uploads\/2022\/07\/mexa-tudo-2-300x169.png 300w, https:\/\/www.smartfit.com.br\/news\/wp-content\/uploads\/2022\/07\/mexa-tudo-2-1024x576.png 1024w, https:\/\/www.smartfit.com.br\/news\/wp-content\/uploads\/2022\/07\/mexa-tudo-2-1536x864.png 1536w, https:\/\/www.smartfit.com.br\/news\/wp-content\/uploads\/2022\/07\/mexa-tudo-2-800x450.png 800w, https:\/\/www.smartfit.com.br\/news\/wp-content\/uploads\/2022\/07\/mexa-tudo-2-750x422.png 750w, https:\/\/www.smartfit.com.br\/news\/wp-content\/uploads\/2022\/07\/mexa-tudo-2-480x270.png 480w, https:\/\/www.smartfit.com.br\/news\/wp-content\/uploads\/2022\/07\/mexa-tudo-2-150x84.png 150w, https:\/\/www.smartfit.com.br\/news\/wp-content\/uploads\/2022\/07\/mexa-tudo-2.png 1920w\" sizes=\"(max-width: 768px) 100vw, 768px\" \/><\/figure><\/li><\/ul><\/div><!-- \/.direction-step-gallery --><\/li><li id=\"wpzoom-rcb-direction-step-62b0dcf823627\" class=\"direction-step\">Unte uma assadeira com manteiga ou \u00f3leo de coco e coloque a mistura do amendoim. Com um peda\u00e7o de pl\u00e1stico filme pressione bem, em seguida leve para a geladeira por\u00a0 20 min. <div class=\"direction-step-gallery columns-2 \" data-grid-columns=\"2\"><ul class=\"direction-step-gallery-grid\" data-gallery-masonry-grid=\"false\"><li class=\"direction-step-gallery-item\"><figure><img decoding=\"async\" width=\"768\" height=\"432\" src=\"https:\/\/www.smartfit.com.br\/news\/wp-content\/uploads\/2022\/07\/coloque-no-refratario-768x432.png\" class=\"attachment-medium_large size-medium_large\" alt=\"\" title=\"\" id=\"direction-step-gallery-image-22212\" srcset=\"https:\/\/www.smartfit.com.br\/news\/wp-content\/uploads\/2022\/07\/coloque-no-refratario-768x432.png 768w, https:\/\/www.smartfit.com.br\/news\/wp-content\/uploads\/2022\/07\/coloque-no-refratario-300x169.png 300w, https:\/\/www.smartfit.com.br\/news\/wp-content\/uploads\/2022\/07\/coloque-no-refratario-1024x576.png 1024w, https:\/\/www.smartfit.com.br\/news\/wp-content\/uploads\/2022\/07\/coloque-no-refratario-1536x864.png 1536w, https:\/\/www.smartfit.com.br\/news\/wp-content\/uploads\/2022\/07\/coloque-no-refratario-800x450.png 800w, https:\/\/www.smartfit.com.br\/news\/wp-content\/uploads\/2022\/07\/coloque-no-refratario-750x422.png 750w, https:\/\/www.smartfit.com.br\/news\/wp-content\/uploads\/2022\/07\/coloque-no-refratario-480x270.png 480w, https:\/\/www.smartfit.com.br\/news\/wp-content\/uploads\/2022\/07\/coloque-no-refratario-150x84.png 150w, https:\/\/www.smartfit.com.br\/news\/wp-content\/uploads\/2022\/07\/coloque-no-refratario.png 1920w\" sizes=\"(max-width: 768px) 100vw, 768px\" \/><\/figure><\/li><\/ul><\/div><!-- \/.direction-step-gallery --><\/li><li id=\"wpzoom-rcb-direction-step-62b0dcf823628\" class=\"direction-step\">Retire da assadeira, corte em quadrados ou sirva em peda\u00e7os quebrados.<div class=\"direction-step-gallery columns-2 \" data-grid-columns=\"2\"><ul class=\"direction-step-gallery-grid\" data-gallery-masonry-grid=\"false\"><li class=\"direction-step-gallery-item\"><figure><img loading=\"lazy\" decoding=\"async\" width=\"768\" height=\"432\" src=\"https:\/\/www.smartfit.com.br\/news\/wp-content\/uploads\/2022\/07\/corte-em-cubos-768x432.png\" class=\"attachment-medium_large size-medium_large\" alt=\"\" title=\"\" id=\"direction-step-gallery-image-22213\" srcset=\"https:\/\/www.smartfit.com.br\/news\/wp-content\/uploads\/2022\/07\/corte-em-cubos-768x432.png 768w, https:\/\/www.smartfit.com.br\/news\/wp-content\/uploads\/2022\/07\/corte-em-cubos-300x169.png 300w, https:\/\/www.smartfit.com.br\/news\/wp-content\/uploads\/2022\/07\/corte-em-cubos-1024x576.png 1024w, https:\/\/www.smartfit.com.br\/news\/wp-content\/uploads\/2022\/07\/corte-em-cubos-1536x864.png 1536w, https:\/\/www.smartfit.com.br\/news\/wp-content\/uploads\/2022\/07\/corte-em-cubos-800x450.png 800w, https:\/\/www.smartfit.com.br\/news\/wp-content\/uploads\/2022\/07\/corte-em-cubos-750x422.png 750w, https:\/\/www.smartfit.com.br\/news\/wp-content\/uploads\/2022\/07\/corte-em-cubos-480x270.png 480w, https:\/\/www.smartfit.com.br\/news\/wp-content\/uploads\/2022\/07\/corte-em-cubos-150x84.png 150w, https:\/\/www.smartfit.com.br\/news\/wp-content\/uploads\/2022\/07\/corte-em-cubos.png 1920w\" sizes=\"(max-width: 768px) 100vw, 768px\" \/><\/figure><\/li><\/ul><\/div><!-- \/.direction-step-gallery --><\/li><\/ul>\n\t\t<\/div>\n\t\n\t\n\t\t\t<div class=\"recipe-card-video no-print\">\n\t\t\t<h3 class=\"video-title\">V\u00eddeo<\/h3>\n\t\t\t<iframe title=\"P\u00e9 de Moleque Fitness\" width=\"500\" height=\"281\" src=\"https:\/\/www.youtube.com\/embed\/jP6iLrrI0Ug?feature=oembed\" frameborder=\"0\" allow=\"accelerometer; autoplay; clipboard-write; encrypted-media; gyroscope; picture-in-picture; web-share\" referrerpolicy=\"strict-origin-when-cross-origin\" allowfullscreen><\/iframe>\t\t<\/div>\n\t\n\t\n\t\n\t\n\t\n\t\n\t\t\t\n\t\t\n\t\t\t\t\n\t\t\n\t\t\t<script type=\"application\/ld+json\">{\"@context\":\"https:\\\/\\\/schema.org\",\"@type\":\"Recipe\",\"name\":\"P\\u00e9 de moleque \",\"image\":[\"https:\\\/\\\/www.smartfit.com.br\\\/news\\\/wp-content\\\/uploads\\\/2022\\\/08\\\/pe-de-moloque_fitness-blog-e1661877955300.jpg\",\"https:\\\/\\\/www.smartfit.com.br\\\/news\\\/wp-content\\\/uploads\\\/2022\\\/08\\\/pe-de-moloque_fitness-blog-e1661877955300-500x500.jpg\",\"https:\\\/\\\/www.smartfit.com.br\\\/news\\\/wp-content\\\/uploads\\\/2022\\\/08\\\/pe-de-moloque_fitness-blog-e1661877955300-500x375.jpg\",\"https:\\\/\\\/www.smartfit.com.br\\\/news\\\/wp-content\\\/uploads\\\/2022\\\/08\\\/pe-de-moloque_fitness-blog-e1661877955300-480x270.jpg\"],\"description\":\"Essa receita de p\\u00e9 de moleque mais saud\\u00e1vel para voc\\u00ea comer e n\\u00e3o sair da sua dieta.\",\"keywords\":[\"sem culpa\"],\"author\":{\"@type\":\"Person\",\"name\":\"Caroline\"},\"datePublished\":\"2022-06-20T18:35:46-03:00\",\"prepTime\":\"PT10M\",\"cookTime\":\"PT20M\",\"totalTime\":\"PT30M\",\"recipeCategory\":[\"Sem Culpa\"],\"recipeCuisine\":[\"Lanche da tarde\"],\"recipeYield\":[\"6\",\"6 por\\u00e7\\u00f5es\"],\"nutrition\":{\"@type\":\"NutritionInformation\",\"calories\":\"240 cal\"},\"recipeIngredient\":[\"1 x\\u00edcara de ch\\u00e1 de amendoim torrado sem pele e sem sal para a base do p\\u00e9 de moleque\",\"4 colheres de sopa de a\\u00e7\\u00facar demerara\",\"2 colheres de sopa de mel ou melado\",\"2 colheres de sopa de semente de ab\\u00f3bora ou girassol\"],\"recipeInstructions\":[{\"@type\":\"HowToStep\",\"name\":\"Em uma panela coloque o mel e o a\\u00e7\\u00facar e mexa at\\u00e9 virar uma calda, sempre em fogo baixo. Quando o a\\u00e7\\u00facar derreter e a calda atingir a cor de um ch\\u00e1 escuro coloque o amendoim e a semente de girassol. Mexa, ainda em fogo baixo por 10 minutos at\\u00e9 tudo estiver bem incorporado.\",\"text\":\"Em uma panela coloque o mel e o a\\u00e7\\u00facar e mexa at\\u00e9 virar uma calda, sempre em fogo baixo. Quando o a\\u00e7\\u00facar derreter e a calda atingir a cor de um ch\\u00e1 escuro coloque o amendoim e a semente de girassol. Mexa, ainda em fogo baixo por 10 minutos at\\u00e9 tudo estiver bem incorporado.\",\"url\":\"https:\\\/\\\/www.smartfit.com.br\\\/news\\\/nutricao\\\/pe-de-moleque-fitness-para-nao-sair-da-dieta\\\/#wpzoom-rcb-direction-step-62b0dcf823626\",\"image\":\"https:\\\/\\\/www.smartfit.com.br\\\/news\\\/wp-content\\\/uploads\\\/2022\\\/07\\\/mexa-tudo-2-750x422.png\"},{\"@type\":\"HowToStep\",\"name\":\"Unte uma assadeira com manteiga ou \\u00f3leo de coco e coloque a mistura do amendoim. Com um peda\\u00e7o de pl\\u00e1stico filme pressione bem, em seguida leve para a geladeira por\\u00a0 20 min.\",\"text\":\"Unte uma assadeira com manteiga ou \\u00f3leo de coco e coloque a mistura do amendoim. Com um peda\\u00e7o de pl\\u00e1stico filme pressione bem, em seguida leve para a geladeira por\\u00a0 20 min.\",\"url\":\"https:\\\/\\\/www.smartfit.com.br\\\/news\\\/nutricao\\\/pe-de-moleque-fitness-para-nao-sair-da-dieta\\\/#wpzoom-rcb-direction-step-62b0dcf823627\",\"image\":\"https:\\\/\\\/www.smartfit.com.br\\\/news\\\/wp-content\\\/uploads\\\/2022\\\/07\\\/coloque-no-refratario-750x422.png\"},{\"@type\":\"HowToStep\",\"name\":\"Retire da assadeira, corte em quadrados ou sirva em peda\\u00e7os quebrados.\",\"text\":\"Retire da assadeira, corte em quadrados ou sirva em peda\\u00e7os quebrados.\",\"url\":\"https:\\\/\\\/www.smartfit.com.br\\\/news\\\/nutricao\\\/pe-de-moleque-fitness-para-nao-sair-da-dieta\\\/#wpzoom-rcb-direction-step-62b0dcf823628\",\"image\":\"https:\\\/\\\/www.smartfit.com.br\\\/news\\\/wp-content\\\/uploads\\\/2022\\\/07\\\/corte-em-cubos-750x422.png\"}],\"aggregateRating\":{\"@type\":\"AggregateRating\",\"ratingValue\":\"5.0\",\"reviewCount\":1},\"video\":{\"@type\":\"VideoObject\",\"name\":\"P\\u00e9 de moleque \",\"description\":\"Essa receita de p\\u00e9 de moleque mais saud\\u00e1vel para voc\\u00ea comer e n\\u00e3o sair da sua dieta.\",\"thumbnailUrl\":[\"https:\\\/\\\/www.smartfit.com.br\\\/news\\\/wp-content\\\/uploads\\\/2022\\\/08\\\/pe-de-moloque_fitness-blog-e1661877955300.jpg\",\"https:\\\/\\\/www.smartfit.com.br\\\/news\\\/wp-content\\\/uploads\\\/2022\\\/08\\\/pe-de-moloque_fitness-blog-e1661877955300-500x500.jpg\",\"https:\\\/\\\/www.smartfit.com.br\\\/news\\\/wp-content\\\/uploads\\\/2022\\\/08\\\/pe-de-moloque_fitness-blog-e1661877955300-500x375.jpg\",\"https:\\\/\\\/www.smartfit.com.br\\\/news\\\/wp-content\\\/uploads\\\/2022\\\/08\\\/pe-de-moloque_fitness-blog-e1661877955300-480x270.jpg\"],\"contentUrl\":\"https:\\\/\\\/youtu.be\\\/jP6iLrrI0Ug\",\"embedUrl\":\"https:\\\/\\\/youtu.be\\\/jP6iLrrI0Ug\",\"uploadDate\":\"2022-06-20T18:35:46-03:00\",\"duration\":\"\"}}<\/script>\n\t<\/div><!-- \/.wp-block-wpzoom-recipe-card-block-recipe-card -->\n\n<style id=\"wpzoom-rcb-block-template-default-inline-css\" type=\"text\/css\">\n\t.wp-block-wpzoom-recipe-card-block-recipe-card.is-style-default .recipe-card-image .wpzoom-recipe-card-print-link .btn-print-link {\n                background-color: #F2A123;\n            }\n.wp-block-wpzoom-recipe-card-block-recipe-card.is-style-default .details-items .detail-item .detail-item-icon {\n                color: #F2A123;\n            }\n<\/style>\n\n\n\n<div class=\"wp-block-buttons is-content-justification-center is-layout-flex wp-container-core-buttons-is-layout-16018d1d wp-block-buttons-is-layout-flex\">\n<div class=\"wp-block-button\"><a class=\"wp-block-button__link wp-element-button\" href=\"https:\/\/www.smartfit.com.br\/academias?utm_source=EGM&amp;utm_medium=BLOG&amp;utm_campaign=SFBR20260109_AQS_NEWS-NUTRI_W02\">Vem treinar na Smart Fit<\/a><\/div>\n<\/div>\n\n\n\n<div style=\"height:40px\" aria-hidden=\"true\" class=\"wp-block-spacer\"><\/div>\n\n\n\n<p>A receita que deu origem ao p\u00e9 de moleque chegou \u00e0 Europa na Idade M\u00e9dia, levada pelos \u00e1rabes em suas incurs\u00f5es \u00e0 Pen\u00ednsula It\u00e1lica e \u00e0 Pen\u00ednsula Ib\u00e9rica.<\/p>\n\n\n\n<p>Aqui no Brasil esse doce \u00e9 especialmente consumido nas t\u00edpicas festas juninas. O amendoim \u00e9 presente nos festejos em homenagem a S\u00e3o Jo\u00e3o e Santo Ant\u00f4nio e por esse motivo que o p\u00e9 de moleque foi inclu\u00eddo no card\u00e1pio.<\/p>\n\n\n\n<div class=\"square_banner\" style=\"width:300px;margin: 20px auto\">      <a href=\"https:\/\/nutri.smartfit.com.br\/?utm_campaign=1409&amp;utm_medium=square_banner_hipertrofia&amp;utm_source=news\" target=\"_blank\" rel=\"noopener\"><img decoding=\"async\" src=\"https:\/\/www.smartfit.com.br\/news\/wp-content\/uploads\/2020\/04\/hipertrofia.gif\">      <\/a>    <\/div>\n\n\n\n<p>N\u00e3o h\u00e1 nenhuma lei que diga que o p\u00e9 de moleque n\u00e3o pode faltar, mas seria um crime n\u00e3o o ter para degusta\u00e7\u00e3o e consumo.<\/p>\n\n\n\n<h2 class=\"wp-block-heading\"><strong>P\u00e9 de moleque na dieta<\/strong><\/h2>\n\n\n\n<p>A fabrica\u00e7\u00e3o tradicional do doce aqui no Brasil, se d\u00e1 atrav\u00e9s da mistura de amendoins torrados e mo\u00eddos, misturados a uma rapadura previamente derretida.<\/p>\n\n\n\n<p>Mas convenhamos que por ser s\u00f3 feito de a\u00e7\u00facar e amendoim, a receita tradicional \u00e9 bem cal\u00f3rica.<\/p>\n\n\n\n<p>Pensando nisso, trouxemos hoje essa receita de p\u00e9 de moleque saud\u00e1vel para voc\u00ea poder consumir na sua <a href=\"https:\/\/www.smartfit.com.br\/news\/nutricao\/dieta-para-emagrecimento-com-qualidade-nutricional\/\">dieta<\/a> e n\u00e3o estragar seus resultados.<\/p>\n\n\n\n<p>Al\u00e9m disso, por conter semente de ab\u00f3bora na prepara\u00e7\u00e3o, tamb\u00e9m agrega benef\u00edcios em fun\u00e7\u00e3o das fibras e nutrientes importantes para o corpo.<\/p>\n\n\n\n<p>O <a href=\"https:\/\/www.solufition.com.br\/amendoim-grao-cru-tabela-nutricional-taco#tabela\">amendoim<\/a> representa uma grande quantidade de prote\u00edna vegetal. Possui gorduras do bem, como o \u00f4mega 6 e 9, que s\u00e3o presentes exclusivamente em oleaginosas.<\/p>\n\n\n\n<h3 class=\"wp-block-heading\"><strong>O principal ingrediente do p\u00e9 de moleque<\/strong><\/h3>\n\n\n\n<p>Por ser rico em vitaminas, minerais e possuir a\u00e7\u00e3o antioxidante, ele ajuda na preven\u00e7\u00e3o de algumas doen\u00e7as cr\u00f4nicas, como obesidade, diabetes e dislipidemia.<\/p>\n\n\n\n<p>Possui uma boa quantidade de fibras que ajuda a controlar o peso, pois garante que a sensa\u00e7\u00e3o de saciedade dure mais tempo, diminuindo a fome.<\/p>\n\n\n\n<p>No entanto, para ajudar no emagrecimento, o amendoim precisa ser consumido na quantidade adequada de acordo com sua dieta.<\/p>\n\n\n\n<p>Por ser rico em prote\u00ednas vegetais \u00e9 ben\u00e9fico para o desenvolvimento muscular, o amendoim tamb\u00e9m promove a recupera\u00e7\u00e3o e desenvolvimento muscular.<\/p>\n\n\n\n<p>A melhor forma de ingest\u00e3o do amendoim s\u00e3o op\u00e7\u00f5es in natura, ou minimamente processadas, com ou sem casca.<\/p>\n\n\n\n<p>Esse cuidado \u00e9 necess\u00e1rio porque os amendoins ultra-apressados, geralmente, levam em sua lista de ingredientes gorduras saturadas e hidrogenadas, prejudiciais \u00e0s art\u00e9rias do cora\u00e7\u00e3o.<\/p>\n\n\n\n<p>O <a href=\"https:\/\/www.smartfit.com.br\/news\/nutricao\/pacoca-fit-para-comer-sem-culpa-na-festa-junina\/\">amendoim<\/a> \u00e9 vers\u00e1til e vai bem em prepara\u00e7\u00f5es doces e salgadas, podendo entrar na dieta, com modera\u00e7\u00e3o, em v\u00e1rios momentos do dia.<\/p>\n\n\n\n<h3 class=\"wp-block-heading\"><strong>Formas de utilizar o amendoim na dieta<\/strong><\/h3>\n\n\n\n<p>O amendoim cru pode ser consumido em forma de petisco, j\u00e1 que ir\u00e1 garantir todos os seus nutrientes e minerais.<\/p>\n\n\n\n<p>Mas ainda, a melhor maneira de consumi-lo para aproveitar melhor os nutrientes e reduzir os fatores antinutricionais \u00e9 torrado.<\/p>\n\n\n\n<p>O amendoim pode ser usado em forma de farinha ou em pasta para receitas de bolos, biscoitos, prepara\u00e7\u00f5es culin\u00e1rias e receitas.<\/p>\n\n\n\n<p>Podem ser usados para comidas de festa junina doces como a pa\u00e7oca, p\u00e9 de moleque e o ch\u00e1 de amendoim.<\/p>\n\n\n\n<p>O mel \u00e9 rico em antioxidantes e possui propriedades nutritivas, trazendo v\u00e1rios benef\u00edcios para a sa\u00fade.<\/p>\n\n\n\n<h3 class=\"wp-block-heading\"><strong>Benef\u00edcios do mel na dieta<\/strong><\/h3>\n\n\n\n<p>\u00c9 capaz de proteger as c\u00e9lulas do envelhecimento precoce e regular os n\u00edveis de triglicer\u00eddeos e colesterol. Dessa forma, diminui o risco e ac\u00famulo de gordura nas art\u00e9rias e o desenvolvimento de doen\u00e7as card\u00edacas.<\/p>\n\n\n\n<p>No entanto, mesmo com todos esses benef\u00edcios o mel deve ser consumido com modera\u00e7\u00e3o, j\u00e1 que ainda \u00e9 rico em calorias e a\u00e7\u00facar.<\/p>\n\n\n\n<p>E o a\u00e7\u00facar quando excesso pode contribuir para o ganho de peso e desregula\u00e7\u00e3o dos n\u00edveis de a\u00e7\u00facar no sangue.<\/p>\n\n\n\n<p>O mel tamb\u00e9m \u00e9 \u00f3timo para reduzir a inflama\u00e7\u00e3o e incha\u00e7o da garganta e dos pulm\u00f5es, sendo eficiente ainda nos casos de gripe e resfriado, melhorando o sono.<\/p>\n\n\n\n<p>Al\u00e9m disso, pode ser uma \u00f3tima op\u00e7\u00e3o para tratar \u00falceras, feridas e les\u00f5es, pois combate as bact\u00e9rias e ajuda na regenera\u00e7\u00e3o dos tecidos.<\/p>\n\n\n\n<p>Nas receitas o mel pode ser adicionado em sucos, ch\u00e1s, vitaminas, doces, biscoitos ou outras prepara\u00e7\u00f5es culin\u00e1rias.<\/p>\n\n\n\n<p>Na hora de comprar, d\u00ea prefer\u00eancia ao mel puro de cultivo org\u00e2nico, j\u00e1 que o mel industrializado vendido em supermercados costuma ter outros ingredientes, como aditivos e edulcorantes.<\/p>\n\n\n\n<p>Consulte sempre um de&nbsp;<a href=\"https:\/\/nutri.smartfit.com.br\/?utm_campaign=21641&amp;utm_medium=link&amp;utm_source=news\">nossos nutricionistas<\/a>&nbsp;para te ajudar a entender em qual momento melhor consumir o mel na sua dieta.<\/p>\n\n\n\n<p>As sementes de ab\u00f3bora s\u00e3o ricas em \u00f4mega-3, fibras, gorduras boas, antioxidantes e minerais como o ferro e o magn\u00e9sio.<\/p>\n\n\n\n<h3 class=\"wp-block-heading\"><strong>Benef\u00edcios da semente de ab\u00f3bora para a sa\u00fade<\/strong><\/h3>\n\n\n\n<p>Essas sementes podem ser inclu\u00eddas na alimenta\u00e7\u00e3o do dia a dia para melhorar o funcionamento tanto do c\u00e9rebro quanto do cora\u00e7\u00e3o.<\/p>\n\n\n\n<p>As sementes de ab\u00f3bora podem ser consumidas puras, sendo mais comum em saladas, ou utilizadas para o preparo de receitas.<\/p>\n\n\n\n<p>Se voc\u00ea quer aprender a encaixar essa receita na sua dieta, converse com um de nosso nutricionistas do <a href=\"https:\/\/nutri.smartfit.com.br\/?utm_campaign=13804&amp;utm_medium=banner&amp;utm_source=news\">Smart Fit Nutri<\/a> e tenha um plano alimentar personalizado.<\/p>\n\n\n\n<h3 class=\"wp-block-heading\">Dica!<\/h3>\n\n\n\n<h2 class=\"wp-block-heading\">Veja mais: <\/h2>\n\n\n\n<figure class=\"wp-block-gallery has-nested-images columns-default is-cropped wp-block-gallery-1 is-layout-flex wp-block-gallery-is-layout-flex\">\n<figure class=\"wp-block-image size-large\"><a href=\"https:\/\/www.smartfit.com.br\/news\/nutricao\/trufa-de-pasta-de-amendoim-com-cacau\/\"><img loading=\"lazy\" decoding=\"async\" width=\"1280\" height=\"720\" data-id=\"25440\" src=\"https:\/\/www.smartfit.com.br\/news\/wp-content\/uploads\/2022\/05\/trufa-1280x720-1.png\" alt=\"\" class=\"wp-image-25440\" srcset=\"https:\/\/www.smartfit.com.br\/news\/wp-content\/uploads\/2022\/05\/trufa-1280x720-1.png 1280w, https:\/\/www.smartfit.com.br\/news\/wp-content\/uploads\/2022\/05\/trufa-1280x720-1-300x169.png 300w, https:\/\/www.smartfit.com.br\/news\/wp-content\/uploads\/2022\/05\/trufa-1280x720-1-1024x576.png 1024w, https:\/\/www.smartfit.com.br\/news\/wp-content\/uploads\/2022\/05\/trufa-1280x720-1-768x432.png 768w, https:\/\/www.smartfit.com.br\/news\/wp-content\/uploads\/2022\/05\/trufa-1280x720-1-800x450.png 800w, https:\/\/www.smartfit.com.br\/news\/wp-content\/uploads\/2022\/05\/trufa-1280x720-1-750x422.png 750w, https:\/\/www.smartfit.com.br\/news\/wp-content\/uploads\/2022\/05\/trufa-1280x720-1-480x270.png 480w, https:\/\/www.smartfit.com.br\/news\/wp-content\/uploads\/2022\/05\/trufa-1280x720-1-150x84.png 150w\" sizes=\"(max-width: 1280px) 100vw, 1280px\" \/><\/a><figcaption class=\"wp-element-caption\">Trufa de pasta de amendoim sem lactose fit<\/figcaption><\/figure>\n\n\n\n<figure class=\"wp-block-image size-large\"><a href=\"https:\/\/www.smartfit.com.br\/news\/nutricao\/bolo-de-chocolate-proteico-e-saudavel-para-incluir-na-dieta\/\"><img loading=\"lazy\" decoding=\"async\" width=\"1440\" height=\"790\" data-id=\"8898\" src=\"https:\/\/www.smartfit.com.br\/news\/wp-content\/uploads\/2020\/04\/receita-sem-farinha.jpg\" alt=\"Bolo de chocolate sem farinha\" class=\"wp-image-8898\" \/><\/a><figcaption class=\"wp-element-caption\">Bolo de chocolate proteico<\/figcaption><\/figure>\n\n\n\n<figure class=\"wp-block-image size-large\"><a href=\"https:\/\/www.smartfit.com.br\/news\/nutricao\/5-motivos-para-procurar-um-nutricionista\/\"><img loading=\"lazy\" decoding=\"async\" width=\"1440\" height=\"790\" data-id=\"9409\" src=\"https:\/\/www.smartfit.com.br\/news\/wp-content\/uploads\/2020\/07\/nutricionista-online.jpg\" alt=\"nutricionista-online\" class=\"wp-image-9409\" \/><\/a><figcaption class=\"wp-element-caption\">Por que agendar uma consulta com nutricionista? O Smart Fit Nutri te conta!<\/figcaption><\/figure>\n<\/figure>\n\n\n<p><!-- \/wp:post-content --><!-- \/wp:paragraph --><!-- \/wp:paragraph --><!-- \/wp:paragraph --><\/p>","protected":false},"excerpt":{"rendered":"<p>P\u00e9 de moleque n\u00e3o pode faltar na festa junina, n\u00e9?<br \/>\nEssa receita tem um preparo em uma vers\u00e3o saud\u00e1vel, para voc\u00ea comer e n\u00e3o sair da sua dieta.<\/p>\n","protected":false},"author":6,"featured_media":0,"comment_status":"closed","ping_status":"closed","sticky":false,"template":"","format":"standard","meta":{"footnotes":""},"categories":[1246],"tags":[567],"class_list":["post-1409","post","type-post","status-publish","format-standard","hentry","category-nutricao","tag-hipertrofia"],"acf":{"banner_imagem":25830,"banner_link":"https:\/\/nutri.smartfit.com.br\/?utm_campaign=1409&amp;utm_medium=banner_25830&amp;utm_source=news","banner_target":"_blank","cta":{"label":"QUERO AUMENTAR MASSA MUSCULAR","link":"https:\/\/nutri.smartfit.com.br\/?utm_campaign=1409&amp;utm_medium=cta_quero_aumentar_massa_muscular&amp;utm_source=news","target":"_blank"},"image_thumb_horizontal":26597,"image_thumb_vertical":26598,"image_carrosel":26599},"aioseo_notices":[],"thumbnail_url":"https:\/\/www.smartfit.com.br\/news\/wp-content\/uploads\/2020\/04\/hipertrofia.gif","_links":{"self":[{"href":"https:\/\/www.smartfit.com.br\/news\/wp-json\/wp\/v2\/posts\/1409","targetHints":{"allow":["GET"]}}],"collection":[{"href":"https:\/\/www.smartfit.com.br\/news\/wp-json\/wp\/v2\/posts"}],"about":[{"href":"https:\/\/www.smartfit.com.br\/news\/wp-json\/wp\/v2\/types\/post"}],"author":[{"embeddable":true,"href":"https:\/\/www.smartfit.com.br\/news\/wp-json\/wp\/v2\/users\/6"}],"replies":[{"embeddable":true,"href":"https:\/\/www.smartfit.com.br\/news\/wp-json\/wp\/v2\/comments?post=1409"}],"version-history":[{"count":32,"href":"https:\/\/www.smartfit.com.br\/news\/wp-json\/wp\/v2\/posts\/1409\/revisions"}],"predecessor-version":[{"id":45364,"href":"https:\/\/www.smartfit.com.br\/news\/wp-json\/wp\/v2\/posts\/1409\/revisions\/45364"}],"wp:attachment":[{"href":"https:\/\/www.smartfit.com.br\/news\/wp-json\/wp\/v2\/media?parent=1409"}],"wp:term":[{"taxonomy":"category","embeddable":true,"href":"https:\/\/www.smartfit.com.br\/news\/wp-json\/wp\/v2\/categories?post=1409"},{"taxonomy":"post_tag","embeddable":true,"href":"https:\/\/www.smartfit.com.br\/news\/wp-json\/wp\/v2\/tags?post=1409"}],"curies":[{"name":"wp","href":"https:\/\/api.w.org\/{rel}","templated":true}]}}