{"id":13645,"date":"2021-01-15T08:36:00","date_gmt":"2021-01-15T11:36:00","guid":{"rendered":"https:\/\/www.smartfit.com.br\/news\/?p=13645"},"modified":"2021-02-08T14:00:01","modified_gmt":"2021-02-08T17:00:01","slug":"as-cores-da-pantone-para-2021","status":"publish","type":"post","link":"https:\/\/www.smartfit.com.br\/news\/academia\/as-cores-da-pantone-para-2021\/","title":{"rendered":"As cores da Pantone para 2021"},"content":{"rendered":"\n<p>Voc\u00ea deve ter visto por a\u00ed: a <a href=\"https:\/\/www.pantone.com.br\/cor-do-ano-2021\/\" target=\"_blank\" rel=\"noreferrer noopener nofollow\">Pantone<\/a> &#8211; a ag\u00eancia que estabelece uma linguagem universal de cores para as ind\u00fastrias de design &#8211; escolheu dois tons complementares como &#8220;a cor do ano 2021&#8221;: PANTONE\u00ae 17-5104 Ultimate Gray (um cinza pr\u00f3ximo do cimento) e PANTONE\u00ae 13-0647 Illuminating (um amarelo ensolarado).<\/p>\n\n\n\n<p>\u201cPr\u00e1tica e s\u00f3lida como uma rocha, mas ao mesmo tempo calorosa e otimista, esta \u00e9 uma combina\u00e7\u00e3o de cores que nos d\u00e1 resili\u00eancia e esperan\u00e7a\u201d, explicou a diretora executiva do Pantone Color Institute, Leatrice Eiseman, em um <a href=\"https:\/\/www.pantone.com.br\/cor-do-ano-2021\/\" target=\"_blank\" rel=\"noreferrer noopener nofollow\">comunicado<\/a>. \u201cPrecisamos nos sentir encorajados e encantados, isso \u00e9 essencial para o esp\u00edrito humano.\u201d Os tons de cinza e amarelo j\u00e1 come\u00e7aram a colorir as novas cole\u00e7\u00f5es de m\u00f3veis, acess\u00f3rios, objetos e produtos de moda e\u2026 as <strong>academias Smart Fit<\/strong>.<\/p>\n\n\n\n<div class=\"wp-block-image\"><figure class=\"aligncenter size-large\"><img fetchpriority=\"high\" decoding=\"async\" width=\"620\" height=\"350\" src=\"https:\/\/www.smartfit.com.br\/news\/wp-content\/uploads\/2021\/01\/1.jpg\" alt=\"Cores da Pantone para 2021\" class=\"wp-image-13646\" srcset=\"https:\/\/www.smartfit.com.br\/news\/wp-content\/uploads\/2021\/01\/1.jpg 620w, https:\/\/www.smartfit.com.br\/news\/wp-content\/uploads\/2021\/01\/1-300x169.jpg 300w\" sizes=\"(max-width: 620px) 100vw, 620px\" \/><figcaption>Foto: <a href=\"https:\/\/www.pantone.com.br\/cor-do-ano-2021\/\" target=\"_blank\" rel=\"noreferrer noopener nofollow\">reprodu\u00e7\u00e3o Pantone<\/a><\/figcaption><\/figure><\/div>\n\n\n\n<h2 class=\"wp-block-heading\">Continue por aqui \ud83d\ude42<\/h2>\n\n\n\n<ul class=\"wp-block-list\"><li>Neste texto, damos <a href=\"https:\/\/www.smartfit.com.br\/news\/saude\/3-dicas-ano-novo-de-bem-com-voce-mesmo\/\">3 dicas para entrar em 2021 de bem com voc\u00ea mesmo<\/a>.<\/li><li>Neste outro, investigamos <a href=\"https:\/\/www.smartfit.com.br\/news\/saude\/4-motivos-para-continuar-se-movimentando\/\">motivos para voc\u00ea continuar se movimentando, seja em casa ou na academia<\/a>. <\/li><li>Para finalizar, voc\u00ea precisa conhecer <a href=\"https:\/\/www.smartfit.com.br\/news\/academia\/smart-fit-go\/\">o Smart Fit Go, \u00e1rea exclusiva de treinos no app da Smart Fit<\/a>.<\/li><\/ul>\n","protected":false},"excerpt":{"rendered":"<p>O cinza \u2018Ultimate Gray\u2019 e o amarelo \u2018Illuminating\u2019 trazem uma mensagem positiva para o ano<\/p>\n","protected":false},"author":1,"featured_media":13647,"comment_status":"open","ping_status":"open","sticky":false,"template":"","format":"standard","meta":{"footnotes":""},"categories":[1301],"tags":[],"class_list":["post-13645","post","type-post","status-publish","format-standard","has-post-thumbnail","hentry","category-academia"],"acf":{"banner_imagem":"","banner_link":"","banner_target":"_blank","cta":{"label":"","link":"","target":"_blank"},"image_thumb_horizontal":null,"image_thumb_vertical":null,"image_carrosel":null},"aioseo_notices":[],"thumbnail_url":"https:\/\/www.smartfit.com.br\/news\/wp-content\/uploads\/2021\/01\/cores-da-pantone.jpg","_links":{"self":[{"href":"https:\/\/www.smartfit.com.br\/news\/wp-json\/wp\/v2\/posts\/13645","targetHints":{"allow":["GET"]}}],"collection":[{"href":"https:\/\/www.smartfit.com.br\/news\/wp-json\/wp\/v2\/posts"}],"about":[{"href":"https:\/\/www.smartfit.com.br\/news\/wp-json\/wp\/v2\/types\/post"}],"author":[{"embeddable":true,"href":"https:\/\/www.smartfit.com.br\/news\/wp-json\/wp\/v2\/users\/1"}],"replies":[{"embeddable":true,"href":"https:\/\/www.smartfit.com.br\/news\/wp-json\/wp\/v2\/comments?post=13645"}],"version-history":[{"count":5,"href":"https:\/\/www.smartfit.com.br\/news\/wp-json\/wp\/v2\/posts\/13645\/revisions"}],"predecessor-version":[{"id":13979,"href":"https:\/\/www.smartfit.com.br\/news\/wp-json\/wp\/v2\/posts\/13645\/revisions\/13979"}],"wp:featuredmedia":[{"embeddable":true,"href":"https:\/\/www.smartfit.com.br\/news\/wp-json\/wp\/v2\/media\/13647"}],"wp:attachment":[{"href":"https:\/\/www.smartfit.com.br\/news\/wp-json\/wp\/v2\/media?parent=13645"}],"wp:term":[{"taxonomy":"category","embeddable":true,"href":"https:\/\/www.smartfit.com.br\/news\/wp-json\/wp\/v2\/categories?post=13645"},{"taxonomy":"post_tag","embeddable":true,"href":"https:\/\/www.smartfit.com.br\/news\/wp-json\/wp\/v2\/tags?post=13645"}],"curies":[{"name":"wp","href":"https:\/\/api.w.org\/{rel}","templated":true}]}}