{"id":12057,"date":"2020-10-26T12:03:58","date_gmt":"2020-10-26T15:03:58","guid":{"rendered":"https:\/\/www.smartfit.com.br\/news\/?p=12057"},"modified":"2025-07-23T10:27:57","modified_gmt":"2025-07-23T13:27:57","slug":"cancer-de-mama","status":"publish","type":"post","link":"https:\/\/www.smartfit.com.br\/news\/saude\/cancer-de-mama\/","title":{"rendered":"C\u00e2ncer de mama: causas, sintomas e diagn\u00f3stico precoce"},"content":{"rendered":"\n<p>O c\u00e2ncer da mama \u00e9 o que mais afeta as mulheres no Brasil e no mundo. A estimativa do <a href=\"https:\/\/www.gov.br\/inca%EF%BF%BD\/pt-br\"><strong>Instituto Nacional de C\u00e2ncer (INCA)<\/strong><\/a> \u00e9 de 66.280 novos casos para cada ano de 2020 at\u00e9 2022.&nbsp;<\/p>\n\n\n\n<p>Dessa forma, falar sobre ele \u00e9 essencial para lembrar a import\u00e2ncia do diagn\u00f3stico precoce, que aumenta as chances de cura, e ajudar a promover uma vida mais saud\u00e1vel.&nbsp;<\/p>\n\n\n\n<p>\u00c9 por isso que estamos aqui: se voc\u00ea est\u00e1 buscando informa\u00e7\u00f5es sobre a doen\u00e7a, acompanhe nos pr\u00f3ximos t\u00f3picos alguns conceitos b\u00e1sicos.<\/p>\n\n\n\n<h2 class=\"wp-block-heading\"><strong>O que \u00e9 o c\u00e2ncer de mama<\/strong><\/h2>\n\n\n\n<p>O c\u00e2ncer de mama \u00e9 uma doen\u00e7a causada pela multiplica\u00e7\u00e3o desordenada de c\u00e9lulas da mama, o que resulta em c\u00e9lulas anormais que tamb\u00e9m se reproduzem e formam tumores.<\/p>\n\n\n\n<p>Antes de mais nada, \u00e9 importante entender que existem dois tipo de tumores: benigno e maligno.&nbsp;<\/p>\n\n\n\n<p>Nos casos em que ele \u00e9 incapaz de invadir outros tipos de tecidos e \u00f3rg\u00e3os, o tumor \u00e9 considerado benigno e, por isso, n\u00e3o canceroso. Mas quando ele pode se alastrar, nesse caso, o tumor \u00e9 considerado maligno e canceroso.&nbsp;<\/p>\n\n\n\n<p>Dessa forma, o termo c\u00e2ncer de mama refere-se a um tumor maligno que se desenvolveu a partir de c\u00e9lulas na mama.<\/p>\n\n\n\n<h2 class=\"wp-block-heading\"><strong>O que causa c\u00e2ncer de mama<\/strong><\/h2>\n\n\n\n<p>Sabe-se que o c\u00e2ncer de mama n\u00e3o tem uma causa \u00fanica, explica Solange Moraes Sanches, vice-l\u00edder do Centro de Refer\u00eancia em Tumores da Mama do A.C.Camargo Cancer Center: \u201cO simples fato de voc\u00ea ser mulher e envelhecer j\u00e1 \u00e9 um risco\u201d.&nbsp;<\/p>\n\n\n\n<p>Isso porque a idade conta contra: de modo geral, o ac\u00famulo de exposi\u00e7\u00f5es ao longo da vida e as pr\u00f3prias altera\u00e7\u00f5es biol\u00f3gicas trazidas pelo envelhecimento aumentam o risco da doen\u00e7a,&nbsp; n\u00e3o \u00e9 \u00e0 toa que cerca de 4 em cada 5 casos da doen\u00e7a ocorram em mulheres com 50 anos ou mais.<\/p>\n\n\n\n<p>De acordo com colaboradores do <a href=\"https:\/\/www.wcrf.org\/\">World Cancer Research Fund (WCRF),<\/a> h\u00e1 v\u00e1rios fatores de risco para o desenvolvimento da doen\u00e7a.&nbsp;<\/p>\n\n\n\n<p>A maioria deles est\u00e1 associada a agentes ambientais, comportamentais, hist\u00f3rico reprodutivo e hormonal, al\u00e9m de gen\u00e9ticos e heredit\u00e1rios.<\/p>\n\n\n\n<h3 class=\"wp-block-heading\"><strong>Obesidade e sobrepeso<\/strong><\/h3>\n\n\n\n<p>Em um estudo feito pelos pesquisadores da Universidade de Friburgo, na Su\u00ed\u00e7a, relatam que as <a href=\"https:\/\/www.smartfit.com.br\/news\/saude\/o-que-e-obesidade-e-como-evitar\/\"><strong>pacientes com obesidade<\/strong><\/a> est\u00e3o mais propensas a apresentar met\u00e1stases.&nbsp;<\/p>\n\n\n\n<p>As <a href=\"https:\/\/www.smartfit.com.br\/news\/saude\/obesidade-aumenta-risco-de-morte-por-covid-19\/\"><strong>complica\u00e7\u00f5es derivadas da obesidade<\/strong><\/a> \u2013 que incluem inflama\u00e7\u00e3o, resist\u00eancia \u00e0 insulina e hiperglicemia \u2013 j\u00e1 s\u00e3o conhecidas, se n\u00e3o como potenciais causadoras, ao menos como contribuintes para o aumento do risco e progress\u00e3o do c\u00e2ncer de mama. E essa associa\u00e7\u00e3o em \u00e9 ainda mais clara em pacientes na p\u00f3s-menopausa.<\/p>\n\n\n\n<p>A obesidade tamb\u00e9m est\u00e1 diretamente relacionada ao aumento de horm\u00f4nios como estrog\u00eanio e insulina, que favorecem o crescimento celular desordenado. Por isso, manter um peso corporal saud\u00e1vel com o aux\u00edlio da pr\u00e1tica regular de<a href=\"https:\/\/www.smartfit.com.br\/news\/saude\/exercicio-fisico-e-cancer-de-mama\/\"> exerc\u00edcio f\u00edsico na preven\u00e7\u00e3o do c\u00e2ncer de mama<\/a> se torna uma das estrat\u00e9gias mais eficazes na redu\u00e7\u00e3o de risco.<\/p>\n\n\n\n<h3 class=\"wp-block-heading\"><strong>Sedentarismo<\/strong><\/h3>\n\n\n\n<p>Uma pesquisa brasileira publicada na revista <a href=\"https:\/\/www.nature.com\/\"><strong>Nature<\/strong><\/a> abordou a rela\u00e7\u00e3o entre a falta de atividade f\u00edsica e o c\u00e2ncer de mama. Os dados mostram que o sedentarismo foi respons\u00e1vel por pelo menos 12% das mortes causadas pela doen\u00e7a no Brasil, entre 1990 e 2015. Embora outros fatores de risco (como consumo de \u00e1lcool, sobrepeso e dieta rica em a\u00e7\u00facar) tenham parte nesse \u00edndice de mortalidade, a falta de exerc\u00edcios foi o principal causador.<\/p>\n\n\n\n<p>Al\u00e9m disso, o <a href=\"https:\/\/www.smartfit.com.br\/news\/saude\/como-evitar-o-sedentarismo\/\"><strong>sedentarismo<\/strong><\/a> est\u00e1 ligado a altera\u00e7\u00f5es metab\u00f3licas, aumento da inflama\u00e7\u00e3o e disfun\u00e7\u00e3o hormonal. Mulheres que mant\u00eam uma rotina ativa, mesmo sem serem atletas, colhem benef\u00edcios consistentes. Caminhadas regulares ou atividades leves, feitas por pelo menos 150 minutos por semana, reduzem significativamente os riscos, como mostram os dados que associam<a href=\"https:\/\/www.smartfit.com.br\/news\/saude\/exercicio-fisico-e-cancer-de-mama\/\"> atividade f\u00edsica e c\u00e2ncer de mama<\/a>.<\/p>\n\n\n\n<h3 class=\"wp-block-heading\"><strong>Consumo de \u00e1lcool<\/strong><\/h3>\n\n\n\n<p>E aqui, vale destacar, estamos falando de consumo leve e moderado. Cientistas da Escola de Sa\u00fade P\u00fablica de Harvard e do Hospital da Mulher de Brigham, em Boston, nos Estados Unidos, avaliaram o risco de c\u00e2ncer associado ao consumo de \u00e1lcool. O resultado demonstrou que at\u00e9 uma dose por dia pode contribuir para um risco 13% maior de uma mulher desenvolver c\u00e2ncer, principalmente o c\u00e2ncer de mama.<\/p>\n\n\n\n<h3 class=\"wp-block-heading\"><strong>Exposi\u00e7\u00e3o hormonal prolongada<\/strong><\/h3>\n\n\n\n<p>O excesso de horm\u00f4nios femininos no corpo pode causar c\u00e2ncer de mama, especialmente em mulheres mais velhas. Nesse caso, o risco est\u00e1 relacionado, principalmente, ao horm\u00f4nio estrog\u00eanio: primeira menstrua\u00e7\u00e3o antes dos 12 anos, menopausa depois dos 55 anos e primeira gravidez ap\u00f3s os 30 anos, entre outros.<\/p>\n\n\n\n<p>A rela\u00e7\u00e3o entre o uso da p\u00edlula anticoncepcional e o c\u00e2ncer de mama ainda \u00e9 bastante controversa e a maior parte dos estudos apresenta resultados conflitantes. \u201cAlguns sugerem que os anticoncepcionais est\u00e3o associados a um aumento do risco, por\u00e9m isso pode variar de acordo com a formula\u00e7\u00e3o utilizada\u201d, explica Marcelo Bello, mastologista e Diretor do Hospital do C\u00e2ncer III, unidade dedicada ao tratamento de c\u00e2ncer de mama do INCA.<\/p>\n\n\n\n<h3 class=\"wp-block-heading\"><strong>Fatores gen\u00e9ticos<\/strong><\/h3>\n\n\n\n<p>Os fatores gen\u00e9ticos e heredit\u00e1rios est\u00e3o relacionados \u00e0 presen\u00e7a de muta\u00e7\u00f5es em determinados genes. O sinal de alerta apita em casos de c\u00e2ncer de mama em parentes de primeiro grau e\/ou pelo menos um caso de c\u00e2ncer de ov\u00e1rio.&nbsp;<\/p>\n\n\n\n<p>Casos de c\u00e2ncer de mama em homens tamb\u00e9m elevam o risco. \u201cSomente 10% dos tumores de mama t\u00eam origem gen\u00e9tica. Mesmo assim, \u00e9 importante voc\u00ea saber sobre seu hist\u00f3rico familiar\u201d, diz Solange Moraes Sanches.<\/p>\n\n\n\n<h2 class=\"wp-block-heading\"><strong>Como prevenir o c\u00e2ncer de mama<\/strong><\/h2>\n\n\n\n<p>De modo geral, a preven\u00e7\u00e3o baseia-se no controle dos fatores de risco e no est\u00edmulo aos fatores protetores. Estima-se que a combina\u00e7\u00e3o de <a href=\"https:\/\/www.smartfit.com.br\/news\/nutricao\/como-comer-bem-lista-perfeita-e-o-que-evitar\/\"><strong>boa alimenta\u00e7\u00e3o<\/strong><\/a> e <a href=\"https:\/\/www.smartfit.com.br\/news\/fitness\/como-comecar-a-treinar\/\"><strong>atividade f\u00edsica<\/strong><\/a> reduza em at\u00e9 o risco de a mulher desenvolver c\u00e2ncer de mama.<\/p>\n\n\n\n<p>Al\u00e9m disso, alguns<a href=\"https:\/\/www.smartfit.com.br\/news\/nutricao\/alimentos-para-prevenir-cancer-de-mama\/\"> alimentos que ajudam a prevenir o c\u00e2ncer de mama<\/a> oferecem nutrientes com a\u00e7\u00e3o antioxidante e anti-inflamat\u00f3ria, que auxiliam o organismo na prote\u00e7\u00e3o celular. Manter h\u00e1bitos saud\u00e1veis \u00e9 uma forma concreta de preven\u00e7\u00e3o.<\/p>\n\n\n\n<h2 class=\"wp-block-heading\"><strong>Sintomas mais comuns da doen\u00e7a<\/strong><\/h2>\n\n\n\n<p>S\u00e3o sinais de que algo n\u00e3o vai bem:<\/p>\n\n\n\n<ul class=\"wp-block-list\">\n<li>A presen\u00e7a de caro\u00e7os na regi\u00e3o da mama;<br><\/li>\n\n\n\n<li>Secre\u00e7\u00f5es no mamilo;<br><\/li>\n\n\n\n<li>Pele enrugada e enrijecida;<br><\/li>\n\n\n\n<li>Vermelhid\u00e3o, feridas e coceiras.<br><\/li>\n<\/ul>\n\n\n\n<h2 class=\"wp-block-heading\"><strong>Diagn\u00f3stico precoce do c\u00e2ncer de mama<\/strong><\/h2>\n\n\n\n<p>Embora o autoexame seja um instrumento valioso para autoconhecimento, ele n\u00e3o deve ser o \u00fanico meio de detec\u00e7\u00e3o da doen\u00e7a. \u201cEle n\u00e3o \u00e9 o suficiente para um diagn\u00f3stico precoce do c\u00e2ncer de mama\u201d, garante Solange Moraes Sanches. \u201cQuando voc\u00ea palpa uma altera\u00e7\u00e3o, seja um n\u00f3dulo, uma retra\u00e7\u00e3o, uma modifica\u00e7\u00e3o de pele, esse tumor j\u00e1 est\u00e1 muito maior do que o que a gente conseguiria detectar em uma mamografia\u201d. Por isso, a visita ao ginecologista e a realiza\u00e7\u00e3o dos exames de rotina s\u00e3o fundamentais.<\/p>\n\n\n\n<p>A mamografia digital \u00e9 o principal m\u00e9todo para o diagn\u00f3stico precoce do c\u00e2ncer de mama. Ela identifica at\u00e9 as les\u00f5es menores, muitas vezes, n\u00e3o palp\u00e1veis. \u00c9 verdade que pode ser um pouco desconfort\u00e1vel, mas a compress\u00e3o melhora a qualidade da imagem, permitindo que os tecidos fiquem totalmente vis\u00edveis. O exame \u00e9 r\u00e1pido e n\u00e3o gera qualquer les\u00e3o na mama \u2013 mesmo as com pr\u00f3teses de silicone.<\/p>\n\n\n\n<p>Diante da constata\u00e7\u00e3o de um n\u00f3dulo suspeito, o pr\u00f3ximo passo \u00e9 a bi\u00f3psia: retira-se um pedacinho dele para a an\u00e1lise de confirma\u00e7\u00e3o ou n\u00e3o do diagn\u00f3stico. Em determinadas situa\u00e7\u00f5es, tamb\u00e9m podem ser solicitados ultrassonografia mam\u00e1ria e resson\u00e2ncia magn\u00e9tica, a fim de complementar a investiga\u00e7\u00e3o.<\/p>\n\n\n\n<h2 class=\"wp-block-heading\"><strong>Quem deve fazer mamografia?<\/strong><\/h2>\n\n\n\n<p>No Brasil, o <strong><a href=\"https:\/\/www.gov.br\/saude\/pt-br\" title=\"\">Minist\u00e9rio da Sa\u00fade<\/a><\/strong> recomenda que mulheres a partir dos 50 fa\u00e7am mamografia a cada dois anos. A <strong><a href=\"https:\/\/femama.org.br\/site\/noticias-recentes\/sociedade-brasileira-de-mastologia-lanca-acao-mamografiaapartirdos40\/?gad_source=1&amp;gad_campaignid=22748562863&amp;gbraid=0AAAAADNp79qJTZ71pnM-orGKYw1pnBWv0&amp;gclid=Cj0KCQjwkILEBhDeARIsAL--pjye-0vmluDP6ccbIqnVFtvhWPjmf4jQ0d6g3D9HmDDDBZlRCWH8dy8aAmU4EALw_wcB\" title=\"\">Sociedade Brasileira de Mastologia<\/a><\/strong>, por sua vez, orienta que o exame seja feito anualmente a partir dos 40 anos.<\/p>\n\n\n\n<h2 class=\"wp-block-heading\"><strong>Tratamento do c\u00e2ncer de mama<\/strong><\/h2>\n\n\n\n<p>Em primeiro lugar, tudo depende do tipo do c\u00e2ncer de mama \u2013 e, acredite, existem muitos \u2013 e do estado de sa\u00fade da paciente. Quimioterapia, radioterapia, cirurgia, a ordem e a combina\u00e7\u00e3o das t\u00e9cnicas depende das caracter\u00edsticas do tumor. <\/p>\n\n\n\n<p>\u201c\u00c9 importante salientar a evolu\u00e7\u00e3o nos tratamentos, como cirurgias menores, sess\u00f5es de radioterapia mais curtas, evolu\u00e7\u00e3o das medica\u00e7\u00f5es e o suporte \u00e0s pacientes para que consigam passar melhor por essa jornada\u201d, ressalta Solange Moraes Sanches.<\/p>\n\n\n\n<p>Por fim, quando o assunto \u00e9 tratamento de c\u00e2ncer de mama, tempo \u00e9 palavra-chave. \u201cSe a doen\u00e7a \u00e9 diagnosticada logo no in\u00edcio, o tratamento tem maior potencial curativo\u201d, lembra Marcelo Bello. Ent\u00e3o, converse com o eu m\u00e9diso e mantenha os seus exames em dia.<\/p>\n\n\n\n<p>Pacientes que j\u00e1 passaram pelo tratamento podem se beneficiar do retorno \u00e0 pr\u00e1tica de atividades f\u00edsicas, que contribuem para o bem-estar e ajudam a reduzir o risco de recidiva. H\u00e1 relatos cl\u00ednicos e estudos que destacam a import\u00e2ncia da<a href=\"https:\/\/www.smartfit.com.br\/news\/academia\/academia-apos-vencer-o-cancer-de-mama\/\"> academia ap\u00f3s vencer o c\u00e2ncer de mama<\/a> como parte do processo de reabilita\u00e7\u00e3o f\u00edsica e emocional.<\/p>\n","protected":false},"excerpt":{"rendered":"<p>Saiba como evitar a doen\u00e7a &#8211; segundo pesquisas &#8211; e a import\u00e2ncia do diagn\u00f3stico precoce para o seu tratamento<\/p>\n","protected":false},"author":1,"featured_media":12146,"comment_status":"open","ping_status":"open","sticky":false,"template":"","format":"standard","meta":{"footnotes":""},"categories":[1244],"tags":[214,757,824,923],"class_list":["post-12057","post","type-post","status-publish","format-standard","has-post-thumbnail","hentry","category-saude","tag-cancer-de-mama","tag-outubro-rosa","tag-prevencao","tag-saude"],"acf":{"banner_imagem":"","banner_link":"","banner_target":"_blank","cta":{"label":"Saiba mais sobre a Smart Fit!","link":"https:\/\/www.smartfit.com.br\/","target":"_blank"},"image_thumb_horizontal":"","image_thumb_vertical":"","image_carrosel":""},"aioseo_notices":[],"thumbnail_url":"https:\/\/www.smartfit.com.br\/news\/wp-content\/uploads\/2020\/10\/cancer-de-mama.jpg","_links":{"self":[{"href":"https:\/\/www.smartfit.com.br\/news\/wp-json\/wp\/v2\/posts\/12057","targetHints":{"allow":["GET"]}}],"collection":[{"href":"https:\/\/www.smartfit.com.br\/news\/wp-json\/wp\/v2\/posts"}],"about":[{"href":"https:\/\/www.smartfit.com.br\/news\/wp-json\/wp\/v2\/types\/post"}],"author":[{"embeddable":true,"href":"https:\/\/www.smartfit.com.br\/news\/wp-json\/wp\/v2\/users\/1"}],"replies":[{"embeddable":true,"href":"https:\/\/www.smartfit.com.br\/news\/wp-json\/wp\/v2\/comments?post=12057"}],"version-history":[{"count":17,"href":"https:\/\/www.smartfit.com.br\/news\/wp-json\/wp\/v2\/posts\/12057\/revisions"}],"predecessor-version":[{"id":44134,"href":"https:\/\/www.smartfit.com.br\/news\/wp-json\/wp\/v2\/posts\/12057\/revisions\/44134"}],"wp:featuredmedia":[{"embeddable":true,"href":"https:\/\/www.smartfit.com.br\/news\/wp-json\/wp\/v2\/media\/12146"}],"wp:attachment":[{"href":"https:\/\/www.smartfit.com.br\/news\/wp-json\/wp\/v2\/media?parent=12057"}],"wp:term":[{"taxonomy":"category","embeddable":true,"href":"https:\/\/www.smartfit.com.br\/news\/wp-json\/wp\/v2\/categories?post=12057"},{"taxonomy":"post_tag","embeddable":true,"href":"https:\/\/www.smartfit.com.br\/news\/wp-json\/wp\/v2\/tags?post=12057"}],"curies":[{"name":"wp","href":"https:\/\/api.w.org\/{rel}","templated":true}]}}