{"id":11144,"date":"2020-09-15T22:24:50","date_gmt":"2020-09-15T22:24:50","guid":{"rendered":"https:\/\/www.smartfit.com.br\/news\/?p=11144"},"modified":"2022-08-16T15:01:27","modified_gmt":"2022-08-16T18:01:27","slug":"alimentacao-e-depressao","status":"publish","type":"post","link":"https:\/\/www.smartfit.com.br\/news\/saude\/alimentacao-e-depressao\/","title":{"rendered":"Alimenta\u00e7\u00e3o e depress\u00e3o: o que pode reduzir os sintomas e o que evitar"},"content":{"rendered":"\n<a class=\"top_link\" href=\"https:\/\/nutri.smartfit.com.br\/?utm_campaign=11144&#038;utm_medium=top_link&#038;utm_source=news\" rel=\"noopener\" style=\"        text-align: center;        color: #009b34;        text-decoration: underline;    \" target=\"_blank\"><h6 style=\"        margin: 20px 0 20px;    \">Conhe\u00e7a o app de nutri\u00e7\u00e3o da Smart Fit    <\/h6><\/a>\n\n\n\n<p>Comer bem \u00e9 muito mais que manter a composi\u00e7\u00e3o corporal balanceada. <a href=\"https:\/\/www.ncbi.nlm.nih.gov\/pmc\/articles\/PMC7084175\/\" rel=\"noreferrer noopener\" target=\"_blank\">Pesquisas<\/a> j\u00e1 comprovaram a liga\u00e7\u00e3o entre <strong>alimenta\u00e7\u00e3o e depress\u00e3o<\/strong>: enquanto alguns alimentos, em especial, podem ajudar a prevenir &#8211; ou reduzir &#8211; os sintomas da <strong>depress\u00e3o<\/strong>, outros devem ser deixados de lado por potencializarem o problema. <\/p>\n\n\n\n<h2 class=\"wp-block-heading\">Alimenta\u00e7\u00e3o e depress\u00e3o <\/h2>\n\n\n\n<p>Um <a href=\"https:\/\/bmcmedicine.biomedcentral.com\/articles\/10.1186\/s12916-017-0791-y\">estudo<\/a> publicado na BMC Medicine, dos Estados Unidos, mostrou que os sintomas de pessoas com depress\u00e3o moderada a severa diminuiram ap\u00f3s 12 semanas de uma <a href=\"https:\/\/www.smartfit.com.br\/news\/nutricao\/como-comer-bem-com-cesta-basica\/\">alimenta\u00e7\u00e3o<\/a> mais saud\u00e1vel. De fato, a melhora foi tanta, que 32% dos participantes atingiram o crit\u00e9rio de remiss\u00e3o (momento em que a doen\u00e7a deixa de avan\u00e7ar ou de apresentar sinais).<\/p>\n\n\n\n    <div class=\"square_banner\" style=\"width:300px;margin: 20px auto;\">      <a href=\"https:\/\/nutri.smartfit.com.br\/?utm_campaign=11144&#038;utm_medium=square_banner_emagrecimento-4&#038;utm_source=news\" target=\"_blank\" rel=\"noopener\"><img decoding=\"async\" src=\"https:\/\/www.smartfit.com.br\/news\/wp-content\/uploads\/2020\/04\/emagrecimento-4.gif\">      <\/a>    <\/div>  \n\n\n\n<p>&#8220;O nosso c\u00e9rebro precisa de certas vitaminas para funcionar normalmente. Ao priv\u00e1-lo destes nutrientes por muito tempo \u00e9 prov\u00e1vel que um indiv\u00edduo comece a experimentar uma s\u00e9rie de problemas neurol\u00f3gicos e emocionais&#8221;, explica Taylan Santos, nutricionista, p\u00f3s-graduada em fisiologia humana, do <a href=\"https:\/\/nutri.smartfit.com.br\/?utm_campaign=11144&#038;utm_medium=link&#038;utm_source=news\" rel=\"noreferrer noopener\" target=\"_blank\">Smart Fit Nutri<\/a>. Esses nutrientes, de acordo com o especialista, s\u00e3o respons\u00e1veis por auxiliar na produ\u00e7\u00e3o de alguns neurotransmissores &#8211; que realizam a comunica\u00e7\u00e3o entre os neur\u00f4nios &#8211; como serotonina e dopanima, diretamente relacionados ao humor. <\/p>\n\n\n\n<h2 class=\"wp-block-heading\">Nutrientes que diminuem os sintomas de depress\u00e3o<\/h2>\n\n\n\n<p>De acordo com Eduardo\u00a0Perin, psiquiatra especialista em Terapia Cognitivo-Comportamental pelo Ambulat\u00f3rio de Ansiedade do Hospital das Cl\u00ednicas da Universidade de S\u00e3o Paulo (USP), a vitamina D \u00e9 um desses nutrientes que podem melhorar a sa\u00fade mental. &#8220;Existem estudos mostrando associa\u00e7\u00e3o entre defici\u00eancia de vitamina D, ansiedade e depress\u00e3o&#8221;, explica.<\/p>\n\n\n\n<p>&#8220;O \u00f4mega 3, \u00f4mega 6 e \u00f4mega 9, presentes em \u00f3leo de peixe, por sua vez, melhoram os transtornos de humor e previnem reca\u00eddas depressivas&#8221;, pontua o especialista. &#8220;O zinco e o sel\u00eanio tamb\u00e9m s\u00e3o importantes para a sa\u00fade mental e para o sistema imunol\u00f3gico, bem como as vitaminas do complexo B, principalmente a tiamina (vitamina B1) e a cianocobalamina (B12), que s\u00e3o importantes para o bom funcionamento do sistema nervoso central&#8221;, acrescenta. <\/p>\n\n\n\n<p>Da mesma forma, o folato, ou \u00e1cido f\u00f3lico, tamb\u00e9m age no sistema nervoso, al\u00e9m de ter a\u00e7\u00e3o anti-inflamat\u00f3ria. &#8220;A defici\u00eancia de folato causa uma s\u00e9rie de transtornos psiqui\u00e1tricos, como depress\u00e3o, ansiedade e dem\u00eancias&#8221;, acrescenta. <\/p>\n\n\n\n<h2 class=\"wp-block-heading\">Alimenta\u00e7\u00e3o e depress\u00e3o: o que comer<\/h2>\n\n\n\n<p>N\u00e3o sabe quais alimentos consumir para garantir esses nutrientes? N\u00e3o se preocupe! Taylan Santos listou algumas op\u00f5es que s\u00e3o ricas nos nutrientes para colocar na lista de compras e adicionar \u00e0 dieta. Confira!<\/p>\n\n\n\n<ul class=\"wp-block-list\"><li><mark><strong>Vitamina B6: <\/strong>carne vermelha, f\u00edgado, leite, iogurte, ovo e germe de trigo.<\/mark><\/li><li><strong>Vitamina D:<\/strong> peixes gorduroso (como salm\u00e3o, atum, sardinha e cavala) e gema de ovo, por exemplo. Lembre-se: para ativar a vitamina D \u00e9 importante expor ao menos 25% do corpo aos raios solares por 15 minutos todos os dias.<\/li><li><strong>Zinco:<\/strong> carne vermelha, frutos do mar, leite e derivados, amendoim, am\u00eandoas, pasta de amendoim caseira e leite de am\u00eandoas.<\/li><li><strong>\u00d4mega-3:<\/strong> peixes de \u00e1gua fria (como salm\u00e3o, arenque, cavala, sardinha e atum).<\/li><li><strong>\u00d4mega-6:<\/strong> \u00f3leos vegetais (como de soja, girassol e milho).<\/li><li><strong>Vitamina B9: <\/strong><span style=\"background-color: rgb(225, 190, 231);\">vegetais verdes-escuros, leguminosas (como feij\u00f5es, lentilhas e ervilhas), frutas e nozes.<\/span><\/li><li><strong>Vitamina B12: <\/strong>peixes, carnes, ovo, leite e derivados, kefir de leite e de \u00e1gua.<\/li><\/ul>\n\n\n\n<p><strong>Dica da nutri: <\/strong>na hora de escolher a pe\u00e7a de carne vermelha, prefira lagarto, cox\u00e3o duro, fil\u00e9 mignon, patinho e m\u00fasculo.<\/p>\n\n\n\n<p>Quando o assunto \u00e9 <strong>alimenta\u00e7\u00e3o e depress\u00e3o<\/strong>, Taylan ainda sugere op\u00e7\u00f5es ricas em magn\u00e9sio e triptofano.  Juntos, o magn\u00e9sio e o triptofano atuam na produ\u00e7\u00e3o de serotonina, neurotransmissor essencial para o controle do sono e humor. <\/p>\n\n\n\n<h3 class=\"wp-block-heading\">+ alimentos para apostar<\/h3>\n\n\n\n<p>Queijos, ovos, arroz integral, feij\u00e3o, carne vermelha, peixe, aves e cacau s\u00e3o alguns alimentos ricos em triptofano. Enquanto castanhas (como nozes e amendoim), aveia, banana, vegetais verde-escuros como couve e espinfre) e abacate s\u00e3o op\u00e7\u00f5es de alimentos fontes de magn\u00e9sio. <\/p>\n\n\n\n<h2 class=\"wp-block-heading\">Alimenta\u00e7\u00e3o e depress\u00e3o: o que evitar<\/h2>\n\n\n\n<p>Da mesma forma que alguns alimentos melhoram os sintomas da depress\u00e3o, outros podem agravar a doen\u00e7a. Por isso, evite:<\/p>\n\n\n\n<ul class=\"wp-block-list\"><li>Alimentos industrializados;\u00a0<\/li><li>Carboidratos refinados (como farinha de trigo, a\u00e7\u00facar branco e arroz branco); <\/li><li>Bebidas alco\u00f3licas;\u00a0<\/li><li>Caf\u00e9 e alimentos que cont\u00e9m cafe\u00edna (como ch\u00e1s verde, mate e preto, energ\u00e9ticos, refrigerantes \u00e0 base de cola e chocolate, por exemplo);\u00a0<\/li><li>Gorduras saturadas (alimentos de origem animal com muita gordura &#8211; como bacon e outros peda\u00e7os com gordura aparente &#8211; e industrializados &#8211; como salgadinhos e bolachas recheadas) e<\/li><li>Embutidos (como salsicha, lingui\u00e7a, presunto, entre outros).<\/li><\/ul>\n\n\n\n<h2 class=\"wp-block-heading\">Converse com algu\u00e9m<\/h2>\n\n\n\n<p>A depress\u00e3o \u00e9 uma doen\u00e7a que precisa de tratamento, por isso \u00e9 importante estar atento as sinais. Sensa\u00e7\u00e3o de tristeza, autodesvaloriza\u00e7\u00e3o, sentimento de culpa, falta de energia, cansa\u00e7o excessivo, mudan\u00e7a no apetite e falta de interesse sexual s\u00e3o alguns sintomas de depress\u00e3o, de acordo com o <a href=\"https:\/\/www.saude.gov.br\/saude-de-a-z\/depressao\" rel=\"noreferrer noopener\" target=\"_blank\">Minist\u00e9rio da Sa\u00fade<\/a>. <\/p>\n\n\n\n<p>Os alimentos listados acima podem ajudar na preven\u00e7\u00e3o e na redu\u00e7\u00e3o de sintomas da depress\u00e3o, mas n\u00e3o substituem, de maneira alguma, o acompanhamento m\u00e9dico. Por isso, precisando, <a href=\"https:\/\/www.cvv.org.br\/\" rel=\"noreferrer noopener\" target=\"_blank\">busque ajuda<\/a>! Voc\u00ea n\u00e3o est\u00e1 s\u00f3. <\/p>\n","protected":false},"excerpt":{"rendered":"<p>Saiba como escolhas alimentares podem melhorar ou agravar os sintomas da doen\u00e7a<\/p>\n","protected":false},"author":1,"featured_media":11280,"comment_status":"open","ping_status":"open","sticky":false,"template":"","format":"standard","meta":{"footnotes":""},"categories":[1246,1244],"tags":[1475,1297,748,923],"class_list":["post-11144","post","type-post","status-publish","format-standard","has-post-thumbnail","hentry","category-nutricao","category-saude","tag-alimentacao-saudavel","tag-depressao","tag-nutricao","tag-saude"],"acf":{"banner_imagem":25829,"banner_link":"https:\/\/nutri.smartfit.com.br\/?utm_campaign=11144&utm_medium=banner_25829&utm_source=news","banner_target":"_blank","cta":{"label":"QUERO UM PLANO ALIMENTAR PERSONALIZADO","link":"https:\/\/nutri.smartfit.com.br\/?utm_campaign=11144&utm_medium=cta_quero_um_plano_alimentar_personalizado&utm_source=news","target":"_blank"},"image_thumb_horizontal":"","image_thumb_vertical":"","image_carrosel":""},"aioseo_notices":[],"thumbnail_url":"https:\/\/www.smartfit.com.br\/news\/wp-content\/uploads\/2020\/09\/alimenta\u00e7\u00e3o-e-depress\u00e3o.jpg","_links":{"self":[{"href":"https:\/\/www.smartfit.com.br\/news\/wp-json\/wp\/v2\/posts\/11144","targetHints":{"allow":["GET"]}}],"collection":[{"href":"https:\/\/www.smartfit.com.br\/news\/wp-json\/wp\/v2\/posts"}],"about":[{"href":"https:\/\/www.smartfit.com.br\/news\/wp-json\/wp\/v2\/types\/post"}],"author":[{"embeddable":true,"href":"https:\/\/www.smartfit.com.br\/news\/wp-json\/wp\/v2\/users\/1"}],"replies":[{"embeddable":true,"href":"https:\/\/www.smartfit.com.br\/news\/wp-json\/wp\/v2\/comments?post=11144"}],"version-history":[{"count":52,"href":"https:\/\/www.smartfit.com.br\/news\/wp-json\/wp\/v2\/posts\/11144\/revisions"}],"predecessor-version":[{"id":26079,"href":"https:\/\/www.smartfit.com.br\/news\/wp-json\/wp\/v2\/posts\/11144\/revisions\/26079"}],"wp:featuredmedia":[{"embeddable":true,"href":"https:\/\/www.smartfit.com.br\/news\/wp-json\/wp\/v2\/media\/11280"}],"wp:attachment":[{"href":"https:\/\/www.smartfit.com.br\/news\/wp-json\/wp\/v2\/media?parent=11144"}],"wp:term":[{"taxonomy":"category","embeddable":true,"href":"https:\/\/www.smartfit.com.br\/news\/wp-json\/wp\/v2\/categories?post=11144"},{"taxonomy":"post_tag","embeddable":true,"href":"https:\/\/www.smartfit.com.br\/news\/wp-json\/wp\/v2\/tags?post=11144"}],"curies":[{"name":"wp","href":"https:\/\/api.w.org\/{rel}","templated":true}]}}